{"id":93,"date":"2017-06-11T09:30:54","date_gmt":"2017-06-11T09:30:54","guid":{"rendered":"http:\/\/www.av-rheinland.de\/?p=93"},"modified":"2017-06-11T09:40:21","modified_gmt":"2017-06-11T09:40:21","slug":"vortrag-11-5-2017-18-uhr-fraser-hunter-the-iron-age-carnyx","status":"publish","type":"post","link":"https:\/\/www.av-rheinland.de\/index.php\/2017\/06\/11\/vortrag-11-5-2017-18-uhr-fraser-hunter-the-iron-age-carnyx\/","title":{"rendered":"Vortrag: 11.5.2017, 18 Uhr, Fraser Hunter &#8211; The Iron Age Carnyx"},"content":{"rendered":"<p><em>Donnerstag, 11. Mai 2017, 18 Uhr c. t.\u00a0 <\/em><\/p>\n<p>Dr. Fraser Hunter (Edinburgh, National Museums Scotland)<\/p>\n<p>Vortragssaal des LVR-LandesMuseums Bonn, Colmantstr. 14-16<\/p>\n<p><strong>The Iron Age Carnyx. A Celtic Musical Journey from Bonn to India <\/strong><strong><br \/>\n<\/strong><br \/>\nRecent research has revealed that a nineteenth-century find from Abentheuer (Kr. Birkenfeld), now in the LVR-Landesmuseum Bonn, is a very rare fragment of a carnyx, an Iron Age animal-headed bronze horn. Carnyces were once widespread across Celtic Europe, and were feared by the Roman legions who faced them in battle, but only twenty fragments now survive. This talk will travel from Scotland to India to find out about this remarkable Iron Age instrument.<\/p>\n","protected":false},"excerpt":{"rendered":"<p>Donnerstag, 11. Mai 2017, 18 Uhr c. t.\u00a0 Dr. Fraser Hunter (Edinburgh, National Museums Scotland) Vortragssaal des LVR-LandesMuseums Bonn, Colmantstr. 14-16 The Iron Age Carnyx. A Celtic Musical Journey from Bonn to India Recent research has revealed that a nineteenth-century find from Abentheuer (Kr. Birkenfeld), now in the LVR-Landesmuseum Bonn, is a very rare fragment &hellip; <\/p>\n<p class=\"link-more\"><a href=\"https:\/\/www.av-rheinland.de\/index.php\/2017\/06\/11\/vortrag-11-5-2017-18-uhr-fraser-hunter-the-iron-age-carnyx\/\" class=\"more-link\"><span class=\"screen-reader-text\">\u201eVortrag: 11.5.2017, 18 Uhr, Fraser Hunter &#8211; The Iron Age Carnyx\u201c<\/span> weiterlesen<\/a><\/p>\n","protected":false},"author":1,"featured_media":0,"comment_status":"open","ping_status":"open","sticky":false,"template":"","format":"standard","meta":{"jetpack_post_was_ever_published":false,"_jetpack_newsletter_access":"","_jetpack_newsletter_tier_id":0,"jetpack_publicize_message":"","jetpack_is_tweetstorm":false,"jetpack_publicize_feature_enabled":true,"jetpack_social_post_already_shared":false,"jetpack_social_options":{"image_generator_settings":{"template":"highway","enabled":false}}},"categories":[3],"tags":[6],"jetpack_publicize_connections":[],"jetpack_featured_media_url":"","jetpack_sharing_enabled":true,"jetpack_shortlink":"https:\/\/wp.me\/p99Kwc-1v","jetpack_likes_enabled":true,"jetpack-related-posts":[{"id":950,"url":"https:\/\/www.av-rheinland.de\/index.php\/2023\/05\/08\/vortrag-11-05-2023-1800-uhr-michel-redde-die-gliederung-roemischer-legionslager-von-der-republik-zum-fruehen-prinzipat\/","url_meta":{"origin":93,"position":0},"title":"Vortrag 11.05.2023, 18:00 Uhr Michel Redd\u00e9, Die Gliederung r\u00f6mischer Legionslager. Von der Republik zum fr\u00fchen Prinzipat.","author":"altertumsverein","date":"Mai 8, 2023","format":false,"excerpt":"Donnerstag, den 11. Mai 2023, 18:15 Uhr LVR-LandesMuseum Colmantstra\u00dfe 18, 53115 Bonn Michel Redd\u00e9 (Emeritus der \u00c9cole pratique des hautes \u00e9tudes, Paris u. a.) Die Gliederung r\u00f6mischer Legionslager. Von der Republik zum fr\u00fchen Prinzipat. Neue Forschungen haben das Bild von den fr\u00fchen r\u00f6mischen Legionslagern und ihren Funktionen ver\u00e4ndert. Der Vortag\u2026","rel":"","context":"In &quot;Vortr\u00e4ge&quot;","block_context":{"text":"Vortr\u00e4ge","link":"https:\/\/www.av-rheinland.de\/index.php\/category\/vortrage\/"},"img":{"alt_text":"","src":"","width":0,"height":0},"classes":[]},{"id":1014,"url":"https:\/\/www.av-rheinland.de\/index.php\/2023\/09\/22\/vortrag-18-10-2023-1800-uhr-barbara-dimde-und-frank-willer-ins-visier-genommen\/","url_meta":{"origin":93,"position":1},"title":"Vortrag 18.10.2023, 18:15 Uhr Dr. Barbara Dimde und Frank Willer, Ins Visier genommen","author":"altertumsverein","date":"September 22, 2023","format":false,"excerpt":"Mittwoch, 18.10.2023, 18:15 Uhr LVR-Landesmuseum Bonn, Colmantstr. 14-16, 53115 Bonn Dr. Barbara Dimde und Frank Willer Ins Visier genommen Neue Forschungen zu einem Gladiatorenhelm der legio XV Primigenia Aus dem Gebiet des r\u00f6mischen Reiches sind nur wenige originale Gladiatorenwaffen oder Teile gladiatorischer Panzerung \u00fcberliefert. Die hier vorgestellte Krempe eines Gladiatorenhelmes\u2026","rel":"","context":"In &quot;Vortr\u00e4ge&quot;","block_context":{"text":"Vortr\u00e4ge","link":"https:\/\/www.av-rheinland.de\/index.php\/category\/vortrage\/"},"img":{"alt_text":"","src":"https:\/\/i0.wp.com\/www.av-rheinland.de\/wp-content\/uploads\/2023\/07\/image003-300x209.jpg?resize=350%2C200","width":350,"height":200},"classes":[]},{"id":1317,"url":"https:\/\/www.av-rheinland.de\/index.php\/2025\/07\/11\/vortrag-25-09-2025-1815-uhr-helena-huber-m-a-mark-aurel-kaiser-feldherr-und-philosoph-im-blick-der-trierer-landesausstellung-2025\/","url_meta":{"origin":93,"position":2},"title":"Vortrag 25.09.2025, 18:15 Uhr, Helena Huber M.A. &#8211; Mark Aurel  Kaiser, Feldherr und Philosoph im Blick der Trierer Landesausstellung 2025","author":"altertumsverein","date":"Juli 11, 2025","format":false,"excerpt":"Donnerstag, den 25. September 2025, 18:15 Uhr Vortragssaal im LVR-Landesmuseum Bonn, Colmantstra\u00dfe 14-16 Helena Huber M.A. (Rheinisches Landesmuseum Trier) Mark Aurel Kaiser, Feldherr und Philosoph im Blick der Trierer Landesausstellung 2025 Vom 15. Juni bis zum 23. November 2025 findet die rheinland-pf\u00e4lzische Landesausstellung \u201eMarc Aurel\u201c in Trier statt. In zwei\u2026","rel":"","context":"\u00c4hnlicher Beitrag","block_context":{"text":"\u00c4hnlicher Beitrag","link":""},"img":{"alt_text":"","src":"https:\/\/i0.wp.com\/www.av-rheinland.de\/wp-content\/uploads\/2025\/08\/1_Plakat_Landesausstellung_Marc_Aurel_2025.jpg?resize=350%2C200","width":350,"height":200},"classes":[]},{"id":1207,"url":"https:\/\/www.av-rheinland.de\/index.php\/2025\/01\/16\/vortrag-13-02-2025-1815-uhr-prof-toso-prof-rageot-dr-rosenstock-vom-boden-ins-labor\/","url_meta":{"origin":93,"position":3},"title":"&#8211; WIRD KRANKHEITSBEDINGT VERSCHOBEN &#8211; Vortrag 13.02.2025, 18:15 Uhr, Dr. Eva Rosenstock &#8211; Vom Boden ins Labor. Bioarch\u00e4ologie im Rheinland als Schl\u00fcssel zur Vergangenheit","author":"altertumsverein","date":"Januar 16, 2025","format":false,"excerpt":"Krankheitsbedingt muss der Vortrag um eine Woche auf Donnerstag, den 20. Februar 2025 , 18:15 Uhr verschoben werden. Bitte beachten Sie den Veranstaltungsort. Donnerstag, den 13. Februar 2025, 18:15 Uhr Vortragssaal des LVR-LandesMuseums Bonn, Colmantstra\u00dfe 14\u201316 Dr. Eva Rosenstock (Universit\u00e4t Bonn, Bonn Center for ArchaeoSciences) Vom Boden ins Labor Bioarch\u00e4ologie\u2026","rel":"","context":"In &quot;Vortr\u00e4ge&quot;","block_context":{"text":"Vortr\u00e4ge","link":"https:\/\/www.av-rheinland.de\/index.php\/category\/vortrage\/"},"img":{"alt_text":"","src":"https:\/\/i0.wp.com\/www.av-rheinland.de\/wp-content\/uploads\/2025\/02\/Picture1.png?resize=350%2C200","width":350,"height":200},"classes":[]},{"id":1375,"url":"https:\/\/www.av-rheinland.de\/index.php\/2026\/01\/27\/vortrag-26-02-2026-1815-uhr-julia-ruecker-lisa-meffire-frank-willer-neue-erkenntnisse-zur-bronzezeit\/","url_meta":{"origin":93,"position":4},"title":"Vortrag 26.02.2026, 18:15 Uhr, Julia R\u00fccker, Lisa Meffire, Frank Willer &#8211; Neue Erkenntnisse zur Bronzezeit","author":"altertumsverein","date":"Januar 27, 2026","format":false,"excerpt":"Donnerstag, den 26. Februar 2026, 18:15 Uhr Vortragssaal des LVR-LandesMuseums Bonn Julia R\u00fccker, Lisa Meffire und Frank Willer Neue Erkenntnisse zur Bronzezeit \u2013 Der Lanzenspitzenhort von Voerde Spellen, Kr. Wesel Im Jahr 2019 wurde dem LVR-Amt f\u00fcr Bodendenkmalpflege im Rheinland ein au\u00dfergew\u00f6hnlicher sp\u00e4tbronzezeitlicher Hortfund (900 bis 800 v. Chr.) gemeldet.\u2026","rel":"","context":"\u00c4hnlicher Beitrag","block_context":{"text":"\u00c4hnlicher Beitrag","link":""},"img":{"alt_text":"","src":"","width":0,"height":0},"classes":[]},{"id":1020,"url":"https:\/\/www.av-rheinland.de\/index.php\/2023\/08\/11\/vortrag-21-09-2023-1815-uhr-dr-elke-nieveler-kriegereliten-im-rheinland\/","url_meta":{"origin":93,"position":5},"title":"Vortrag 21.09.2023, 18:15 Uhr Dr. Elke Nieveler, Kriegereliten im Rheinland","author":"altertumsverein","date":"August 11, 2023","format":false,"excerpt":"Donnerstag, 21.09.2023, 18:15 Uhr LVR-Landesmuseum Bonn, Colmantstra\u00dfe 14\u201316 Dr. Elke Nieveler\u00a0 Kriegereliten im Rheinland Nach der Konsolidierungsphase des Fr\u00e4nkischen Reiches war die zweite H\u00e4lfte des sechsten Jahrhunderts durch Machtk\u00e4mpfe im Inneren und weitere Expansionsbestrebungen nach au\u00dfen gekennzeichnet. In den arch\u00e4ologischen Quellen wird dies besonders gut fassbar an Grabbeigaben, die die\u2026","rel":"","context":"In &quot;Vortr\u00e4ge&quot;","block_context":{"text":"Vortr\u00e4ge","link":"https:\/\/www.av-rheinland.de\/index.php\/category\/vortrage\/"},"img":{"alt_text":"","src":"https:\/\/i0.wp.com\/www.av-rheinland.de\/wp-content\/uploads\/2023\/08\/Panzer-Rekonstruktion4-300x225.jpg?resize=350%2C200","width":350,"height":200},"classes":[]}],"_links":{"self":[{"href":"https:\/\/www.av-rheinland.de\/index.php\/wp-json\/wp\/v2\/posts\/93"}],"collection":[{"href":"https:\/\/www.av-rheinland.de\/index.php\/wp-json\/wp\/v2\/posts"}],"about":[{"href":"https:\/\/www.av-rheinland.de\/index.php\/wp-json\/wp\/v2\/types\/post"}],"author":[{"embeddable":true,"href":"https:\/\/www.av-rheinland.de\/index.php\/wp-json\/wp\/v2\/users\/1"}],"replies":[{"embeddable":true,"href":"https:\/\/www.av-rheinland.de\/index.php\/wp-json\/wp\/v2\/comments?post=93"}],"version-history":[{"count":1,"href":"https:\/\/www.av-rheinland.de\/index.php\/wp-json\/wp\/v2\/posts\/93\/revisions"}],"predecessor-version":[{"id":94,"href":"https:\/\/www.av-rheinland.de\/index.php\/wp-json\/wp\/v2\/posts\/93\/revisions\/94"}],"wp:attachment":[{"href":"https:\/\/www.av-rheinland.de\/index.php\/wp-json\/wp\/v2\/media?parent=93"}],"wp:term":[{"taxonomy":"category","embeddable":true,"href":"https:\/\/www.av-rheinland.de\/index.php\/wp-json\/wp\/v2\/categories?post=93"},{"taxonomy":"post_tag","embeddable":true,"href":"https:\/\/www.av-rheinland.de\/index.php\/wp-json\/wp\/v2\/tags?post=93"}],"curies":[{"name":"wp","href":"https:\/\/api.w.org\/{rel}","templated":true}]}}