{"id":915,"date":"2023-02-03T08:00:34","date_gmt":"2023-02-03T08:00:34","guid":{"rendered":"https:\/\/www.av-rheinland.de\/?p=915"},"modified":"2023-01-25T10:34:26","modified_gmt":"2023-01-25T10:34:26","slug":"vortrag-23-02-2023-1800-uhr-dominik-maschek-die-belagerung-von-fregellae","status":"publish","type":"post","link":"https:\/\/www.av-rheinland.de\/index.php\/2023\/02\/03\/vortrag-23-02-2023-1800-uhr-dominik-maschek-die-belagerung-von-fregellae\/","title":{"rendered":"Vortrag 23.02.2023, 18:00 Uhr Dominik Maschek, Die Belagerung von Fregellae"},"content":{"rendered":"<p><strong>Donnerstag, den 23. Februar 2023, 18:00 Uhr c. t.<br \/>\n<\/strong><\/p>\n<p>Klassische Arch\u00e4ologie und Akademisches Kunstmuseum, R\u00f6merstra\u00dfe 164, 53117 Bonn<\/p>\n<p><em><strong>Dominik Maschek (Mainz\/Trier)<\/strong><\/em><\/p>\n<p style=\"font-weight: 400;\"><strong>Die Belagerung von Fregellae<\/strong><\/p>\n<p style=\"font-weight: 400;\">Neue Forschungen zu einem antiken Schlachtfeld im Umfeld von Ceprano und Arce (Latium)<\/p>\n<p><img decoding=\"async\" class=\"details-image\" draggable=\"false\" src=\"https:\/\/i0.wp.com\/www.av-rheinland.de\/wp-content\/uploads\/2023\/01\/Fregellae_Bonn_2023.jpg?resize=525%2C387\" alt=\"\" data-recalc-dims=\"1\" \/>Zerst\u00f6rtes Geh\u00f6ft im n\u00f6rdlichen Umland von Fregellae, Grabung 2022. Foto Dominik Maschek.<\/p>\n<p>Im Jahr 125 v. Chr. griff ein r\u00f6misches Heer unter der F\u00fchrung des Pr\u00e4tors Lucius Opimius die latinische Stadt Fregellae im Liri-Tal in Latium an. Nach einer kurzen Belagerung wurde die Stadt noch im selben Jahr eingenommen und vollst\u00e4ndig zerst\u00f6rt, was eine Reihe von Krisen ausl\u00f6ste, die schlie\u00dflich in den Bundesgenossenkrieg von 91 v. Chr. m\u00fcndeten. Seit mehreren Jahren setzt es sich das internationale multidisziplin\u00e4re Projekt \u203aA Landscape of Conflict\u2039 zum Ziel, diese Ereignisse auf der Grundlage arch\u00e4ologischer Landschaftsuntersuchungen und Ausgrabungen zu rekonstruieren. Die im Vortrag pr\u00e4sentierten Ergebnisse dieser Forschungen erm\u00f6glichen es erstmals, eine Geschichte der Belagerung von Fregellae und anderer historischer Konflikte von der Antike bis zum Zweiten Weltkrieg zu schreiben.<\/p>\n","protected":false},"excerpt":{"rendered":"<p>Donnerstag, den 23. Februar 2023, 18:00 Uhr c. t. Klassische Arch\u00e4ologie und Akademisches Kunstmuseum, R\u00f6merstra\u00dfe 164, 53117 Bonn Dominik Maschek (Mainz\/Trier) Die Belagerung von Fregellae Neue Forschungen zu einem antiken Schlachtfeld im Umfeld von Ceprano und Arce (Latium) Zerst\u00f6rtes Geh\u00f6ft im n\u00f6rdlichen Umland von Fregellae, Grabung 2022. Foto Dominik Maschek. Im Jahr 125 v. Chr. &hellip; <\/p>\n<p class=\"link-more\"><a href=\"https:\/\/www.av-rheinland.de\/index.php\/2023\/02\/03\/vortrag-23-02-2023-1800-uhr-dominik-maschek-die-belagerung-von-fregellae\/\" class=\"more-link\"><span class=\"screen-reader-text\">\u201eVortrag 23.02.2023, 18:00 Uhr Dominik Maschek, Die Belagerung von Fregellae\u201c<\/span> weiterlesen<\/a><\/p>\n","protected":false},"author":1,"featured_media":912,"comment_status":"open","ping_status":"open","sticky":false,"template":"","format":"standard","meta":{"jetpack_post_was_ever_published":false,"_jetpack_newsletter_access":"","_jetpack_newsletter_tier_id":0,"jetpack_publicize_message":"","jetpack_is_tweetstorm":false,"jetpack_publicize_feature_enabled":true,"jetpack_social_post_already_shared":true,"jetpack_social_options":{"image_generator_settings":{"template":"highway","enabled":false}}},"categories":[3],"tags":[],"jetpack_publicize_connections":[],"jetpack_featured_media_url":"https:\/\/i0.wp.com\/www.av-rheinland.de\/wp-content\/uploads\/2023\/01\/Fregellae_Bonn_2023-scaled.jpg?fit=2560%2C1887&ssl=1","jetpack_sharing_enabled":true,"jetpack_shortlink":"https:\/\/wp.me\/p99Kwc-eL","jetpack_likes_enabled":true,"jetpack-related-posts":[{"id":1117,"url":"https:\/\/www.av-rheinland.de\/index.php\/2024\/03\/14\/vortrag-11-04-2024-1815-uhr-prof-dr-oliver-stoll-terror-mord-und-versklavung-eine-typisch-roemische-belagerung\/","url_meta":{"origin":915,"position":0},"title":"Vortrag 11.04.2024, 18:15 Uhr, Prof. Dr. Oliver Stoll, Terror, Mord und Versklavung &#8211; eine typisch r\u00f6mische Belagerung?","author":"altertumsverein","date":"M\u00e4rz 14, 2024","format":false,"excerpt":"Donnerstag, den 11. April 2024, 18:15 Uhr H\u00f6rsaal der Klassischen Arch\u00e4ologie, AVZ III, R\u00f6merstra\u00dfe 164, Bonn Prof. Dr. Oliver Stoll (Universit\u00e4t Passau) Terror, Mord und Versklavung - eine typisch r\u00f6mische Belagerung? Die Eroberung der nordgalil\u00e4ischen Siedlung Jotapata 67 n. Chr. bei Flavius Josephus Im Bellum ludaicum bietet Flavius Josephus eine\u2026","rel":"","context":"In &quot;Vortr\u00e4ge&quot;","block_context":{"text":"Vortr\u00e4ge","link":"https:\/\/www.av-rheinland.de\/index.php\/category\/vortrage\/"},"img":{"alt_text":"","src":"https:\/\/i0.wp.com\/www.av-rheinland.de\/wp-content\/uploads\/2024\/02\/Jotapata-300x217.jpg?resize=350%2C200","width":350,"height":200},"classes":[]},{"id":1198,"url":"https:\/\/www.av-rheinland.de\/index.php\/2024\/12\/12\/vortrag-16-01-2025-1815-uhr-prof-dr-hartmut-matthaeus-prinias-ein-urbanes-zentrum-des-fruehen-ersten-jahrtausends-v-chr-auf-der-insel-kreta\/","url_meta":{"origin":915,"position":1},"title":"Vortrag 16.01.2025, 18:15 Uhr, Prof. Dr. Hartmut Matth\u00e4us &#8211; Prinias: ein urbanes Zentrum des fr\u00fchen ersten Jahrtausends v. Chr. auf der Insel Kreta","author":"altertumsverein","date":"Dezember 12, 2024","format":false,"excerpt":"Donnerstag, den 16. Januar 2025, 18:15 Uhr H\u00f6rsaal der Klassischen Arch\u00e4ologie, AVZ III, R\u00f6merstra\u00dfe 164, Bonn Prof. Dr. Hartmut Matth\u00e4us (Universit\u00e4t Erlangen) Prinias: ein urbanes Zentrum des fr\u00fchen ersten Jahrtausends v. Chr. auf der Insel Kreta Stadtanlage, Nekropole, transmaritime Beziehungen w\u00e4hrend der ,Dark Ages\u02bb Prinias liegt an strategisch g\u00fcnstiger Position\u2026","rel":"","context":"In &quot;Vortr\u00e4ge&quot;","block_context":{"text":"Vortr\u00e4ge","link":"https:\/\/www.av-rheinland.de\/index.php\/category\/vortrage\/"},"img":{"alt_text":"","src":"https:\/\/i0.wp.com\/www.av-rheinland.de\/wp-content\/uploads\/2024\/12\/IMG_4685-300x200.jpg?resize=350%2C200","width":350,"height":200},"classes":[]},{"id":988,"url":"https:\/\/www.av-rheinland.de\/index.php\/2023\/06\/19\/vortrag-13-07-2023-1815-uhr-dr-paul-scheding-der-unrasierte-gott\/","url_meta":{"origin":915,"position":2},"title":"Vortrag 13.07.2023, 18:15 Uhr Dr. Paul Scheding, Der unrasierte Gott","author":"altertumsverein","date":"Juni 19, 2023","format":false,"excerpt":"Donnerstag 13. Juli 2023, 18:15 h KIassische Arch\u00e4ologie und Akademisches Kunstmuseum, R\u00f6merstra\u00dfe 164, 53117 Bonn \u00a0Dr. Paul Scheding (M\u00fcnchen)\u00a0 Der unrasierte Gott Ausgrabungen im sogenannten Heiligtum des Iuppiter Anxur in Terracina Die Stadt Terracina liegt an der K\u00fcste Mittelitaliens ungef\u00e4hr auf halber Strecke zwischen Rom und Neapel. Sie ist aus\u2026","rel":"","context":"In &quot;Vortr\u00e4ge&quot;","block_context":{"text":"Vortr\u00e4ge","link":"https:\/\/www.av-rheinland.de\/index.php\/category\/vortrage\/"},"img":{"alt_text":"","src":"https:\/\/i0.wp.com\/www.av-rheinland.de\/wp-content\/uploads\/2023\/06\/Heiligtum_Iupiter_Anxur-300x196.jpg?resize=350%2C200","width":350,"height":200},"classes":[]},{"id":197,"url":"https:\/\/www.av-rheinland.de\/index.php\/2017\/10\/27\/vortrag-9-11-2017-18-uhr-prof-oldenstein-mainz-kastell-alzey\/","url_meta":{"origin":915,"position":3},"title":"Vortrag: 9.11.2017, 18 Uhr &#8211; Prof. Oldenstein (Mainz), Kastell Alzey","author":"altertumsverein","date":"Oktober 27, 2017","format":false,"excerpt":"Donnerstag, 9. November 2017, 18 Uhr c.t. Prof. Oldenstein (Mainz) Ort: H\u00f6rsaal des Akademischen Kunstmuseums Bonn, Am Hofgarten 21 Kastell Alzey Das Kastell von Alzey wurde um 370 n. Chr. unter Kaiser Valentinian I. unweit der gleichnamigen Siedlung errichtet, als man die r\u00f6mische Grenze im Nordwesten neu formierte. Im selben\u2026","rel":"","context":"In &quot;Vortr\u00e4ge&quot;","block_context":{"text":"Vortr\u00e4ge","link":"https:\/\/www.av-rheinland.de\/index.php\/category\/vortrage\/"},"img":{"alt_text":"","src":"","width":0,"height":0},"classes":[]},{"id":754,"url":"https:\/\/www.av-rheinland.de\/index.php\/2022\/11\/11\/vortrag-19-05-2022-1800-uhr-thomas-stoellner-tod-im-salz-2\/","url_meta":{"origin":915,"position":4},"title":"Vortrag 24.11.2022, 18:00 Uhr Thomas St\u00f6llner, Tod im Salz","author":"altertumsverein","date":"November 11, 2022","format":false,"excerpt":"Donnerstag, 24. November 2022, 18:00 Uhr (urspr\u00fcnglich angek\u00fcndigt f\u00fcr 19. Mai 2022) Klassische Arch\u00e4ologie und Akademisches Kunstmuseums, R\u00f6merstra\u00dfe 164, 53117 Bonn Prof. Dr. Thomas St\u00f6llner (Ruhr-Universit\u00e4t Bochum und Deutsches Bergbau-Museum Bochum) Tod im Salz Einblicke in eine antike Bergbaukatastrophe und in die Wirtschaftsgeschichte des antiken Persien Im Winter 1993 wurden\u2026","rel":"","context":"In &quot;Vortr\u00e4ge&quot;","block_context":{"text":"Vortr\u00e4ge","link":"https:\/\/www.av-rheinland.de\/index.php\/category\/vortrage\/"},"img":{"alt_text":"","src":"","width":0,"height":0},"classes":[]},{"id":1271,"url":"https:\/\/www.av-rheinland.de\/index.php\/2025\/04\/24\/vortrag-15-05-2025-1815-uhr-pd-dr-chiara-blasetti-fantauzzi-die-sakrale-topographie-von-erice\/","url_meta":{"origin":915,"position":5},"title":"Vortrag 15.05.2025, 18:15 Uhr, PD Dr. Chiara Blasetti Fantauzzi &#8211; Die sakrale Topographie von Erice","author":"altertumsverein","date":"April 24, 2025","format":false,"excerpt":"Donnerstag, den 15. Mai 2025, 18:15 Uhr H\u00f6rsaal der Klassischen Arch\u00e4ologie, AVZ III, R\u00f6merstra\u00dfe 164, Bonn PD Dr. Chiara Blasetti Fantauzzi (Freie Universit\u00e4t Berlin) Die sakrale Topographie von Erice Neue Untersuchungen in den Heiligt\u00fcmern der Aphrodite und Demeter Die antike Stadt Eryx (heute Erice) in Westsizilien ist insbesondere f\u00fcr ihr\u2026","rel":"","context":"In &quot;Vortr\u00e4ge&quot;","block_context":{"text":"Vortr\u00e4ge","link":"https:\/\/www.av-rheinland.de\/index.php\/category\/vortrage\/"},"img":{"alt_text":"","src":"","width":0,"height":0},"classes":[]}],"_links":{"self":[{"href":"https:\/\/www.av-rheinland.de\/index.php\/wp-json\/wp\/v2\/posts\/915"}],"collection":[{"href":"https:\/\/www.av-rheinland.de\/index.php\/wp-json\/wp\/v2\/posts"}],"about":[{"href":"https:\/\/www.av-rheinland.de\/index.php\/wp-json\/wp\/v2\/types\/post"}],"author":[{"embeddable":true,"href":"https:\/\/www.av-rheinland.de\/index.php\/wp-json\/wp\/v2\/users\/1"}],"replies":[{"embeddable":true,"href":"https:\/\/www.av-rheinland.de\/index.php\/wp-json\/wp\/v2\/comments?post=915"}],"version-history":[{"count":1,"href":"https:\/\/www.av-rheinland.de\/index.php\/wp-json\/wp\/v2\/posts\/915\/revisions"}],"predecessor-version":[{"id":916,"href":"https:\/\/www.av-rheinland.de\/index.php\/wp-json\/wp\/v2\/posts\/915\/revisions\/916"}],"wp:featuredmedia":[{"embeddable":true,"href":"https:\/\/www.av-rheinland.de\/index.php\/wp-json\/wp\/v2\/media\/912"}],"wp:attachment":[{"href":"https:\/\/www.av-rheinland.de\/index.php\/wp-json\/wp\/v2\/media?parent=915"}],"wp:term":[{"taxonomy":"category","embeddable":true,"href":"https:\/\/www.av-rheinland.de\/index.php\/wp-json\/wp\/v2\/categories?post=915"},{"taxonomy":"post_tag","embeddable":true,"href":"https:\/\/www.av-rheinland.de\/index.php\/wp-json\/wp\/v2\/tags?post=915"}],"curies":[{"name":"wp","href":"https:\/\/api.w.org\/{rel}","templated":true}]}}