{"id":91,"date":"2017-06-11T09:29:10","date_gmt":"2017-06-11T09:29:10","guid":{"rendered":"http:\/\/www.av-rheinland.de\/?p=91"},"modified":"2017-06-11T09:40:31","modified_gmt":"2017-06-11T09:40:31","slug":"vortrag-27-4-2017-18-uhr-martin-guggisberg-kontakt-austausch-abwehr","status":"publish","type":"post","link":"https:\/\/www.av-rheinland.de\/index.php\/2017\/06\/11\/vortrag-27-4-2017-18-uhr-martin-guggisberg-kontakt-austausch-abwehr\/","title":{"rendered":"Vortrag: 27.4.2017, 18 Uhr Martin Guggisberg &#8211; Kontakt, Austausch, Abwehr"},"content":{"rendered":"<p>Donnerstag, 27. April 2017, 18 Uhr c.t.<\/p>\n<p>Martin Guggisberg (Universit\u00e4t Basel)<\/p>\n<p>H\u00f6rsaal des Akademischen Kunstmuseums Bonn, Am Hofgarten 21<\/p>\n<p><strong> Kontakt,\u00a0Austausch, Abwehr: Einheimische und Griechen im Spiegel der eisenzeitlichen\u00a0Nekropole von Francavilla Marittima bei Sybaris, Kalabrien<br \/>\n<\/strong><br \/>\nDie am\u00a0Golf von Tarent gelegene eisenzeitliche Siedlung von Francavilla Marittima\u00a0spielt als Etappenort und Anlaufstelle von Seefahrern, H\u00e4ndlern und Siedlern\u00a0seit dem Beginn des 1. Jahrtausends v. Chr.\u00a0eine wichtige Rolle im Rahmen der\u00a0griechischen und ph\u00f6nizischen Expansion in den westlichen Mittelmeerraum.\u00a0Anhand des reichen Fundmaterials aus der Siedlung, einem Heiligtum auf der\u00a0Akropolis und\u00a0der Nekropole l\u00e4sst sich der Prozess der kulturellen Interaktion\u00a0zwischen der einheimischen Bev\u00f6lkerung und den Migranten aus der \u00f6stlichen\u00a0Mittelmeerwelt exemplarisch beleuchten, der mit der Gr\u00fcndung\u00a0der benachbarten\u00a0Kolonie Sybaris um 720 v. Chr. eine j\u00e4he Z\u00e4sur erfuhr. Ausgrabungen der\u00a0Universit\u00e4t Basel in der Nekropole zeugen von der Vielfalt der individuellen\u00a0Reaktion auf die Begegnung mit dem\u00a0Fremden, die von traditionsbetonter\u00a0Resistenz bis zur zukunftgerichteten Aneignung neuer kultureller Lebensformen\u00a0reicht.<\/p>\n","protected":false},"excerpt":{"rendered":"<p>Donnerstag, 27. April 2017, 18 Uhr c.t. Martin Guggisberg (Universit\u00e4t Basel) H\u00f6rsaal des Akademischen Kunstmuseums Bonn, Am Hofgarten 21 Kontakt,\u00a0Austausch, Abwehr: Einheimische und Griechen im Spiegel der eisenzeitlichen\u00a0Nekropole von Francavilla Marittima bei Sybaris, Kalabrien Die am\u00a0Golf von Tarent gelegene eisenzeitliche Siedlung von Francavilla Marittima\u00a0spielt als Etappenort und Anlaufstelle von Seefahrern, H\u00e4ndlern und Siedlern\u00a0seit dem Beginn &hellip; <\/p>\n<p class=\"link-more\"><a href=\"https:\/\/www.av-rheinland.de\/index.php\/2017\/06\/11\/vortrag-27-4-2017-18-uhr-martin-guggisberg-kontakt-austausch-abwehr\/\" class=\"more-link\"><span class=\"screen-reader-text\">\u201eVortrag: 27.4.2017, 18 Uhr Martin Guggisberg &#8211; Kontakt, Austausch, Abwehr\u201c<\/span> weiterlesen<\/a><\/p>\n","protected":false},"author":1,"featured_media":0,"comment_status":"open","ping_status":"open","sticky":false,"template":"","format":"standard","meta":{"jetpack_post_was_ever_published":false,"_jetpack_newsletter_access":"","_jetpack_newsletter_tier_id":0,"jetpack_publicize_message":"","jetpack_is_tweetstorm":false,"jetpack_publicize_feature_enabled":true,"jetpack_social_post_already_shared":false,"jetpack_social_options":{"image_generator_settings":{"template":"highway","enabled":false}}},"categories":[3],"tags":[6],"jetpack_publicize_connections":[],"jetpack_featured_media_url":"","jetpack_sharing_enabled":true,"jetpack_shortlink":"https:\/\/wp.me\/p99Kwc-1t","jetpack_likes_enabled":true,"jetpack-related-posts":[{"id":1156,"url":"https:\/\/www.av-rheinland.de\/index.php\/2024\/05\/16\/vortrag-13-06-2024-1815-uhr-dr-petra-tutlies-die-mitteleisenzeitliche-siedlung-bei-weilerswist\/","url_meta":{"origin":91,"position":0},"title":"Vortrag 13.06.2024, 18:15 Uhr, Dr. Petra Tutlies &#8211; Die mitteleisenzeitliche Siedlung bei Weilerswist","author":"altertumsverein","date":"Mai 16, 2024","format":false,"excerpt":"Bitte beachten Sie den Veranstaltungsort. Donnerstag, den 13. Juni 2024, 18:15 Uhr LVR-Landesmuseum Bonn, Colmantstra\u00dfe 14\u201316 Dr. Petra Tutlies (Amt f\u00fcr Bodendenkmalpflege im Rheinland) Die mitteleisenzeitliche Siedlung bei Weilerswist Eine Art Raiffeisen-Zentrale? Die Siedlungslandschaft der mittleren vorr\u00f6mischen Eisenzeit schien im n\u00f6rdlichen Rheinland bislang recht uniform: Stets geht es um mehrteilige\u2026","rel":"","context":"In &quot;Vortr\u00e4ge&quot;","block_context":{"text":"Vortr\u00e4ge","link":"https:\/\/www.av-rheinland.de\/index.php\/category\/vortrage\/"},"img":{"alt_text":"","src":"https:\/\/i0.wp.com\/www.av-rheinland.de\/wp-content\/uploads\/2024\/05\/NW_2011_0005_0046_0009_002-300x225.jpg?resize=350%2C200","width":350,"height":200},"classes":[]},{"id":1198,"url":"https:\/\/www.av-rheinland.de\/index.php\/2024\/12\/12\/vortrag-16-01-2025-1815-uhr-prof-dr-hartmut-matthaeus-prinias-ein-urbanes-zentrum-des-fruehen-ersten-jahrtausends-v-chr-auf-der-insel-kreta\/","url_meta":{"origin":91,"position":1},"title":"Vortrag 16.01.2025, 18:15 Uhr, Prof. Dr. Hartmut Matth\u00e4us &#8211; Prinias: ein urbanes Zentrum des fr\u00fchen ersten Jahrtausends v. Chr. auf der Insel Kreta","author":"altertumsverein","date":"Dezember 12, 2024","format":false,"excerpt":"Donnerstag, den 16. Januar 2025, 18:15 Uhr H\u00f6rsaal der Klassischen Arch\u00e4ologie, AVZ III, R\u00f6merstra\u00dfe 164, Bonn Prof. Dr. Hartmut Matth\u00e4us (Universit\u00e4t Erlangen) Prinias: ein urbanes Zentrum des fr\u00fchen ersten Jahrtausends v. Chr. auf der Insel Kreta Stadtanlage, Nekropole, transmaritime Beziehungen w\u00e4hrend der ,Dark Ages\u02bb Prinias liegt an strategisch g\u00fcnstiger Position\u2026","rel":"","context":"In &quot;Vortr\u00e4ge&quot;","block_context":{"text":"Vortr\u00e4ge","link":"https:\/\/www.av-rheinland.de\/index.php\/category\/vortrage\/"},"img":{"alt_text":"","src":"https:\/\/i0.wp.com\/www.av-rheinland.de\/wp-content\/uploads\/2024\/12\/IMG_4685-300x200.jpg?resize=350%2C200","width":350,"height":200},"classes":[]},{"id":1375,"url":"https:\/\/www.av-rheinland.de\/index.php\/2026\/01\/27\/vortrag-26-02-2026-1815-uhr-julia-ruecker-lisa-meffire-frank-willer-neue-erkenntnisse-zur-bronzezeit\/","url_meta":{"origin":91,"position":2},"title":"Vortrag 26.02.2026, 18:15 Uhr, Julia R\u00fccker, Lisa Meffire, Frank Willer &#8211; Neue Erkenntnisse zur Bronzezeit","author":"altertumsverein","date":"Januar 27, 2026","format":false,"excerpt":"Donnerstag, den 26. Februar 2026, 18:15 Uhr Vortragssaal des LVR-LandesMuseums Bonn Julia R\u00fccker, Lisa Meffire und Frank Willer Neue Erkenntnisse zur Bronzezeit \u2013 Der Lanzenspitzenhort von Voerde Spellen, Kr. Wesel Im Jahr 2019 wurde dem LVR-Amt f\u00fcr Bodendenkmalpflege im Rheinland ein au\u00dfergew\u00f6hnlicher sp\u00e4tbronzezeitlicher Hortfund (900 bis 800 v. Chr.) gemeldet.\u2026","rel":"","context":"\u00c4hnlicher Beitrag","block_context":{"text":"\u00c4hnlicher Beitrag","link":""},"img":{"alt_text":"","src":"","width":0,"height":0},"classes":[]},{"id":1184,"url":"https:\/\/www.av-rheinland.de\/index.php\/2024\/11\/14\/vortrag-12-12-2024-1815-uhr-dr-philipp-von-rummel-eliten-und-das-ende-des-imperium-romanum\/","url_meta":{"origin":91,"position":3},"title":"Vortrag 12.12.2024, 18:15 Uhr, Dr. Philipp von Rummel &#8211; Neue Forschungen in Simitthus (Chimtou, Tunesien)","author":"altertumsverein","date":"November 14, 2024","format":false,"excerpt":"Donnerstag, den 12. Dezember 2024, 18:15 Uhr H\u00f6rsaal der Klassischen Arch\u00e4ologie, AVZ III, R\u00f6merstra\u00dfe 164, Bonn Dr. Philipp von Rummel (DAI Berlin) Neue Forschungen in Simitthus (Chimtou, Tunesien) Seit 1964 ist das Deutsche Arch\u00e4ologische Institut in Kooperation mit dem tunesischen Denkmalamt in der antiken Stadt Simitthus (Chimtou) aktiv. Die Arbeiten\u2026","rel":"","context":"In &quot;Vortr\u00e4ge&quot;","block_context":{"text":"Vortr\u00e4ge","link":"https:\/\/www.av-rheinland.de\/index.php\/category\/vortrage\/"},"img":{"alt_text":"","src":"https:\/\/i0.wp.com\/www.av-rheinland.de\/wp-content\/uploads\/2024\/11\/Chimtou_IMG_5137-300x225.jpg?resize=350%2C200","width":350,"height":200},"classes":[]},{"id":902,"url":"https:\/\/www.av-rheinland.de\/index.php\/2022\/12\/08\/vortrag-19-01-2023-1815-uhr-stefan-pircher-xanten-graeber-und-strasse\/","url_meta":{"origin":91,"position":4},"title":"Vortrag 19.01.2023, 18:15 Uhr Stefan Pircher, Xanten \u2013 Gr\u00e4ber und Stra\u00dfe","author":"altertumsverein","date":"Dezember 8, 2022","format":false,"excerpt":"Donnerstag, den 19. Januar 2023, 18:15 Uhr KIassische Arch\u00e4ologie und Akademisches Kunstmuseum, R\u00f6merstra\u00dfe 164, 53117 Bonn Dr. des. Stefan Pircher, M\u00fchldorf im M\u00f6lltal (K\u00e4rnten) und K\u00f6ln Xanten \u2013 Gr\u00e4ber und Stra\u00dfe Bestattungen des ersten Jahrhunderts im sp\u00e4teren Stadtgebiet Kaiser Trajan erhob um das Jahr 98 nach Christus eine junge r\u00f6mische\u2026","rel":"","context":"In &quot;Vortr\u00e4ge&quot;","block_context":{"text":"Vortr\u00e4ge","link":"https:\/\/www.av-rheinland.de\/index.php\/category\/vortrage\/"},"img":{"alt_text":"","src":"https:\/\/i0.wp.com\/www.av-rheinland.de\/wp-content\/uploads\/2022\/11\/Roemisches-Brandgrab.jpg?fit=1200%2C791&ssl=1&resize=350%2C200","width":350,"height":200,"srcset":"https:\/\/i0.wp.com\/www.av-rheinland.de\/wp-content\/uploads\/2022\/11\/Roemisches-Brandgrab.jpg?fit=1200%2C791&ssl=1&resize=350%2C200 1x, https:\/\/i0.wp.com\/www.av-rheinland.de\/wp-content\/uploads\/2022\/11\/Roemisches-Brandgrab.jpg?fit=1200%2C791&ssl=1&resize=525%2C300 1.5x, https:\/\/i0.wp.com\/www.av-rheinland.de\/wp-content\/uploads\/2022\/11\/Roemisches-Brandgrab.jpg?fit=1200%2C791&ssl=1&resize=700%2C400 2x, https:\/\/i0.wp.com\/www.av-rheinland.de\/wp-content\/uploads\/2022\/11\/Roemisches-Brandgrab.jpg?fit=1200%2C791&ssl=1&resize=1050%2C600 3x"},"classes":[]},{"id":656,"url":"https:\/\/www.av-rheinland.de\/index.php\/2021\/07\/15\/vortrag-2-9-2021-1815-uhr-jan-schuster-kein-prunk-ohne-rom\/","url_meta":{"origin":91,"position":5},"title":"Vortrag 2.9.2021, 18:15 Uhr Jan Schuster, Kein Prunk ohne Rom","author":"altertumsverein","date":"Juli 15, 2021","format":false,"excerpt":"Donnerstag 2. September 2021, 18:15 Uhr Ort: LVR-LandesMuseum Bonn, Colmantstra\u00dfe 14-16, 53115 Bonn \u00a0Dr. Jan Schuster (Universit\u00e4t \u0141\u00f3d\u017a) Kein Prunk ohne Rom Die abh\u00e4ngigen germanischen Eliten in der R\u00f6mischen Kaiserzeit Das Bild der Forschung von den Spitzen der sozialen Hierarchie in der Germania magna ist stark von der Auseinandersetzung der\u2026","rel":"","context":"In &quot;Vortr\u00e4ge&quot;","block_context":{"text":"Vortr\u00e4ge","link":"https:\/\/www.av-rheinland.de\/index.php\/category\/vortrage\/"},"img":{"alt_text":"Alle bekannten r\u00f6mischen Kessel, auf denen Germanen mit Suebenknoten dargestellt sind, wurden au\u00dferhalb des R\u00f6mischen Reiches gefunden und waren vermutlich meist als Geschenk dorthin gekommen. Hier die Attasche des St\u00fcckes von Czarn\u00f3wko (Polen), Grab R430, aus der zweiten H\u00e4lfte des zweiten Jahrhunderts. Foto: Jan Schuster.","src":"https:\/\/i0.wp.com\/www.av-rheinland.de\/wp-content\/uploads\/2021\/07\/IMG_3983-scaled.jpg?fit=1200%2C800&ssl=1&resize=350%2C200","width":350,"height":200,"srcset":"https:\/\/i0.wp.com\/www.av-rheinland.de\/wp-content\/uploads\/2021\/07\/IMG_3983-scaled.jpg?fit=1200%2C800&ssl=1&resize=350%2C200 1x, https:\/\/i0.wp.com\/www.av-rheinland.de\/wp-content\/uploads\/2021\/07\/IMG_3983-scaled.jpg?fit=1200%2C800&ssl=1&resize=525%2C300 1.5x, https:\/\/i0.wp.com\/www.av-rheinland.de\/wp-content\/uploads\/2021\/07\/IMG_3983-scaled.jpg?fit=1200%2C800&ssl=1&resize=700%2C400 2x, https:\/\/i0.wp.com\/www.av-rheinland.de\/wp-content\/uploads\/2021\/07\/IMG_3983-scaled.jpg?fit=1200%2C800&ssl=1&resize=1050%2C600 3x"},"classes":[]}],"_links":{"self":[{"href":"https:\/\/www.av-rheinland.de\/index.php\/wp-json\/wp\/v2\/posts\/91"}],"collection":[{"href":"https:\/\/www.av-rheinland.de\/index.php\/wp-json\/wp\/v2\/posts"}],"about":[{"href":"https:\/\/www.av-rheinland.de\/index.php\/wp-json\/wp\/v2\/types\/post"}],"author":[{"embeddable":true,"href":"https:\/\/www.av-rheinland.de\/index.php\/wp-json\/wp\/v2\/users\/1"}],"replies":[{"embeddable":true,"href":"https:\/\/www.av-rheinland.de\/index.php\/wp-json\/wp\/v2\/comments?post=91"}],"version-history":[{"count":1,"href":"https:\/\/www.av-rheinland.de\/index.php\/wp-json\/wp\/v2\/posts\/91\/revisions"}],"predecessor-version":[{"id":92,"href":"https:\/\/www.av-rheinland.de\/index.php\/wp-json\/wp\/v2\/posts\/91\/revisions\/92"}],"wp:attachment":[{"href":"https:\/\/www.av-rheinland.de\/index.php\/wp-json\/wp\/v2\/media?parent=91"}],"wp:term":[{"taxonomy":"category","embeddable":true,"href":"https:\/\/www.av-rheinland.de\/index.php\/wp-json\/wp\/v2\/categories?post=91"},{"taxonomy":"post_tag","embeddable":true,"href":"https:\/\/www.av-rheinland.de\/index.php\/wp-json\/wp\/v2\/tags?post=91"}],"curies":[{"name":"wp","href":"https:\/\/api.w.org\/{rel}","templated":true}]}}