{"id":87,"date":"2017-06-11T09:25:55","date_gmt":"2017-06-11T09:25:55","guid":{"rendered":"http:\/\/www.av-rheinland.de\/?p=87"},"modified":"2017-06-11T09:40:52","modified_gmt":"2017-06-11T09:40:52","slug":"vortrag-26-1-2017-18-uhr-svend-hansen-neue-forschungen-im-kaukasus","status":"publish","type":"post","link":"https:\/\/www.av-rheinland.de\/index.php\/2017\/06\/11\/vortrag-26-1-2017-18-uhr-svend-hansen-neue-forschungen-im-kaukasus\/","title":{"rendered":"Vortrag: 26.1.2017, 18 Uhr Svend Hansen, Neue Forschungen im Kaukasus"},"content":{"rendered":"<p>Donnerstag, 26. Januar 2017, 18 Uhr c.t.<br \/>\nProf. Dr. Svend Hansen (Berlin)<\/p>\n<p>H\u00f6rsaal des Akademischen Kunstmuseums Bonn, Am Hofgarten 21<\/p>\n<p><strong> Neue Forschungen im Kaukasus vom Neolithikum bis in die Bronzezeit<\/strong><\/p>\n<p>Der Kaukasus ist ein europ\u00e4ischer Faszinationsort. Er ist Grenze ebenso wie verbindende Br\u00fccke zwischen Europa und Asien. Er ragt \u00fcber 5600 Meter auf, sein biologischer Artenreichtum, die Vielfalt an Sprachen und V\u00f6lkern und der Reichtum an Bodensch\u00e4tzen sind legend\u00e4r. Die Griechen erz\u00e4hlten, dass Iason und die Argonauten hier das goldene Vlies erbeutet hatten. Am Kaukasus war auch Prometheus angekettet, als Strafe weil er Zeus \u00fcberlistet hatte. Im Vortrag werden vor allem neuere arch\u00e4ologische Forschungen vorgestellt, die die Zeit von den ersten sesshaften Bauern bis zu den bronzezeitlichen Kulturen beleuchten. Dabei wird die Bedeutung der Kaukasusregion f\u00fcr die Kulturentwicklung Europas und Westasiens skizziert.<\/p>\n","protected":false},"excerpt":{"rendered":"<p>Donnerstag, 26. Januar 2017, 18 Uhr c.t. Prof. Dr. Svend Hansen (Berlin) H\u00f6rsaal des Akademischen Kunstmuseums Bonn, Am Hofgarten 21 Neue Forschungen im Kaukasus vom Neolithikum bis in die Bronzezeit Der Kaukasus ist ein europ\u00e4ischer Faszinationsort. Er ist Grenze ebenso wie verbindende Br\u00fccke zwischen Europa und Asien. Er ragt \u00fcber 5600 Meter auf, sein biologischer &hellip; <\/p>\n<p class=\"link-more\"><a href=\"https:\/\/www.av-rheinland.de\/index.php\/2017\/06\/11\/vortrag-26-1-2017-18-uhr-svend-hansen-neue-forschungen-im-kaukasus\/\" class=\"more-link\"><span class=\"screen-reader-text\">\u201eVortrag: 26.1.2017, 18 Uhr Svend Hansen, Neue Forschungen im Kaukasus\u201c<\/span> weiterlesen<\/a><\/p>\n","protected":false},"author":1,"featured_media":0,"comment_status":"open","ping_status":"open","sticky":false,"template":"","format":"standard","meta":{"jetpack_post_was_ever_published":false,"_jetpack_newsletter_access":"","_jetpack_newsletter_tier_id":0,"jetpack_publicize_message":"","jetpack_is_tweetstorm":false,"jetpack_publicize_feature_enabled":true,"jetpack_social_post_already_shared":false,"jetpack_social_options":{"image_generator_settings":{"template":"highway","enabled":false}}},"categories":[3],"tags":[6],"jetpack_publicize_connections":[],"jetpack_featured_media_url":"","jetpack_sharing_enabled":true,"jetpack_shortlink":"https:\/\/wp.me\/p99Kwc-1p","jetpack_likes_enabled":true,"jetpack-related-posts":[{"id":517,"url":"https:\/\/www.av-rheinland.de\/index.php\/2019\/09\/20\/vortrag-17-10-2019-1815-uhr-prof-dr-roald-docter-thorikos-und-das-silber\/","url_meta":{"origin":87,"position":0},"title":"Vortrag 17.10.2019, 18:15 Uhr: Prof. Dr. Roald Docter &#8211; Thorikos und das Silber","author":"altertumsverein","date":"September 20, 2019","format":false,"excerpt":"Donnerstag 17. Oktober 2019, 18:15 Uhr Prof. Dr. Roald Docter (Universit\u00e4t Gent) Thorikos und das Silber Neue Forschungen in einer Bergbaustadt im S\u00fcden Attikas H\u00f6rsaal des Akademischen Kunstmuseums Bonn, Am Hofgarten 21, 53113 Bonn Thorikos wird seit 1961 von belgischen Arch\u00e4ologen erforscht und hat bereits wichtige Ergebnisse f\u00fcr die Perioden\u2026","rel":"","context":"In &quot;Vortr\u00e4ge&quot;","block_context":{"text":"Vortr\u00e4ge","link":"https:\/\/www.av-rheinland.de\/index.php\/category\/vortrage\/"},"img":{"alt_text":"","src":"","width":0,"height":0},"classes":[]},{"id":1375,"url":"https:\/\/www.av-rheinland.de\/index.php\/2026\/01\/27\/vortrag-26-02-2026-1815-uhr-julia-ruecker-lisa-meffire-frank-willer-neue-erkenntnisse-zur-bronzezeit\/","url_meta":{"origin":87,"position":1},"title":"Vortrag 26.02.2026, 18:15 Uhr, Julia R\u00fccker, Lisa Meffire, Frank Willer &#8211; Neue Erkenntnisse zur Bronzezeit","author":"altertumsverein","date":"Januar 27, 2026","format":false,"excerpt":"Donnerstag, den 26. Februar 2026, 18:15 Uhr Vortragssaal des LVR-LandesMuseums Bonn Julia R\u00fccker, Lisa Meffire und Frank Willer Neue Erkenntnisse zur Bronzezeit \u2013 Der Lanzenspitzenhort von Voerde Spellen, Kr. Wesel Im Jahr 2019 wurde dem LVR-Amt f\u00fcr Bodendenkmalpflege im Rheinland ein au\u00dfergew\u00f6hnlicher sp\u00e4tbronzezeitlicher Hortfund (900 bis 800 v. Chr.) gemeldet.\u2026","rel":"","context":"\u00c4hnlicher Beitrag","block_context":{"text":"\u00c4hnlicher Beitrag","link":""},"img":{"alt_text":"","src":"","width":0,"height":0},"classes":[]},{"id":1340,"url":"https:\/\/www.av-rheinland.de\/index.php\/2025\/12\/09\/vortrag-12-12-2025-1815-uhr-prof-dr-diamantis-panagiotopoulos-der-minoische-stiersprung\/","url_meta":{"origin":87,"position":2},"title":"Vortrag 12.12.2025, 18:15 Uhr, Prof. Dr. Diamantis Panagiotopoulos &#8211; Der minoische Stiersprung","author":"altertumsverein","date":"Dezember 9, 2025","format":false,"excerpt":"Donnerstag, den 12. Dezember 2025, 18:15 Uhr H\u00f6rsaal der Klassischen Arch\u00e4ologie, AVZ III, R\u00f6merstra\u00dfe 164, Bonn Prof. Dr. Diamantis Panagiotopoulos (Universit\u00e4t Heidelberg) Der minoische Stiersprung Anatomie eines\u00a0fr\u00fch\u00e4g\u00e4ischen Rituals Innerhalb der faszinierenden Bilderwelt aus der Bl\u00fctezeit der minoischen Kultur sticht ein Motiv so deutlich hervor, dass es geradezu zum visuellen Emblem\u2026","rel":"","context":"\u00c4hnlicher Beitrag","block_context":{"text":"\u00c4hnlicher Beitrag","link":""},"img":{"alt_text":"","src":"","width":0,"height":0},"classes":[]},{"id":826,"url":"https:\/\/www.av-rheinland.de\/index.php\/2022\/10\/06\/vortrag-20-10-2022-1800-uhr-prof-juergen-richter-unser-weg-nach-europa\/","url_meta":{"origin":87,"position":3},"title":"Vortrag 20.10.2022, 18:00 Uhr Prof. J\u00fcrgen Richter, Unser Weg nach Europa","author":"altertumsverein","date":"Oktober 6, 2022","format":false,"excerpt":"Donnerstag, 20. Oktober 2022, 18:00 Uhr Klassische Arch\u00e4ologie und Akademisches Kunstmuseum, R\u00f6merstra\u00dfe 164, 53117 Bonn Prof. J\u00fcrgen Richter (Universit\u00e4t K\u00f6ln) Unser Weg nach Europa Warum unsere Vorfahren aus Afrika kamen Dass wir Menschen urspr\u00fcnglich aus Afrika kommen, ist nach \u00fcber zwanzig Jahren Forschung mehr und mehr zur wissenschaftlichen Tatsache geworden.\u2026","rel":"","context":"In &quot;Vortr\u00e4ge&quot;","block_context":{"text":"Vortr\u00e4ge","link":"https:\/\/www.av-rheinland.de\/index.php\/category\/vortrage\/"},"img":{"alt_text":"","src":"https:\/\/i0.wp.com\/www.av-rheinland.de\/wp-content\/uploads\/2022\/10\/Jordanien_Uni-Koeln.png?fit=752%2C1200&ssl=1&resize=350%2C200","width":350,"height":200,"srcset":"https:\/\/i0.wp.com\/www.av-rheinland.de\/wp-content\/uploads\/2022\/10\/Jordanien_Uni-Koeln.png?fit=752%2C1200&ssl=1&resize=350%2C200 1x, https:\/\/i0.wp.com\/www.av-rheinland.de\/wp-content\/uploads\/2022\/10\/Jordanien_Uni-Koeln.png?fit=752%2C1200&ssl=1&resize=525%2C300 1.5x, https:\/\/i0.wp.com\/www.av-rheinland.de\/wp-content\/uploads\/2022\/10\/Jordanien_Uni-Koeln.png?fit=752%2C1200&ssl=1&resize=700%2C400 2x"},"classes":[]},{"id":133,"url":"https:\/\/www.av-rheinland.de\/index.php\/2017\/09\/07\/vortrag-28-9-2017-18-uhr-dr-manuela-mirschenz-bonn-der-rhein-als-europaische-verkehrsachse\/","url_meta":{"origin":87,"position":4},"title":"Vortrag: 28.9.2017, 18 Uhr &#8211; Dr. Manuela Mirschenz (Bonn), Der Rhein als europ\u00e4ische Verkehrsachse","author":"altertumsverein","date":"September 7, 2017","format":false,"excerpt":"Donnerstag, 28. September 2017, 18 Uhr c.t. Ort: H\u00f6rsaal des Akademischen Kunstmuseums Bonn, Am Hofgarten 21 Dr. Manuela Mirschenz (Bonn) Der Rhein als europ\u00e4ische Verkehrsachse Antike und mittelalterliche Flussh\u00e4fen gab es vielerorts, aber sie sind nur selten nachgewiesen. Das Verbundprojekt \"Der Rhein als europ\u00e4ische Verkehrsachse\" im DFG-Schwerpunktprogramm \"H\u00e4fen von der\u2026","rel":"","context":"In &quot;Vortr\u00e4ge&quot;","block_context":{"text":"Vortr\u00e4ge","link":"https:\/\/www.av-rheinland.de\/index.php\/category\/vortrage\/"},"img":{"alt_text":"","src":"","width":0,"height":0},"classes":[]},{"id":694,"url":"https:\/\/www.av-rheinland.de\/index.php\/2021\/11\/17\/vortrag-18-11-201-1815-uhr-detlef-jantzen-blutige-krieger-vor-3300-jahren\/","url_meta":{"origin":87,"position":5},"title":"Vortrag 18.11.201 18:15 Uhr: Detlef Jantzen, Blutige Krieger vor 3300 Jahren?","author":"altertumsverein","date":"November 17, 2021","format":false,"excerpt":"Donnerstag 18. November 2021, 18:15 Uhr Dr. Detlef Jantzen, Landesamt f\u00fcr Kultur und Denkmalpflege\u00a0Mecklenburg-Vorpommern, Schwerin Ort: Fach Klassische Arch\u00e4ologie und Akademisches Kunstmuseum, R\u00f6merstra\u00dfe 164, 53117 Bonn (neuer vor\u00fcbergehender Dienstsitz) Blutige Krieger vor 3.300 Jahren? Der bronzezeitliche Gewaltkonflikt im Tollensetal, Mecklenburg-Vorpommern Im Tal des Fl\u00fc\u00dfchens Tollense (Mecklenburg-Vorpommern) wurden die \u00dcberreste von\u2026","rel":"","context":"In &quot;Vortr\u00e4ge&quot;","block_context":{"text":"Vortr\u00e4ge","link":"https:\/\/www.av-rheinland.de\/index.php\/category\/vortrage\/"},"img":{"alt_text":"","src":"https:\/\/i0.wp.com\/www.av-rheinland.de\/wp-content\/uploads\/2021\/11\/DSC_1279-1-1024x683.jpg?resize=350%2C200","width":350,"height":200,"srcset":"https:\/\/i0.wp.com\/www.av-rheinland.de\/wp-content\/uploads\/2021\/11\/DSC_1279-1-1024x683.jpg?resize=350%2C200 1x, https:\/\/i0.wp.com\/www.av-rheinland.de\/wp-content\/uploads\/2021\/11\/DSC_1279-1-1024x683.jpg?resize=525%2C300 1.5x"},"classes":[]}],"_links":{"self":[{"href":"https:\/\/www.av-rheinland.de\/index.php\/wp-json\/wp\/v2\/posts\/87"}],"collection":[{"href":"https:\/\/www.av-rheinland.de\/index.php\/wp-json\/wp\/v2\/posts"}],"about":[{"href":"https:\/\/www.av-rheinland.de\/index.php\/wp-json\/wp\/v2\/types\/post"}],"author":[{"embeddable":true,"href":"https:\/\/www.av-rheinland.de\/index.php\/wp-json\/wp\/v2\/users\/1"}],"replies":[{"embeddable":true,"href":"https:\/\/www.av-rheinland.de\/index.php\/wp-json\/wp\/v2\/comments?post=87"}],"version-history":[{"count":1,"href":"https:\/\/www.av-rheinland.de\/index.php\/wp-json\/wp\/v2\/posts\/87\/revisions"}],"predecessor-version":[{"id":88,"href":"https:\/\/www.av-rheinland.de\/index.php\/wp-json\/wp\/v2\/posts\/87\/revisions\/88"}],"wp:attachment":[{"href":"https:\/\/www.av-rheinland.de\/index.php\/wp-json\/wp\/v2\/media?parent=87"}],"wp:term":[{"taxonomy":"category","embeddable":true,"href":"https:\/\/www.av-rheinland.de\/index.php\/wp-json\/wp\/v2\/categories?post=87"},{"taxonomy":"post_tag","embeddable":true,"href":"https:\/\/www.av-rheinland.de\/index.php\/wp-json\/wp\/v2\/tags?post=87"}],"curies":[{"name":"wp","href":"https:\/\/api.w.org\/{rel}","templated":true}]}}