{"id":85,"date":"2017-06-11T09:24:48","date_gmt":"2017-06-11T09:24:48","guid":{"rendered":"http:\/\/www.av-rheinland.de\/?p=85"},"modified":"2017-06-11T09:26:46","modified_gmt":"2017-06-11T09:26:46","slug":"vortrag-8-12-2016-18-uhr-andreas-schmidt-colinet-palmyra-geht-uns-alle-an","status":"publish","type":"post","link":"https:\/\/www.av-rheinland.de\/index.php\/2017\/06\/11\/vortrag-8-12-2016-18-uhr-andreas-schmidt-colinet-palmyra-geht-uns-alle-an\/","title":{"rendered":"Vortrag: 8.12.2016, 18 Uhr Andreas Schmidt-Colinet, Palmyra geht uns alle an"},"content":{"rendered":"<p><em><span class=\"auto-style6\">Donnerstag, 8. Dezember 2016, 18 Uhr c.t. (Winckelmann-Vortrag)<\/span><br class=\"auto-style6\" \/> <\/em><span class=\"auto-style6\">Prof. Dr. Andreas Schmidt-Colinet (Wien)<\/span><br class=\"auto-style6\" \/> <span class=\"auto-style6\">H\u00f6rsaal des Akademischen Kunstmuseums Bonn, Am Hofgarten 21<\/span><\/p>\n<p class=\"auto-style6\"><strong>Palmyra geht uns alle an. Die Zerst\u00f6rung unseres kulturellen Ged\u00e4chtnisses.<\/strong><\/p>\n<p class=\"auto-style10\">Syrien besitzt eines der weltweit bedeutendsten Kulturarchive, das von den fr\u00fchen Hochkulturen Mesopotamiens \u00fcber die bl\u00fchenden St\u00e4dte der R\u00f6merzeit bis zu den Kreuzfahrern und den islamischen Dynastien reicht. Die Zerst\u00f6rung antiker Denkm\u00e4ler in Palmyra und die brutale Ermordung des Antikendirektors dieser Stadt haben weltweit Entsetzen ausgel\u00f6st. Der Vortrag stellt Denkm\u00e4ler Syriens, insbesondere Palmyras exemplarisch vor und zeigt anhand von aktuellen Bildern und Zahlen die katastrophalen Folgen des Krieges sowohl f\u00fcr die Menschen, als auch was die systematische Pl\u00fcnderung und unwiederbringliche Zerst\u00f6rung unseres kulturellen Ged\u00e4chtnisses betrifft.<\/p>\n","protected":false},"excerpt":{"rendered":"<p>Donnerstag, 8. Dezember 2016, 18 Uhr c.t. (Winckelmann-Vortrag) Prof. Dr. Andreas Schmidt-Colinet (Wien) H\u00f6rsaal des Akademischen Kunstmuseums Bonn, Am Hofgarten 21 Palmyra geht uns alle an. Die Zerst\u00f6rung unseres kulturellen Ged\u00e4chtnisses. Syrien besitzt eines der weltweit bedeutendsten Kulturarchive, das von den fr\u00fchen Hochkulturen Mesopotamiens \u00fcber die bl\u00fchenden St\u00e4dte der R\u00f6merzeit bis zu den Kreuzfahrern und &hellip; <\/p>\n<p class=\"link-more\"><a href=\"https:\/\/www.av-rheinland.de\/index.php\/2017\/06\/11\/vortrag-8-12-2016-18-uhr-andreas-schmidt-colinet-palmyra-geht-uns-alle-an\/\" class=\"more-link\"><span class=\"screen-reader-text\">\u201eVortrag: 8.12.2016, 18 Uhr Andreas Schmidt-Colinet, Palmyra geht uns alle an\u201c<\/span> weiterlesen<\/a><\/p>\n","protected":false},"author":1,"featured_media":0,"comment_status":"open","ping_status":"open","sticky":false,"template":"","format":"standard","meta":{"jetpack_post_was_ever_published":false,"_jetpack_newsletter_access":"","_jetpack_newsletter_tier_id":0,"jetpack_publicize_message":"","jetpack_is_tweetstorm":false,"jetpack_publicize_feature_enabled":true,"jetpack_social_post_already_shared":false,"jetpack_social_options":{"image_generator_settings":{"template":"highway","enabled":false}}},"categories":[3],"tags":[],"jetpack_publicize_connections":[],"jetpack_featured_media_url":"","jetpack_sharing_enabled":true,"jetpack_shortlink":"https:\/\/wp.me\/p99Kwc-1n","jetpack_likes_enabled":true,"jetpack-related-posts":[{"id":521,"url":"https:\/\/www.av-rheinland.de\/index.php\/2019\/11\/15\/vortrag-12-12-2019-1815-uhr-prof-dr-eric-moormann-heilige-bilder-botschaft-oder-dekoration\/","url_meta":{"origin":85,"position":0},"title":"Vortrag 12.12.2019, 18:15 Uhr Prof. Dr. Eric Moormann: Heilige Bilder: Botschaft oder Dekoration?","author":"altertumsverein","date":"November 15, 2019","format":false,"excerpt":"Donnerstag 12. Dezember 2019, 18:15 Uhr, Winckelmannsvortrag Prof. Dr. Eric Moormann (Universit\u00e4t Nimwegen) Heilige Bilder: Botschaft oder Dekoration? Die Wandmalerei der Synagoge von Dura Europos in Syrien H\u00f6rsaal des Akademischen Kunstmuseums Bonn, Am Hofgarten 21, 53113 Bonn Auf der Grundlage einer Zusammenstellung der gemalten Dekorationen antiker Heiligt\u00fcmer sollen die vieldiskutierten\u2026","rel":"","context":"In &quot;Vortr\u00e4ge&quot;","block_context":{"text":"Vortr\u00e4ge","link":"https:\/\/www.av-rheinland.de\/index.php\/category\/vortrage\/"},"img":{"alt_text":"","src":"","width":0,"height":0},"classes":[]},{"id":503,"url":"https:\/\/www.av-rheinland.de\/index.php\/2019\/09\/17\/vortrag-19-9-2019-1815-uhr-dr-michael-mueller-karpe-vom-handel-mit-antiken-zweifelhafter-herkunft\/","url_meta":{"origin":85,"position":1},"title":"Vortrag 19.9.2019, 18:15 Uhr: Dr. Michael M\u00fcller-Karpe &#8211; Vom Handel mit Antiken zweifelhafter Herkunft","author":"altertumsverein","date":"September 17, 2019","format":false,"excerpt":"Donnerstag 19. September 2019, 18:15 Uhr Dr. Michael M\u00fcller-Karpe (R\u00f6misch-Germanisches Zentralmuseum Mainz) Vom Handel mit Antiken zweifelhafter Herkunft Die Zerst\u00f6rung einer Erkenntnisquelle H\u00f6rsaal des Akademischen Kunstmuseums Bonn, Am Hofgarten 21, 53113 Bonn Arch\u00e4ologen und Kriminalisten nutzen \u00e4hnliche Methoden, um aus erhaltenen Spuren Erkenntnisse \u00fcber Ereignisse der Vergangenheit zu gewinnen. Sie\u2026","rel":"","context":"In &quot;Vortr\u00e4ge&quot;","block_context":{"text":"Vortr\u00e4ge","link":"https:\/\/www.av-rheinland.de\/index.php\/category\/vortrage\/"},"img":{"alt_text":"","src":"https:\/\/i0.wp.com\/www.av-rheinland.de\/wp-content\/uploads\/2019\/07\/Zabalam5-1024x667.jpg?resize=350%2C200","width":350,"height":200,"srcset":"https:\/\/i0.wp.com\/www.av-rheinland.de\/wp-content\/uploads\/2019\/07\/Zabalam5-1024x667.jpg?resize=350%2C200 1x, https:\/\/i0.wp.com\/www.av-rheinland.de\/wp-content\/uploads\/2019\/07\/Zabalam5-1024x667.jpg?resize=525%2C300 1.5x"},"classes":[]},{"id":1184,"url":"https:\/\/www.av-rheinland.de\/index.php\/2024\/11\/14\/vortrag-12-12-2024-1815-uhr-dr-philipp-von-rummel-eliten-und-das-ende-des-imperium-romanum\/","url_meta":{"origin":85,"position":2},"title":"Vortrag 12.12.2024, 18:15 Uhr, Dr. Philipp von Rummel &#8211; Neue Forschungen in Simitthus (Chimtou, Tunesien)","author":"altertumsverein","date":"November 14, 2024","format":false,"excerpt":"Donnerstag, den 12. Dezember 2024, 18:15 Uhr H\u00f6rsaal der Klassischen Arch\u00e4ologie, AVZ III, R\u00f6merstra\u00dfe 164, Bonn Dr. Philipp von Rummel (DAI Berlin) Neue Forschungen in Simitthus (Chimtou, Tunesien) Seit 1964 ist das Deutsche Arch\u00e4ologische Institut in Kooperation mit dem tunesischen Denkmalamt in der antiken Stadt Simitthus (Chimtou) aktiv. Die Arbeiten\u2026","rel":"","context":"In &quot;Vortr\u00e4ge&quot;","block_context":{"text":"Vortr\u00e4ge","link":"https:\/\/www.av-rheinland.de\/index.php\/category\/vortrage\/"},"img":{"alt_text":"","src":"https:\/\/i0.wp.com\/www.av-rheinland.de\/wp-content\/uploads\/2024\/11\/Chimtou_IMG_5137-300x225.jpg?resize=350%2C200","width":350,"height":200},"classes":[]},{"id":498,"url":"https:\/\/www.av-rheinland.de\/index.php\/2019\/06\/28\/vortrag-18-7-2019-1815-uhr-dr-dirk-schmitz-eine-roemische-bibliothek-und-andere-ueberraschungen-ausgrabungen-im-antoniterquartier-in-koeln\/","url_meta":{"origin":85,"position":3},"title":"Vortrag 18.7.2019, 18:15 Uhr: Dr. Dirk Schmitz &#8211; Eine r\u00f6mische Bibliothek und andere \u00dcberraschungen. Ausgrabungen im Antoniterquartier in K\u00f6ln","author":"altertumsverein","date":"Juni 28, 2019","format":false,"excerpt":"Donnerstag 18. Juli 2019, 18:15 Uhr Dr. Dirk Schmitz, (R\u00f6misch-Germanisches Museum, K\u00f6ln) Eine r\u00f6mische Bibliothek und andere \u00dcberraschungen. Ausgrabungen im Antoniterquartier in K\u00f6ln H\u00f6rsaal des Akademischen Kunstmuseums Bonn, Am Hofgarten 21, 53113 Bonn Zwischen April und November 2017 f\u00fchrte die Arch\u00e4ologische Bodendenkmalpflege der Stadt K\u00f6ln bauvorgreifende Ausgrabungen s\u00fcdlich der Antoniterkirche\u2026","rel":"","context":"In &quot;Vortr\u00e4ge&quot;","block_context":{"text":"Vortr\u00e4ge","link":"https:\/\/www.av-rheinland.de\/index.php\/category\/vortrage\/"},"img":{"alt_text":"","src":"https:\/\/i0.wp.com\/www.av-rheinland.de\/wp-content\/uploads\/2019\/06\/IMG_4892_Ulrich-Karas-R\u00c3\u00b6misch-Germanisches-Museum-der-Stadt-K\u00c3\u00b6ln-1024x683.jpg?resize=350%2C200","width":350,"height":200,"srcset":"https:\/\/i0.wp.com\/www.av-rheinland.de\/wp-content\/uploads\/2019\/06\/IMG_4892_Ulrich-Karas-R\u00c3\u00b6misch-Germanisches-Museum-der-Stadt-K\u00c3\u00b6ln-1024x683.jpg?resize=350%2C200 1x, https:\/\/i0.wp.com\/www.av-rheinland.de\/wp-content\/uploads\/2019\/06\/IMG_4892_Ulrich-Karas-R\u00c3\u00b6misch-Germanisches-Museum-der-Stadt-K\u00c3\u00b6ln-1024x683.jpg?resize=525%2C300 1.5x"},"classes":[]},{"id":519,"url":"https:\/\/www.av-rheinland.de\/index.php\/2019\/10\/18\/vortrag-14-11-2019-1815-uhr-erich-classen-archaeologie-und-bodendenkmalpflege-im-rheinland-anhand-aktueller-beispiele\/","url_meta":{"origin":85,"position":4},"title":"Vortrag 14.11.2019, 18:15 Uhr: Dr. Jens Berthold &#8211; M\u00fchlenarch\u00e4ologie","author":"altertumsverein","date":"Oktober 18, 2019","format":false,"excerpt":"Donnerstag 14. November 2019, 18:15 Uhr Dr. Jens Berthold (Au\u00dfenstelle Overath des LVR-Amtes f\u00fcr Bodendenkmalpflege im Rheinland) M\u00fchlenarch\u00e4ologie.\u00a0Was bleibt nach dem letzten Klappern? H\u00f6rsaal des Akademischen Kunstmuseums Bonn, Am Hofgarten 21, 53113 Bonn M\u00fchlen waren in der Arch\u00e4ologie Deutschlands lange ein vernachl\u00e4ssigtes Thema. Insbesondere die von Wasser und Wind betriebenen\u2026","rel":"","context":"In &quot;Vortr\u00e4ge&quot;","block_context":{"text":"Vortr\u00e4ge","link":"https:\/\/www.av-rheinland.de\/index.php\/category\/vortrage\/"},"img":{"alt_text":"","src":"","width":0,"height":0},"classes":[]},{"id":247,"url":"https:\/\/www.av-rheinland.de\/index.php\/2018\/01\/16\/vortrag-25-1-2018-18-uhr-pd-dr-konstantinos-kissas-korinth-korinth-tenea\/","url_meta":{"origin":85,"position":5},"title":"Vortrag 25.1.2018 , 18 Uhr &#8211; PD Dr. Konstantinos Kissas (Korinth) Korinth \u2013 Tenea","author":"altertumsverein","date":"Januar 16, 2018","format":false,"excerpt":"Donnerstag 25. Januar 2018, 18 Uhr PD Dr. Konstantinos Kissas (Korinth) Korinth - Tenea. Die Stadt und ihre Kom\u00e9. Neue Forschungen H\u00f6rsaal des Akademischen Kunstmuseums Bonn, Am Hofgarten 21 Notgrabungen des Denkmalamtes (Ephorie) Korinth unter der Leitung des Vortragenden brachten in den Jahren 2008 bis 2016 viele neue Funde und\u2026","rel":"","context":"In &quot;Vortr\u00e4ge&quot;","block_context":{"text":"Vortr\u00e4ge","link":"https:\/\/www.av-rheinland.de\/index.php\/category\/vortrage\/"},"img":{"alt_text":"","src":"","width":0,"height":0},"classes":[]}],"_links":{"self":[{"href":"https:\/\/www.av-rheinland.de\/index.php\/wp-json\/wp\/v2\/posts\/85"}],"collection":[{"href":"https:\/\/www.av-rheinland.de\/index.php\/wp-json\/wp\/v2\/posts"}],"about":[{"href":"https:\/\/www.av-rheinland.de\/index.php\/wp-json\/wp\/v2\/types\/post"}],"author":[{"embeddable":true,"href":"https:\/\/www.av-rheinland.de\/index.php\/wp-json\/wp\/v2\/users\/1"}],"replies":[{"embeddable":true,"href":"https:\/\/www.av-rheinland.de\/index.php\/wp-json\/wp\/v2\/comments?post=85"}],"version-history":[{"count":1,"href":"https:\/\/www.av-rheinland.de\/index.php\/wp-json\/wp\/v2\/posts\/85\/revisions"}],"predecessor-version":[{"id":86,"href":"https:\/\/www.av-rheinland.de\/index.php\/wp-json\/wp\/v2\/posts\/85\/revisions\/86"}],"wp:attachment":[{"href":"https:\/\/www.av-rheinland.de\/index.php\/wp-json\/wp\/v2\/media?parent=85"}],"wp:term":[{"taxonomy":"category","embeddable":true,"href":"https:\/\/www.av-rheinland.de\/index.php\/wp-json\/wp\/v2\/categories?post=85"},{"taxonomy":"post_tag","embeddable":true,"href":"https:\/\/www.av-rheinland.de\/index.php\/wp-json\/wp\/v2\/tags?post=85"}],"curies":[{"name":"wp","href":"https:\/\/api.w.org\/{rel}","templated":true}]}}