{"id":625,"date":"2020-10-11T15:00:51","date_gmt":"2020-10-11T15:00:51","guid":{"rendered":"http:\/\/www.av-rheinland.de\/?p=625"},"modified":"2020-10-07T11:34:05","modified_gmt":"2020-10-07T11:34:05","slug":"fuehrung-zum-roemischen-bonn-am-20-oktober-2020-15-uhr","status":"publish","type":"post","link":"https:\/\/www.av-rheinland.de\/index.php\/2020\/10\/11\/fuehrung-zum-roemischen-bonn-am-20-oktober-2020-15-uhr\/","title":{"rendered":"F\u00fchrung zum r\u00f6mischen Bonn am 25. Oktober 2020, 15 Uhr"},"content":{"rendered":"<p><strong>Treffpunkt: <\/strong><\/p>\n<p><strong>25.10.20 um 15 Uhr am Collegium Albertinum, Adenauerallee 17\u201319.<\/strong><\/p>\n<p>Schon in vorr\u00f6mischer Zeit war der Ort des sp\u00e4teren Bonn besiedelt, erst durch die Eburon*innen und sp\u00e4ter durch die Ubier*innen. Im Zuge der r\u00f6mischen Feldz\u00fcge nach Germanien wurden dann die ersten r\u00f6mischen Truppen in Bonn stationiert und seit 43 n. Chr. lag hier, n\u00f6rdlich der ubischen Siedlung, eine Legion, die mit geringen Unterbrechungen bis zum Ende des R\u00f6mischen Reiches am Ort blieb. In ihrem Umfeld entwickelte sich eine Lagervorstadt mit H\u00e4usern f\u00fcr Familienangeh\u00f6rige der Soldaten und allerhand Werkst\u00e4tten und L\u00e4den, die viele Zeugnisse ihres Alltagslebens hinterlassen hat.<\/p>\n<p>Die meisten Fundst\u00fccke befinden sich im LVR-LandesMuseum Bonn, aber auch in der Stadt k\u00f6nnen noch einige Reste ausgemacht werden, die einen Blick auf die R\u00f6mer in Bonn erm\u00f6glichen.<\/p>\n<p>Seit vielen Jahren bietet der Verein von Altertumsfreunden der Rheinlande die an, im Rahmen einer F\u00fchrung diese \u00dcberreste kennenzulernen und N\u00e4heres \u00fcber ihren historischen und kulturgeschichtlichen Hintergrund zu erfahren.<\/p>\n<p>Diese <strong>kostenlosen F\u00fchrungen<\/strong> dauern ca. 2 bis 2,5 Stunden. Die Reste der r\u00f6mischen Badeanlagen am Collegium Albertinum und des r\u00f6mischen Legionslagers in der Nordstadt bilden dabei Anfang und Ende der F\u00fchrung. Auf dem Weg liegen das Bonner M\u00fcnster mit seinen r\u00f6mischen Spolien, eine Reihe von Abg\u00fcssen entlang der Heerstra\u00dfe sowie der r\u00f6mische Hafen am Rheinufer.<\/p>\n<p>In diesem Jahr 2020 mussten die meisten unserer F\u00fchrungen zum r\u00f6mischen Bonn wegen der Corona-Krise ausfallen. Am 20. Oktober k\u00f6nnen wir wieder eine solche Veranstaltung anbieten, nat\u00fcrlich nun unter strengem <strong>Hygienekonzept<\/strong>: Zum Schutz f\u00fcr alle Beteiligten ist die Zahl der Teilnehmenden begrenzt, es gilt Distanzgebot und Maskenempfehlung, und es wird eine genaue Namensliste angelegt.<\/p>\n<p>An diesem Termin k\u00f6nnen Sie <strong>nur mit Voranmeldung<\/strong> teilnehmen. Senden Sie daf\u00fcr eine E-Mail an <u>roemischesbonn@gmail.com<\/u> .Bitte nennen Sie dabei Namen und Adressen aller von Ihnen angemeldeten Personen.<\/p>\n<p>&nbsp;<\/p>\n","protected":false},"excerpt":{"rendered":"<p>Treffpunkt: 25.10.20 um 15 Uhr am Collegium Albertinum, Adenauerallee 17\u201319. Schon in vorr\u00f6mischer Zeit war der Ort des sp\u00e4teren Bonn besiedelt, erst durch die Eburon*innen und sp\u00e4ter durch die Ubier*innen. Im Zuge der r\u00f6mischen Feldz\u00fcge nach Germanien wurden dann die ersten r\u00f6mischen Truppen in Bonn stationiert und seit 43 n. Chr. lag hier, n\u00f6rdlich der &hellip; <\/p>\n<p class=\"link-more\"><a href=\"https:\/\/www.av-rheinland.de\/index.php\/2020\/10\/11\/fuehrung-zum-roemischen-bonn-am-20-oktober-2020-15-uhr\/\" class=\"more-link\"><span class=\"screen-reader-text\">\u201eF\u00fchrung zum r\u00f6mischen Bonn am 25. Oktober 2020, 15 Uhr\u201c<\/span> weiterlesen<\/a><\/p>\n","protected":false},"author":1,"featured_media":0,"comment_status":"open","ping_status":"open","sticky":false,"template":"","format":"standard","meta":{"jetpack_post_was_ever_published":false,"_jetpack_newsletter_access":"","_jetpack_newsletter_tier_id":0,"jetpack_publicize_message":"","jetpack_is_tweetstorm":false,"jetpack_publicize_feature_enabled":true,"jetpack_social_post_already_shared":true,"jetpack_social_options":{"image_generator_settings":{"template":"highway","enabled":false}}},"categories":[1],"tags":[],"jetpack_publicize_connections":[],"jetpack_featured_media_url":"","jetpack_sharing_enabled":true,"jetpack_shortlink":"https:\/\/wp.me\/p99Kwc-a5","jetpack_likes_enabled":true,"jetpack-related-posts":[{"id":897,"url":"https:\/\/www.av-rheinland.de\/index.php\/2022\/11\/16\/fuehrung-20-11-2022-1500-uhr-fuehrung-zum-roemischen-bonn\/","url_meta":{"origin":625,"position":0},"title":"F\u00fchrung 20.11.2022, 15:00 Uhr F\u00fchrung zum r\u00f6mischen Bonn","author":"altertumsverein","date":"November 16, 2022","format":false,"excerpt":"Sonntag, 20. November 2022, 15:00 Uhr F\u00fchrung zum r\u00f6mischen Bonn Schon in vorr\u00f6mischer Zeit war der Ort des sp\u00e4teren Bonn durch die Eburonen besiedelt. Zu Beginn der r\u00f6mischen Kaiserzeit wechselten die Ubier von der rechtsrheinischen Seite hierher. Im Zuge der r\u00f6mischen Feldz\u00fcge nach Germanien wurden dann die ersten r\u00f6mischen Truppen\u2026","rel":"","context":"In &quot;F\u00fchrungen&quot;","block_context":{"text":"F\u00fchrungen","link":"https:\/\/www.av-rheinland.de\/index.php\/category\/fuhrungen\/"},"img":{"alt_text":"","src":"","width":0,"height":0},"classes":[]},{"id":776,"url":"https:\/\/www.av-rheinland.de\/index.php\/2022\/05\/13\/fuehrung-22-05-2022-1500-uhr-fuehrung-zum-roemischen-bonn\/","url_meta":{"origin":625,"position":1},"title":"F\u00fchrung 22.05.2022, 15:00 Uhr F\u00fchrung zum r\u00f6mischen Bonn","author":"altertumsverein","date":"Mai 13, 2022","format":false,"excerpt":"Sonntag, 22. Mai 2022, 15:00 Uhr F\u00fchrung zum r\u00f6mischen Bonn Schon in vorr\u00f6mischer Zeit war der Ort des sp\u00e4teren Bonn durch die Eburonen besiedelt. Zu Beginn der r\u00f6mischen Kaiserzeit wechselten die Ubier von der rechtsrheinischen Seite hierher. Im Zuge der r\u00f6mischen Feldz\u00fcge nach Germanien wurden dann die ersten r\u00f6mischen Truppen\u2026","rel":"","context":"In &quot;F\u00fchrungen&quot;","block_context":{"text":"F\u00fchrungen","link":"https:\/\/www.av-rheinland.de\/index.php\/category\/fuhrungen\/"},"img":{"alt_text":"","src":"","width":0,"height":0},"classes":[]},{"id":498,"url":"https:\/\/www.av-rheinland.de\/index.php\/2019\/06\/28\/vortrag-18-7-2019-1815-uhr-dr-dirk-schmitz-eine-roemische-bibliothek-und-andere-ueberraschungen-ausgrabungen-im-antoniterquartier-in-koeln\/","url_meta":{"origin":625,"position":2},"title":"Vortrag 18.7.2019, 18:15 Uhr: Dr. Dirk Schmitz &#8211; Eine r\u00f6mische Bibliothek und andere \u00dcberraschungen. Ausgrabungen im Antoniterquartier in K\u00f6ln","author":"altertumsverein","date":"Juni 28, 2019","format":false,"excerpt":"Donnerstag 18. Juli 2019, 18:15 Uhr Dr. Dirk Schmitz, (R\u00f6misch-Germanisches Museum, K\u00f6ln) Eine r\u00f6mische Bibliothek und andere \u00dcberraschungen. Ausgrabungen im Antoniterquartier in K\u00f6ln H\u00f6rsaal des Akademischen Kunstmuseums Bonn, Am Hofgarten 21, 53113 Bonn Zwischen April und November 2017 f\u00fchrte die Arch\u00e4ologische Bodendenkmalpflege der Stadt K\u00f6ln bauvorgreifende Ausgrabungen s\u00fcdlich der Antoniterkirche\u2026","rel":"","context":"In &quot;Vortr\u00e4ge&quot;","block_context":{"text":"Vortr\u00e4ge","link":"https:\/\/www.av-rheinland.de\/index.php\/category\/vortrage\/"},"img":{"alt_text":"","src":"https:\/\/i0.wp.com\/www.av-rheinland.de\/wp-content\/uploads\/2019\/06\/IMG_4892_Ulrich-Karas-R\u00c3\u00b6misch-Germanisches-Museum-der-Stadt-K\u00c3\u00b6ln-1024x683.jpg?resize=350%2C200","width":350,"height":200,"srcset":"https:\/\/i0.wp.com\/www.av-rheinland.de\/wp-content\/uploads\/2019\/06\/IMG_4892_Ulrich-Karas-R\u00c3\u00b6misch-Germanisches-Museum-der-Stadt-K\u00c3\u00b6ln-1024x683.jpg?resize=350%2C200 1x, https:\/\/i0.wp.com\/www.av-rheinland.de\/wp-content\/uploads\/2019\/06\/IMG_4892_Ulrich-Karas-R\u00c3\u00b6misch-Germanisches-Museum-der-Stadt-K\u00c3\u00b6ln-1024x683.jpg?resize=525%2C300 1.5x"},"classes":[]},{"id":467,"url":"https:\/\/www.av-rheinland.de\/index.php\/2019\/03\/22\/vortrag-25-4-2019-1815-uhr-patric-alexander-kreuz-vielfalt-im-verborgenen-annaeherungen-an-roemische-stadtbilder-norditaliens\/","url_meta":{"origin":625,"position":3},"title":"Vortrag 25.4.2019, 18:15 Uhr: Patric-Alexander Kreuz, Vielfalt im Verborgenen.\u00a0Ann\u00e4herungen an r\u00f6mische Stadtbilder Norditaliens","author":"altertumsverein","date":"M\u00e4rz 22, 2019","format":false,"excerpt":"Vortrag f\u00e4llt aus! Der Vortrag von Herrn Prof. Dr. Patric-Alexander Kreutz am 25.4.2019 f\u00e4llt aus! Die Mitgliederversammlung wird daf\u00fcr vorgezogen und beginnt um 18.15 Uhr im H\u00f6rsaal des Akademischen Kunstmuseums, Am Hofgarten 21, 53113 Bonn. Donnerstag 25. April 2019, 18:15 Uhr Prof. Patric-Alexander Kreuz (Christian-Albrechts-Universit\u00e4t Kiel) Vielfalt im Verborgenen.\u00a0Ann\u00e4herungen an\u2026","rel":"","context":"In &quot;Vortr\u00e4ge&quot;","block_context":{"text":"Vortr\u00e4ge","link":"https:\/\/www.av-rheinland.de\/index.php\/category\/vortrage\/"},"img":{"alt_text":"Verona, r\u00c3\u00b6misches Stadttor, die sogenannte Porta Borsari. Foto: Patric-Alexander Kreuz .","src":"https:\/\/i0.wp.com\/www.av-rheinland.de\/wp-content\/uploads\/2019\/03\/Kreuz-Abb-Verona-Porta-Borsari-768x1024.jpg?resize=350%2C200","width":350,"height":200,"srcset":"https:\/\/i0.wp.com\/www.av-rheinland.de\/wp-content\/uploads\/2019\/03\/Kreuz-Abb-Verona-Porta-Borsari-768x1024.jpg?resize=350%2C200 1x, https:\/\/i0.wp.com\/www.av-rheinland.de\/wp-content\/uploads\/2019\/03\/Kreuz-Abb-Verona-Porta-Borsari-768x1024.jpg?resize=525%2C300 1.5x"},"classes":[]},{"id":672,"url":"https:\/\/www.av-rheinland.de\/index.php\/2021\/12\/10\/vortrag-13-1-2022-1815-uhr-mischa-meier-der-untergang-des-roemischen-reiches\/","url_meta":{"origin":625,"position":4},"title":"Vortrag 13.1.2022, 18:15 Uhr: Mischa Meier, Der Untergang des R\u00f6mischen Reiches","author":"altertumsverein","date":"Dezember 10, 2021","format":false,"excerpt":"Donnerstag, 13. Januar 2022, 18:15 Uhr Dr. Mischa Meier (Universit\u00e4t T\u00fcbingen) Anschrift: R\u00f6merstra\u00dfe 164, AVZ III, 53117 Bonn, Beginn 18.15 Uhr \u00a0 Der Untergang des R\u00f6mischen Reiches Warum der Osten \u00fcberlebt hat Warum erlebte das Ostr\u00f6mische oder Byzantinische Reich im siebten und achten Jahrhundert nicht ein \u00e4hnliches Schicksal wie das\u2026","rel":"","context":"In &quot;Vortr\u00e4ge&quot;","block_context":{"text":"Vortr\u00e4ge","link":"https:\/\/www.av-rheinland.de\/index.php\/category\/vortrage\/"},"img":{"alt_text":"","src":"","width":0,"height":0},"classes":[]},{"id":325,"url":"https:\/\/www.av-rheinland.de\/index.php\/2018\/07\/15\/vortrag-20-9-2018-18-uhr-dr-anita-rieche-koeln-roemisch-genug-fuer-das-publikum\/","url_meta":{"origin":625,"position":5},"title":"Vortrag 20.9.2018, 18 Uhr, Dr. Anita Rieche (K\u00f6ln) &#8211; R\u00f6misch genug f\u00fcr das Publikum","author":"altertumsverein","date":"Juli 15, 2018","format":false,"excerpt":"Donnerstag 20. September 2018, 18 Uhr\u00a0 Dr. Anita Rieche (K\u00f6ln) \u00bbR\u00f6misch genug f\u00fcr das Publikum\u00ab Statuen in Rekonstruktionen und Ausgrabungsst\u00e4tten H\u00f6rsaal des Akademischen Kunstmuseums Bonn, Am Hofgarten 21, 53113 Bonn Im Rahmen moderner architektonischer Inszenierungen und Rekonstruktionen der Antike werden zur Erl\u00e4uterung oder Versch\u00f6nerung Statuen aufgestellt. H\u00e4ufig kommen sie den\u2026","rel":"","context":"In &quot;Vortr\u00e4ge&quot;","block_context":{"text":"Vortr\u00e4ge","link":"https:\/\/www.av-rheinland.de\/index.php\/category\/vortrage\/"},"img":{"alt_text":"","src":"","width":0,"height":0},"classes":[]}],"_links":{"self":[{"href":"https:\/\/www.av-rheinland.de\/index.php\/wp-json\/wp\/v2\/posts\/625"}],"collection":[{"href":"https:\/\/www.av-rheinland.de\/index.php\/wp-json\/wp\/v2\/posts"}],"about":[{"href":"https:\/\/www.av-rheinland.de\/index.php\/wp-json\/wp\/v2\/types\/post"}],"author":[{"embeddable":true,"href":"https:\/\/www.av-rheinland.de\/index.php\/wp-json\/wp\/v2\/users\/1"}],"replies":[{"embeddable":true,"href":"https:\/\/www.av-rheinland.de\/index.php\/wp-json\/wp\/v2\/comments?post=625"}],"version-history":[{"count":2,"href":"https:\/\/www.av-rheinland.de\/index.php\/wp-json\/wp\/v2\/posts\/625\/revisions"}],"predecessor-version":[{"id":627,"href":"https:\/\/www.av-rheinland.de\/index.php\/wp-json\/wp\/v2\/posts\/625\/revisions\/627"}],"wp:attachment":[{"href":"https:\/\/www.av-rheinland.de\/index.php\/wp-json\/wp\/v2\/media?parent=625"}],"wp:term":[{"taxonomy":"category","embeddable":true,"href":"https:\/\/www.av-rheinland.de\/index.php\/wp-json\/wp\/v2\/categories?post=625"},{"taxonomy":"post_tag","embeddable":true,"href":"https:\/\/www.av-rheinland.de\/index.php\/wp-json\/wp\/v2\/tags?post=625"}],"curies":[{"name":"wp","href":"https:\/\/api.w.org\/{rel}","templated":true}]}}