{"id":619,"date":"2020-10-06T10:45:02","date_gmt":"2020-10-06T10:45:02","guid":{"rendered":"http:\/\/www.av-rheinland.de\/?p=619"},"modified":"2020-10-06T14:39:34","modified_gmt":"2020-10-06T14:39:34","slug":"information-des-vereins-zur-aktuellen-situation-ii","status":"publish","type":"post","link":"https:\/\/www.av-rheinland.de\/index.php\/2020\/10\/06\/information-des-vereins-zur-aktuellen-situation-ii\/","title":{"rendered":"Information des Vereins zur Corona-Krise"},"content":{"rendered":"<p>Der Verein von Altertumsfreunden im Rheinlande e.V. hat wieder begonnen, F\u00fchrungen und Veranstaltungen anzubieten. Diese stehen stets unter strengem <strong>Hygienekonzept<\/strong>. Die Zahl der Teilnehmenden ist den jeweiligen r\u00e4umlichen Verh\u00e4ltnissen angepasst und begrenzt. Zum Schutz f\u00fcr alle Beteiligten gilt Distanzgebot und in geschlossenen R\u00e4umen Maskenpflicht bzw. bei Au\u00dfenbesichtigung Maskenempfehlung sowie stets die Notwendigkeit, bei Anmeldung Name und Adresse aller Teilnehmenden anzugeben.<\/p>\n<p>\u00dcber unsere <strong>F\u00fchrungen und anderen Veranstaltungen <\/strong>informieren wir Sie hier auf unserer Website. Alle Mitglieder des Altertumsvereins sind gebeten und eingeladen, dem Verein ihre E-Mail-Adresse mitzuteilen, damit wir Sie auch kurzfristig auf den aktuellen Stand bringen k\u00f6nnen. Wenn Sie in den vergangenen Wochen keine Nachrichten von uns erhalten haben, schreiben Sie doch bitte eine kurze Meldung an angelika.rau@lvr.de.<\/p>\n<p>Bleiben Sie gesund!<\/p>\n","protected":false},"excerpt":{"rendered":"<p>Der Verein von Altertumsfreunden im Rheinlande e.V. hat wieder begonnen, F\u00fchrungen und Veranstaltungen anzubieten. Diese stehen stets unter strengem Hygienekonzept. Die Zahl der Teilnehmenden ist den jeweiligen r\u00e4umlichen Verh\u00e4ltnissen angepasst und begrenzt. Zum Schutz f\u00fcr alle Beteiligten gilt Distanzgebot und in geschlossenen R\u00e4umen Maskenpflicht bzw. bei Au\u00dfenbesichtigung Maskenempfehlung sowie stets die Notwendigkeit, bei Anmeldung Name &hellip; <\/p>\n<p class=\"link-more\"><a href=\"https:\/\/www.av-rheinland.de\/index.php\/2020\/10\/06\/information-des-vereins-zur-aktuellen-situation-ii\/\" class=\"more-link\"><span class=\"screen-reader-text\">\u201eInformation des Vereins zur Corona-Krise\u201c<\/span> weiterlesen<\/a><\/p>\n","protected":false},"author":1,"featured_media":0,"comment_status":"open","ping_status":"open","sticky":false,"template":"","format":"standard","meta":{"jetpack_post_was_ever_published":false,"_jetpack_newsletter_access":"","_jetpack_newsletter_tier_id":0,"jetpack_publicize_message":"","jetpack_is_tweetstorm":false,"jetpack_publicize_feature_enabled":true,"jetpack_social_post_already_shared":true,"jetpack_social_options":{"image_generator_settings":{"template":"highway","enabled":false}}},"categories":[5],"tags":[],"jetpack_publicize_connections":[],"jetpack_featured_media_url":"","jetpack_sharing_enabled":true,"jetpack_shortlink":"https:\/\/wp.me\/p99Kwc-9Z","jetpack_likes_enabled":true,"jetpack-related-posts":[{"id":616,"url":"https:\/\/www.av-rheinland.de\/index.php\/2020\/10\/06\/11-10-2020-europaeischer-tag-der-restaurierung-fuehrung-im-lvr-landesmuseum-bonn\/","url_meta":{"origin":619,"position":0},"title":"11.10.2020 Europ\u00e4ischer Tag der Restaurierung &#8211; F\u00fchrung im LVR-LandesMuseum Bonn","author":"altertumsverein","date":"Oktober 6, 2020","format":false,"excerpt":"Am Sonntag, dem 11. Oktober 2020, bieten wir AV-Mitgliedern morgens eine F\u00fchrung durch die Restaurierungswerkst\u00e4tten des LVR-LandesMuseums Bonn. Die Besichtigung findet im Rahmen des Dritten Europ\u00e4ischen Tages der Restaurierung statt. Die Veranstaltung wird in getrennten Kleingruppen zu f\u00fcnf Personen durchgef\u00fchrt. Die maximale Teilnehmerzahl betr\u00e4gt insgesamt zwanzig Personen. Es gilt ein\u2026","rel":"","context":"In &quot;F\u00fchrungen&quot;","block_context":{"text":"F\u00fchrungen","link":"https:\/\/www.av-rheinland.de\/index.php\/category\/fuhrungen\/"},"img":{"alt_text":"","src":"","width":0,"height":0},"classes":[]},{"id":776,"url":"https:\/\/www.av-rheinland.de\/index.php\/2022\/05\/13\/fuehrung-22-05-2022-1500-uhr-fuehrung-zum-roemischen-bonn\/","url_meta":{"origin":619,"position":1},"title":"F\u00fchrung 22.05.2022, 15:00 Uhr F\u00fchrung zum r\u00f6mischen Bonn","author":"altertumsverein","date":"Mai 13, 2022","format":false,"excerpt":"Sonntag, 22. Mai 2022, 15:00 Uhr F\u00fchrung zum r\u00f6mischen Bonn Schon in vorr\u00f6mischer Zeit war der Ort des sp\u00e4teren Bonn durch die Eburonen besiedelt. Zu Beginn der r\u00f6mischen Kaiserzeit wechselten die Ubier von der rechtsrheinischen Seite hierher. Im Zuge der r\u00f6mischen Feldz\u00fcge nach Germanien wurden dann die ersten r\u00f6mischen Truppen\u2026","rel":"","context":"In &quot;F\u00fchrungen&quot;","block_context":{"text":"F\u00fchrungen","link":"https:\/\/www.av-rheinland.de\/index.php\/category\/fuhrungen\/"},"img":{"alt_text":"","src":"","width":0,"height":0},"classes":[]},{"id":625,"url":"https:\/\/www.av-rheinland.de\/index.php\/2020\/10\/11\/fuehrung-zum-roemischen-bonn-am-20-oktober-2020-15-uhr\/","url_meta":{"origin":619,"position":2},"title":"F\u00fchrung zum r\u00f6mischen Bonn am 25. Oktober 2020, 15 Uhr","author":"altertumsverein","date":"Oktober 11, 2020","format":false,"excerpt":"Treffpunkt: 25.10.20 um 15 Uhr am Collegium Albertinum, Adenauerallee 17\u201319. Schon in vorr\u00f6mischer Zeit war der Ort des sp\u00e4teren Bonn besiedelt, erst durch die Eburon*innen und sp\u00e4ter durch die Ubier*innen. Im Zuge der r\u00f6mischen Feldz\u00fcge nach Germanien wurden dann die ersten r\u00f6mischen Truppen in Bonn stationiert und seit 43 n.\u2026","rel":"","context":"\u00c4hnlicher Beitrag","block_context":{"text":"\u00c4hnlicher Beitrag","link":""},"img":{"alt_text":"","src":"","width":0,"height":0},"classes":[]},{"id":650,"url":"https:\/\/www.av-rheinland.de\/index.php\/2020\/12\/18\/veranstaltungen-des-altertumsvereins-in-zeiten-von-corona\/","url_meta":{"origin":619,"position":3},"title":"Veranstaltungen des Altertumsvereins in Zeiten von Corona","author":"altertumsverein","date":"Dezember 18, 2020","format":false,"excerpt":"Auf unserer Webseite informieren wir Sie \u00fcber den aktuellen Stand zu Vortr\u00e4gen, F\u00fchrungen und anderen Veranstaltungen. Derzeit finden keine Veranstaltungen statt. Eine \u00dcbersicht \u00fcber die Themen finden Sie in der Rubrik \"Vortr\u00e4ge 2021\". Alle Mitglieder des Altertumsvereins sind gebeten und eingeladen, dem Verein ihre E-Mail-Adresse mitzuteilen, damit wir Sie auch\u2026","rel":"","context":"\u00c4hnlicher Beitrag","block_context":{"text":"\u00c4hnlicher Beitrag","link":""},"img":{"alt_text":"","src":"","width":0,"height":0},"classes":[]},{"id":897,"url":"https:\/\/www.av-rheinland.de\/index.php\/2022\/11\/16\/fuehrung-20-11-2022-1500-uhr-fuehrung-zum-roemischen-bonn\/","url_meta":{"origin":619,"position":4},"title":"F\u00fchrung 20.11.2022, 15:00 Uhr F\u00fchrung zum r\u00f6mischen Bonn","author":"altertumsverein","date":"November 16, 2022","format":false,"excerpt":"Sonntag, 20. November 2022, 15:00 Uhr F\u00fchrung zum r\u00f6mischen Bonn Schon in vorr\u00f6mischer Zeit war der Ort des sp\u00e4teren Bonn durch die Eburonen besiedelt. Zu Beginn der r\u00f6mischen Kaiserzeit wechselten die Ubier von der rechtsrheinischen Seite hierher. Im Zuge der r\u00f6mischen Feldz\u00fcge nach Germanien wurden dann die ersten r\u00f6mischen Truppen\u2026","rel":"","context":"In &quot;F\u00fchrungen&quot;","block_context":{"text":"F\u00fchrungen","link":"https:\/\/www.av-rheinland.de\/index.php\/category\/fuhrungen\/"},"img":{"alt_text":"","src":"","width":0,"height":0},"classes":[]},{"id":431,"url":"https:\/\/www.av-rheinland.de\/index.php\/2018\/10\/31\/10-11-2018-14-uhr-fuehrung-im-bonner-muenster-nur-mit-anmeldung\/","url_meta":{"origin":619,"position":5},"title":"10.11.2018, 14 Uhr: F\u00fchrung im Bonner M\u00fcnster &#8211; Ausgebucht","author":"altertumsverein","date":"Oktober 31, 2018","format":false,"excerpt":"F\u00fchrung zu den aktuellen arch\u00e4ologischen Ausgrabungen im Bonner M\u00fcnster Diese Grabungen sind der \u00d6ffentlichkeit sonst nicht zug\u00e4nglich. Es f\u00fchrt der Grabungsleiter Peter Sch\u00f6nfeld von der Firma Archaeonet. Wegen der auf zwanzig Personen begrenzten Teilnehmerzahl ist die Veranstaltung bereits ausgebucht. Es handelt sich um die arch\u00e4ologische Begleitung der Erdarbeiten, die bei\u2026","rel":"","context":"In &quot;Exkursionen&quot;","block_context":{"text":"Exkursionen","link":"https:\/\/www.av-rheinland.de\/index.php\/category\/exkursionen\/"},"img":{"alt_text":"","src":"","width":0,"height":0},"classes":[]}],"_links":{"self":[{"href":"https:\/\/www.av-rheinland.de\/index.php\/wp-json\/wp\/v2\/posts\/619"}],"collection":[{"href":"https:\/\/www.av-rheinland.de\/index.php\/wp-json\/wp\/v2\/posts"}],"about":[{"href":"https:\/\/www.av-rheinland.de\/index.php\/wp-json\/wp\/v2\/types\/post"}],"author":[{"embeddable":true,"href":"https:\/\/www.av-rheinland.de\/index.php\/wp-json\/wp\/v2\/users\/1"}],"replies":[{"embeddable":true,"href":"https:\/\/www.av-rheinland.de\/index.php\/wp-json\/wp\/v2\/comments?post=619"}],"version-history":[{"count":2,"href":"https:\/\/www.av-rheinland.de\/index.php\/wp-json\/wp\/v2\/posts\/619\/revisions"}],"predecessor-version":[{"id":621,"href":"https:\/\/www.av-rheinland.de\/index.php\/wp-json\/wp\/v2\/posts\/619\/revisions\/621"}],"wp:attachment":[{"href":"https:\/\/www.av-rheinland.de\/index.php\/wp-json\/wp\/v2\/media?parent=619"}],"wp:term":[{"taxonomy":"category","embeddable":true,"href":"https:\/\/www.av-rheinland.de\/index.php\/wp-json\/wp\/v2\/categories?post=619"},{"taxonomy":"post_tag","embeddable":true,"href":"https:\/\/www.av-rheinland.de\/index.php\/wp-json\/wp\/v2\/tags?post=619"}],"curies":[{"name":"wp","href":"https:\/\/api.w.org\/{rel}","templated":true}]}}