{"id":593,"date":"2020-03-17T13:57:20","date_gmt":"2020-03-17T13:57:20","guid":{"rendered":"http:\/\/www.av-rheinland.de\/?p=593"},"modified":"2020-05-08T09:47:38","modified_gmt":"2020-05-08T09:47:38","slug":"information-des-vereins-zur-aktuellen-situation","status":"publish","type":"post","link":"https:\/\/www.av-rheinland.de\/index.php\/2020\/03\/17\/information-des-vereins-zur-aktuellen-situation\/","title":{"rendered":"Information des Vereins zur aktuellen Situation"},"content":{"rendered":"<p>Momentan hat der Verein der Altertumsfreunde im Rheinlande e.V. seine Aktivit\u00e4ten vorerst eingestellt.<\/p>\n<p>Die <strong>F\u00fchrungen\u00a0 und Veranstaltungen<\/strong> finden bis auf weiteres nicht statt. Sollte sich daran\u00a0<span style=\"font-size: 1rem;\">etwas<\/span><span style=\"font-size: 1rem;\">\u00a0<\/span><span style=\"font-size: 1rem;\">\u00e4ndern, informieren wir Sie hier <\/span><span style=\"font-size: 1rem;\">auf unserer Website und \u00fcber E-Mail \u00fcber den aktuellen Stand.<\/span><\/p>\n<p>Bleiben Sie gesund!<\/p>\n","protected":false},"excerpt":{"rendered":"<p>Momentan hat der Verein der Altertumsfreunde im Rheinlande e.V. seine Aktivit\u00e4ten vorerst eingestellt. Die F\u00fchrungen\u00a0 und Veranstaltungen finden bis auf weiteres nicht statt. Sollte sich daran\u00a0etwas\u00a0\u00e4ndern, informieren wir Sie hier auf unserer Website und \u00fcber E-Mail \u00fcber den aktuellen Stand. Bleiben Sie gesund!<\/p>\n","protected":false},"author":1,"featured_media":0,"comment_status":"open","ping_status":"open","sticky":false,"template":"","format":"standard","meta":{"jetpack_post_was_ever_published":false,"_jetpack_newsletter_access":"","_jetpack_newsletter_tier_id":0,"jetpack_publicize_message":"","jetpack_is_tweetstorm":false,"jetpack_publicize_feature_enabled":true,"jetpack_social_post_already_shared":true,"jetpack_social_options":{"image_generator_settings":{"template":"highway","enabled":false}}},"categories":[1],"tags":[],"jetpack_publicize_connections":[],"jetpack_featured_media_url":"","jetpack_sharing_enabled":true,"jetpack_shortlink":"https:\/\/wp.me\/p99Kwc-9z","jetpack_likes_enabled":true,"jetpack-related-posts":[{"id":650,"url":"https:\/\/www.av-rheinland.de\/index.php\/2020\/12\/18\/veranstaltungen-des-altertumsvereins-in-zeiten-von-corona\/","url_meta":{"origin":593,"position":0},"title":"Veranstaltungen des Altertumsvereins in Zeiten von Corona","author":"altertumsverein","date":"Dezember 18, 2020","format":false,"excerpt":"Auf unserer Webseite informieren wir Sie \u00fcber den aktuellen Stand zu Vortr\u00e4gen, F\u00fchrungen und anderen Veranstaltungen. Derzeit finden keine Veranstaltungen statt. Eine \u00dcbersicht \u00fcber die Themen finden Sie in der Rubrik \"Vortr\u00e4ge 2021\". Alle Mitglieder des Altertumsvereins sind gebeten und eingeladen, dem Verein ihre E-Mail-Adresse mitzuteilen, damit wir Sie auch\u2026","rel":"","context":"\u00c4hnlicher Beitrag","block_context":{"text":"\u00c4hnlicher Beitrag","link":""},"img":{"alt_text":"","src":"","width":0,"height":0},"classes":[]},{"id":619,"url":"https:\/\/www.av-rheinland.de\/index.php\/2020\/10\/06\/information-des-vereins-zur-aktuellen-situation-ii\/","url_meta":{"origin":593,"position":1},"title":"Information des Vereins zur Corona-Krise","author":"altertumsverein","date":"Oktober 6, 2020","format":false,"excerpt":"Der Verein von Altertumsfreunden im Rheinlande e.V. hat wieder begonnen, F\u00fchrungen und Veranstaltungen anzubieten. Diese stehen stets unter strengem Hygienekonzept. Die Zahl der Teilnehmenden ist den jeweiligen r\u00e4umlichen Verh\u00e4ltnissen angepasst und begrenzt. Zum Schutz f\u00fcr alle Beteiligten gilt Distanzgebot und in geschlossenen R\u00e4umen Maskenpflicht bzw. bei Au\u00dfenbesichtigung Maskenempfehlung sowie stets\u2026","rel":"","context":"In &quot;F\u00fchrungen&quot;","block_context":{"text":"F\u00fchrungen","link":"https:\/\/www.av-rheinland.de\/index.php\/category\/fuhrungen\/"},"img":{"alt_text":"","src":"","width":0,"height":0},"classes":[]},{"id":431,"url":"https:\/\/www.av-rheinland.de\/index.php\/2018\/10\/31\/10-11-2018-14-uhr-fuehrung-im-bonner-muenster-nur-mit-anmeldung\/","url_meta":{"origin":593,"position":2},"title":"10.11.2018, 14 Uhr: F\u00fchrung im Bonner M\u00fcnster &#8211; Ausgebucht","author":"altertumsverein","date":"Oktober 31, 2018","format":false,"excerpt":"F\u00fchrung zu den aktuellen arch\u00e4ologischen Ausgrabungen im Bonner M\u00fcnster Diese Grabungen sind der \u00d6ffentlichkeit sonst nicht zug\u00e4nglich. Es f\u00fchrt der Grabungsleiter Peter Sch\u00f6nfeld von der Firma Archaeonet. Wegen der auf zwanzig Personen begrenzten Teilnehmerzahl ist die Veranstaltung bereits ausgebucht. Es handelt sich um die arch\u00e4ologische Begleitung der Erdarbeiten, die bei\u2026","rel":"","context":"In &quot;Exkursionen&quot;","block_context":{"text":"Exkursionen","link":"https:\/\/www.av-rheinland.de\/index.php\/category\/exkursionen\/"},"img":{"alt_text":"","src":"","width":0,"height":0},"classes":[]},{"id":1098,"url":"https:\/\/www.av-rheinland.de\/index.php\/2024\/01\/24\/vortrag-22-02-2024-1815-uhr-prof-dr-salvatore-ortisi-neues-zur-varusschlacht\/","url_meta":{"origin":593,"position":3},"title":"Vortrag 22.02.2024, 18:15 Uhr Prof. Dr. Salvatore Ortisi, Neues zur Varusschlacht","author":"altertumsverein","date":"Januar 24, 2024","format":false,"excerpt":"Donnerstag, den 22. Februar 2024, 18:15 Uhr H\u00f6rsaal der Klassischen Arch\u00e4ologie, AVZ III, R\u00f6merstra\u00dfe 164, Bonn Prof. Dr. Salvatore Ortisi (M\u00fcnchen)\u00a0 Neues zur Varusschlacht Die Ausgrabungen in Kalkriese 2016 bis 2020 Der Aufbau r\u00f6mischer Herrschaftsstrukturen im rechtsrheinischen Germanien fand 9 n.\u00a0Chr. mit dem Untergang des Statthalters Varus und seiner Armee\u2026","rel":"","context":"In &quot;Vortr\u00e4ge&quot;","block_context":{"text":"Vortr\u00e4ge","link":"https:\/\/www.av-rheinland.de\/index.php\/category\/vortrage\/"},"img":{"alt_text":"","src":"https:\/\/i0.wp.com\/www.av-rheinland.de\/wp-content\/uploads\/2023\/11\/image001-300x202.jpg?resize=350%2C200","width":350,"height":200},"classes":[]},{"id":1091,"url":"https:\/\/www.av-rheinland.de\/index.php\/2024\/02\/22\/vortrag-14-03-2024-1815-uhr-dr-jens-berthold-von-sonnensteinen-schiffsbildern-und-goldtrollen\/","url_meta":{"origin":593,"position":4},"title":"Vortrag 14.03.2024, 18:15 Uhr, Dr. Jens Berthold, Von Sonnensteinen, Schiffsbildern und Goldtrollen","author":"altertumsverein","date":"Februar 22, 2024","format":false,"excerpt":"Donnerstag, den 14. M\u00e4rz 2024, 18:15 Uhr LVR-Landesmuseum Bonn, Colmantstra\u00dfe 14\u201316 \u00a0Dr. Jens Berthold (Bornholms Museum) Von Sonnensteinen, Schiffsbildern und Goldtrollen Arch\u00e4ologie auf Bornholm Bei Fahrten \u00fcber die Ostsee spielte Bornholm als Zwischenstation eine zentrale Rolle. Die d\u00e4nische Insel ist daher bekannt f\u00fcr ihren Reichtum an arch\u00e4ologischen Denkm\u00e4lern und Funden.\u2026","rel":"","context":"In &quot;Vortr\u00e4ge&quot;","block_context":{"text":"Vortr\u00e4ge","link":"https:\/\/www.av-rheinland.de\/index.php\/category\/vortrage\/"},"img":{"alt_text":"","src":"https:\/\/i0.wp.com\/www.av-rheinland.de\/wp-content\/uploads\/2024\/01\/BMR-3550x588-F1-lille-300x257.jpg?resize=350%2C200","width":350,"height":200},"classes":[]},{"id":85,"url":"https:\/\/www.av-rheinland.de\/index.php\/2017\/06\/11\/vortrag-8-12-2016-18-uhr-andreas-schmidt-colinet-palmyra-geht-uns-alle-an\/","url_meta":{"origin":593,"position":5},"title":"Vortrag: 8.12.2016, 18 Uhr Andreas Schmidt-Colinet, Palmyra geht uns alle an","author":"altertumsverein","date":"Juni 11, 2017","format":false,"excerpt":"Donnerstag, 8. Dezember 2016, 18 Uhr c.t. (Winckelmann-Vortrag) Prof. Dr. Andreas Schmidt-Colinet (Wien) H\u00f6rsaal des Akademischen Kunstmuseums Bonn, Am Hofgarten 21 Palmyra geht uns alle an. Die Zerst\u00f6rung unseres kulturellen Ged\u00e4chtnisses. Syrien besitzt eines der weltweit bedeutendsten Kulturarchive, das von den fr\u00fchen Hochkulturen Mesopotamiens \u00fcber die bl\u00fchenden St\u00e4dte der R\u00f6merzeit\u2026","rel":"","context":"In &quot;Vortr\u00e4ge&quot;","block_context":{"text":"Vortr\u00e4ge","link":"https:\/\/www.av-rheinland.de\/index.php\/category\/vortrage\/"},"img":{"alt_text":"","src":"","width":0,"height":0},"classes":[]}],"_links":{"self":[{"href":"https:\/\/www.av-rheinland.de\/index.php\/wp-json\/wp\/v2\/posts\/593"}],"collection":[{"href":"https:\/\/www.av-rheinland.de\/index.php\/wp-json\/wp\/v2\/posts"}],"about":[{"href":"https:\/\/www.av-rheinland.de\/index.php\/wp-json\/wp\/v2\/types\/post"}],"author":[{"embeddable":true,"href":"https:\/\/www.av-rheinland.de\/index.php\/wp-json\/wp\/v2\/users\/1"}],"replies":[{"embeddable":true,"href":"https:\/\/www.av-rheinland.de\/index.php\/wp-json\/wp\/v2\/comments?post=593"}],"version-history":[{"count":3,"href":"https:\/\/www.av-rheinland.de\/index.php\/wp-json\/wp\/v2\/posts\/593\/revisions"}],"predecessor-version":[{"id":606,"href":"https:\/\/www.av-rheinland.de\/index.php\/wp-json\/wp\/v2\/posts\/593\/revisions\/606"}],"wp:attachment":[{"href":"https:\/\/www.av-rheinland.de\/index.php\/wp-json\/wp\/v2\/media?parent=593"}],"wp:term":[{"taxonomy":"category","embeddable":true,"href":"https:\/\/www.av-rheinland.de\/index.php\/wp-json\/wp\/v2\/categories?post=593"},{"taxonomy":"post_tag","embeddable":true,"href":"https:\/\/www.av-rheinland.de\/index.php\/wp-json\/wp\/v2\/tags?post=593"}],"curies":[{"name":"wp","href":"https:\/\/api.w.org\/{rel}","templated":true}]}}