{"id":467,"date":"2019-03-22T10:41:44","date_gmt":"2019-03-22T10:41:44","guid":{"rendered":"http:\/\/www.av-rheinland.de\/?p=467"},"modified":"2019-04-24T14:03:47","modified_gmt":"2019-04-24T14:03:47","slug":"vortrag-25-4-2019-1815-uhr-patric-alexander-kreuz-vielfalt-im-verborgenen-annaeherungen-an-roemische-stadtbilder-norditaliens","status":"publish","type":"post","link":"https:\/\/www.av-rheinland.de\/index.php\/2019\/03\/22\/vortrag-25-4-2019-1815-uhr-patric-alexander-kreuz-vielfalt-im-verborgenen-annaeherungen-an-roemische-stadtbilder-norditaliens\/","title":{"rendered":"Vortrag 25.4.2019, 18:15 Uhr: Patric-Alexander Kreuz, Vielfalt im Verborgenen.\u00a0Ann\u00e4herungen an r\u00f6mische Stadtbilder Norditaliens"},"content":{"rendered":"<p><span style=\"color: #ff0000;\"><strong>Vortrag f\u00e4llt aus!<\/strong><\/span><\/p>\n<p>Der Vortrag von Herrn Prof. Dr. Patric-Alexander Kreutz am 25.4.2019 f\u00e4llt aus!<\/p>\n<p>Die <strong>Mitgliederversammlung wird daf\u00fcr vorgezogen<\/strong> und beginnt um 18.15 Uhr im H\u00f6rsaal des Akademischen Kunstmuseums, Am Hofgarten 21, 53113 Bonn.<\/p>\n<p><em>Donnerstag 25. April 2019, 18:15 Uhr<\/em><\/p>\n<p><em>Prof. Patric-Alexander Kreuz (Christian-Albrechts-Universit\u00e4t Kiel)<\/em><\/p>\n<p><strong>Vielfalt im Verborgenen.\u00a0<\/strong><strong>Ann\u00e4herungen an r\u00f6mische Stadtbilder Norditaliens<\/strong><\/p>\n<p>H\u00f6rsaal des Akademischen Kunstmuseums Bonn, Am Hofgarten 21, <span style=\"font-size: 1rem;\">53113 Bonn<\/span><\/p>\n<p>Der Beginn r\u00f6mischer Herrschaft bedeutete f\u00fcr Norditalien eine Epoche intensiver Urbanisierung. Koloniegr\u00fcndungen, indigene Zentren und kleinere Siedlungen entwickelten sich in den Folgejahrhunderten dynamisch und sind aus zahlreichen, wenn auch nur ausschnitthaften Befunden vergleichsweise gut bekannt. Das Erscheinungsbild dieser St\u00e4dte ist dagegen eine bislang unterthematisierte Kategorie ihrer arch\u00e4ologischen Bewertung. Der Vortrag m\u00f6chte eine Ann\u00e4herung an noch greifbaren Facetten dieser Kategorie r\u00f6mischer Urbanistik unternehmen.<\/p>\n<figure id=\"attachment_471\" aria-describedby=\"caption-attachment-471\" style=\"width: 525px\" class=\"wp-caption aligncenter\"><a href=\"http:\/\/www.av-rheinland.de\/index.php\/2019\/03\/22\/vortrag-25-4-2019-1815-uhr-patric-alexander-kreuz-vielfalt-im-verborgenen-annaeherungen-an-roemische-stadtbilder-norditaliens\/kreuz-abb-verona-porta-borsari\/\" rel=\"attachment wp-att-471\"><img data-attachment-id=\"471\" data-permalink=\"https:\/\/www.av-rheinland.de\/index.php\/2019\/03\/22\/vortrag-25-4-2019-1815-uhr-patric-alexander-kreuz-vielfalt-im-verborgenen-annaeherungen-an-roemische-stadtbilder-norditaliens\/kreuz-abb-verona-porta-borsari\/\" data-orig-file=\"https:\/\/i0.wp.com\/www.av-rheinland.de\/wp-content\/uploads\/2019\/03\/Kreuz-Abb-Verona-Porta-Borsari.jpg?fit=1771%2C2362&amp;ssl=1\" data-orig-size=\"1771,2362\" data-comments-opened=\"1\" data-image-meta=\"{&quot;aperture&quot;:&quot;3.5&quot;,&quot;credit&quot;:&quot;&quot;,&quot;camera&quot;:&quot;Canon PowerShot S3 IS&quot;,&quot;caption&quot;:&quot;&quot;,&quot;created_timestamp&quot;:&quot;1237225002&quot;,&quot;copyright&quot;:&quot;&quot;,&quot;focal_length&quot;:&quot;13.5&quot;,&quot;iso&quot;:&quot;0&quot;,&quot;shutter_speed&quot;:&quot;0.000625&quot;,&quot;title&quot;:&quot;&quot;,&quot;orientation&quot;:&quot;1&quot;}\" data-image-title=\"Kreuz Abb Verona Porta Borsari\" data-image-description=\"&lt;p&gt;Verona, r\u00f6misches Stadttor, die sogenannte Porta Borsari.  Foto: Patric-Alexander Kreuz .&lt;\/p&gt;\n\" data-image-caption=\"&lt;p&gt;Verona, r\u00f6misches Stadttor, die sogenannte Porta Borsari.  Foto: Patric-Alexander Kreuz .&lt;\/p&gt;\n\" data-medium-file=\"https:\/\/i0.wp.com\/www.av-rheinland.de\/wp-content\/uploads\/2019\/03\/Kreuz-Abb-Verona-Porta-Borsari.jpg?fit=225%2C300&amp;ssl=1\" data-large-file=\"https:\/\/i0.wp.com\/www.av-rheinland.de\/wp-content\/uploads\/2019\/03\/Kreuz-Abb-Verona-Porta-Borsari.jpg?fit=525%2C700&amp;ssl=1\" decoding=\"async\" loading=\"lazy\" class=\"wp-image-471 size-large\" src=\"https:\/\/i0.wp.com\/www.av-rheinland.de\/wp-content\/uploads\/2019\/03\/Kreuz-Abb-Verona-Porta-Borsari.jpg?resize=525%2C700\" alt=\"Verona, r\u00f6misches Stadttor, die sogenannte Porta Borsari. Foto: Patric-Alexander Kreuz .\" width=\"525\" height=\"700\" srcset=\"https:\/\/i0.wp.com\/www.av-rheinland.de\/wp-content\/uploads\/2019\/03\/Kreuz-Abb-Verona-Porta-Borsari.jpg?resize=768%2C1024&amp;ssl=1 768w, https:\/\/i0.wp.com\/www.av-rheinland.de\/wp-content\/uploads\/2019\/03\/Kreuz-Abb-Verona-Porta-Borsari.jpg?resize=225%2C300&amp;ssl=1 225w, https:\/\/i0.wp.com\/www.av-rheinland.de\/wp-content\/uploads\/2019\/03\/Kreuz-Abb-Verona-Porta-Borsari.jpg?w=1771&amp;ssl=1 1771w, https:\/\/i0.wp.com\/www.av-rheinland.de\/wp-content\/uploads\/2019\/03\/Kreuz-Abb-Verona-Porta-Borsari.jpg?w=1050 1050w, https:\/\/i0.wp.com\/www.av-rheinland.de\/wp-content\/uploads\/2019\/03\/Kreuz-Abb-Verona-Porta-Borsari.jpg?w=1575 1575w\" sizes=\"(max-width: 525px) 100vw, 525px\" data-recalc-dims=\"1\" \/><\/a><figcaption id=\"caption-attachment-471\" class=\"wp-caption-text\">Verona, r\u00f6misches Stadttor, die sogenannte Porta Borsari. Foto: Patric-Alexander Kreuz .<\/figcaption><\/figure>\n","protected":false},"excerpt":{"rendered":"<p>Vortrag f\u00e4llt aus! Der Vortrag von Herrn Prof. Dr. Patric-Alexander Kreutz am 25.4.2019 f\u00e4llt aus! Die Mitgliederversammlung wird daf\u00fcr vorgezogen und beginnt um 18.15 Uhr im H\u00f6rsaal des Akademischen Kunstmuseums, Am Hofgarten 21, 53113 Bonn. Donnerstag 25. April 2019, 18:15 Uhr Prof. Patric-Alexander Kreuz (Christian-Albrechts-Universit\u00e4t Kiel) Vielfalt im Verborgenen.\u00a0Ann\u00e4herungen an r\u00f6mische Stadtbilder Norditaliens H\u00f6rsaal des &hellip; <\/p>\n<p class=\"link-more\"><a href=\"https:\/\/www.av-rheinland.de\/index.php\/2019\/03\/22\/vortrag-25-4-2019-1815-uhr-patric-alexander-kreuz-vielfalt-im-verborgenen-annaeherungen-an-roemische-stadtbilder-norditaliens\/\" class=\"more-link\"><span class=\"screen-reader-text\">\u201eVortrag 25.4.2019, 18:15 Uhr: Patric-Alexander Kreuz, Vielfalt im Verborgenen.\u00a0Ann\u00e4herungen an r\u00f6mische Stadtbilder Norditaliens\u201c<\/span> weiterlesen<\/a><\/p>\n","protected":false},"author":1,"featured_media":0,"comment_status":"open","ping_status":"open","sticky":false,"template":"","format":"standard","meta":{"jetpack_post_was_ever_published":false,"_jetpack_newsletter_access":"","_jetpack_newsletter_tier_id":0,"jetpack_publicize_message":"","jetpack_is_tweetstorm":false,"jetpack_publicize_feature_enabled":true,"jetpack_social_post_already_shared":true,"jetpack_social_options":{"image_generator_settings":{"template":"highway","enabled":false}}},"categories":[3],"tags":[],"jetpack_publicize_connections":[],"jetpack_featured_media_url":"","jetpack_sharing_enabled":true,"jetpack_shortlink":"https:\/\/wp.me\/p99Kwc-7x","jetpack_likes_enabled":true,"jetpack-related-posts":[{"id":744,"url":"https:\/\/www.av-rheinland.de\/index.php\/2022\/02\/22\/vortrag-28-04-2022-1815-uhr-patric-alexander-kreuz-vielfalt-im-verborgenen\/","url_meta":{"origin":467,"position":0},"title":"Vortrag 28.04.2022, 18:15 Uhr: Patric-Alexander Kreuz, Vielfalt im Verborgenen","author":"altertumsverein","date":"Februar 22, 2022","format":false,"excerpt":"Donnerstag, 28. April 2022, 18:15 Uhr Prof. Dr. Patric-Alexander Kreuz (Christian-Albrechts-Universit\u00e4t zu Kiel) H\u00f6rsaal des AVZ III, R\u00f6merstra\u00dfe 164, 53117 Bonn.\u00a0Derzeit gilt dort die 2G-plus-Regel. Eintritt f\u00fcr AV-Mitglieder frei. Vielfalt im Verborgenen Ann\u00e4herungen an r\u00f6mische Stadtbilder Norditaliens Der Beginn r\u00f6mischer Herrschaft bedeutete f\u00fcr Norditalien eine Epoche intensiver Urbanisierung. Koloniegr\u00fcndungen, indigene\u2026","rel":"","context":"In &quot;Vortr\u00e4ge&quot;","block_context":{"text":"Vortr\u00e4ge","link":"https:\/\/www.av-rheinland.de\/index.php\/category\/vortrage\/"},"img":{"alt_text":"","src":"","width":0,"height":0},"classes":[]},{"id":487,"url":"https:\/\/www.av-rheinland.de\/index.php\/2019\/04\/24\/487\/","url_meta":{"origin":467,"position":1},"title":"Vortrag 25.4.2019, 18.15 f\u00e4llt aus &#8211; Mitgliederversammlung vorgezogen","author":"altertumsverein","date":"April 24, 2019","format":false,"excerpt":"Vortrag f\u00e4llt aus! Der Vortrag von Herrn Prof. Dr. Patric-Alexander Kreutz am 25.4.2019 f\u00e4llt aus! Die Mitgliederversammlung wird daf\u00fcr vorgezogen und beginnt um 18.15 Uhr im H\u00f6rsaal des Akademischen Kunstmuseums, Am Hofgarten 21, 53113 Bonn.","rel":"","context":"\u00c4hnlicher Beitrag","block_context":{"text":"\u00c4hnlicher Beitrag","link":""},"img":{"alt_text":"","src":"","width":0,"height":0},"classes":[]},{"id":537,"url":"https:\/\/www.av-rheinland.de\/index.php\/2019\/12\/13\/537\/","url_meta":{"origin":467,"position":2},"title":"Vortrag 16. Januar 2020, 18.15 Uhr: Stefan Ardeleanu &#8211; Numidia Romana?","author":"altertumsverein","date":"Dezember 13, 2019","format":false,"excerpt":"Donnerstag, 16. Januar 2020, 18.15 Uhr Stefan Ardeleanu M.\u00a0A. (Universit\u00e4t Heidelberg) Numidia Romana? Nordafrikanische St\u00e4dte zwischen der r\u00f6mischen Republik und der fr\u00fchen Kaiserzeit\u00a0 H\u00f6rsaal des Akademischen Kunstmuseums Bonn, Am Hofgarten 21, 53113 Bonn Nordafrika bildete seit dem dritten vorchristlichen Jahrhundert ein zentrales Interessensgebiet Roms. Dennoch stilisiert die Forschung bis heute\u2026","rel":"","context":"In &quot;Vortr\u00e4ge&quot;","block_context":{"text":"Vortr\u00e4ge","link":"https:\/\/www.av-rheinland.de\/index.php\/category\/vortrage\/"},"img":{"alt_text":"","src":"","width":0,"height":0},"classes":[]},{"id":300,"url":"https:\/\/www.av-rheinland.de\/index.php\/2018\/07\/01\/vortrag-12-7-2018-prof-dr-michael-schmauder-bonn-welten-in-bewegung-vom-rhein-zum-schwarzen-meer\/","url_meta":{"origin":467,"position":3},"title":"Vortrag 12.7.2018, Prof. Dr. Michael Schmauder (Bonn) &#8211; Welten in Bewegung. Vom Rhein zum Schwarzen Meer","author":"altertumsverein","date":"Juli 1, 2018","format":false,"excerpt":"Donnerstag 12. Juli 2018, 18 Uhr Prof. Dr. Michael Schmauder (Bonn) Welten in Bewegung. Vom Rhein zum Schwarzen Meer Europa am Beginn der V\u00f6lkerwanderung H\u00f6rsaal des Akademischen Kunstmuseums Bonn, Am Hofgarten 21, 53113 Bonn Im Jahr 2013 wurde auf einem Baugrundst\u00fcck in der Bonner K\u00f6lnstra\u00dfe ein sp\u00e4tantikes Gr\u00e4berfeld angeschnitten, das\u2026","rel":"","context":"In &quot;Vortr\u00e4ge&quot;","block_context":{"text":"Vortr\u00e4ge","link":"https:\/\/www.av-rheinland.de\/index.php\/category\/vortrage\/"},"img":{"alt_text":"","src":"","width":0,"height":0},"classes":[]},{"id":89,"url":"https:\/\/www.av-rheinland.de\/index.php\/2017\/06\/11\/vortrag-16-2-2017-18-uhr-nico-roymans-ein-romisches-massaker-im-hohen-norden\/","url_meta":{"origin":467,"position":4},"title":"Vortrag: 16.2.2017, 18 Uhr Nico Roymans, Ein r\u00f6misches Massaker im hohen Norden","author":"altertumsverein","date":"Juni 11, 2017","format":false,"excerpt":"Donnerstag, 16. Februar 2017, 18 Uhr c.t. Prof. Dr. Nico Roymans (Amsterdam) H\u00f6rsaal des Akademischen Kunstmuseums Bonn, Am Hofgarten 21 Ein r\u00f6misches Massaker im hohen Norden. C\u00e4sars Vernichtung der germanischen Tenkterer und Usipeter Im vierten Buch des \u201eGallischen Krieges\u201c beschreibt C\u00e4sar das dramatische Schicksal der Tenkterer und Usipiter, zweier St\u00e4mme\u2026","rel":"","context":"In &quot;Vortr\u00e4ge&quot;","block_context":{"text":"Vortr\u00e4ge","link":"https:\/\/www.av-rheinland.de\/index.php\/category\/vortrage\/"},"img":{"alt_text":"","src":"","width":0,"height":0},"classes":[]},{"id":545,"url":"https:\/\/www.av-rheinland.de\/index.php\/2020\/01\/17\/vortrag-13-februar-2020-dr-jean-krier-roemische-prunkvillen-im-westlichen-treverergebiet\/","url_meta":{"origin":467,"position":5},"title":"Vortrag 13. Februar 2020: Dr. Jean Krier, R\u00f6mische Prunkvillen im westlichen Treverergebiet","author":"altertumsverein","date":"Januar 17, 2020","format":false,"excerpt":"Donnerstag 13. Februar 2020, 18:15 Uhr Dr. Jean Krier (Nationalmuseum f\u00fcr Geschichte und Kunst Luxemburg) R\u00f6mische Prunkvillen im westlichen Treverergebiet H\u00f6rsaal des Akademischen Kunstmuseums Bonn, Am Hofgarten 21, 53113 Bonn Als 1975\/76 im luxemburgischen Echternach eine r\u00f6mische Villenanlage von riesigen Ausma\u00dfen mit ungew\u00f6hnlich prunkvoller Ausstattung ausgegraben wurde, galt diese einige\u2026","rel":"","context":"In &quot;Vortr\u00e4ge&quot;","block_context":{"text":"Vortr\u00e4ge","link":"https:\/\/www.av-rheinland.de\/index.php\/category\/vortrage\/"},"img":{"alt_text":"","src":"","width":0,"height":0},"classes":[]}],"_links":{"self":[{"href":"https:\/\/www.av-rheinland.de\/index.php\/wp-json\/wp\/v2\/posts\/467"}],"collection":[{"href":"https:\/\/www.av-rheinland.de\/index.php\/wp-json\/wp\/v2\/posts"}],"about":[{"href":"https:\/\/www.av-rheinland.de\/index.php\/wp-json\/wp\/v2\/types\/post"}],"author":[{"embeddable":true,"href":"https:\/\/www.av-rheinland.de\/index.php\/wp-json\/wp\/v2\/users\/1"}],"replies":[{"embeddable":true,"href":"https:\/\/www.av-rheinland.de\/index.php\/wp-json\/wp\/v2\/comments?post=467"}],"version-history":[{"count":6,"href":"https:\/\/www.av-rheinland.de\/index.php\/wp-json\/wp\/v2\/posts\/467\/revisions"}],"predecessor-version":[{"id":472,"href":"https:\/\/www.av-rheinland.de\/index.php\/wp-json\/wp\/v2\/posts\/467\/revisions\/472"}],"wp:attachment":[{"href":"https:\/\/www.av-rheinland.de\/index.php\/wp-json\/wp\/v2\/media?parent=467"}],"wp:term":[{"taxonomy":"category","embeddable":true,"href":"https:\/\/www.av-rheinland.de\/index.php\/wp-json\/wp\/v2\/categories?post=467"},{"taxonomy":"post_tag","embeddable":true,"href":"https:\/\/www.av-rheinland.de\/index.php\/wp-json\/wp\/v2\/tags?post=467"}],"curies":[{"name":"wp","href":"https:\/\/api.w.org\/{rel}","templated":true}]}}