{"id":260,"date":"2018-01-30T09:31:45","date_gmt":"2018-01-30T09:31:45","guid":{"rendered":"http:\/\/www.av-rheinland.de\/?p=260"},"modified":"2018-01-30T12:14:03","modified_gmt":"2018-01-30T12:14:03","slug":"vortrag-22-2-2018-18-uhr-alexander-heising-freiburg-neue-forschungen-zum-legionslager-von-mainz","status":"publish","type":"post","link":"https:\/\/www.av-rheinland.de\/index.php\/2018\/01\/30\/vortrag-22-2-2018-18-uhr-alexander-heising-freiburg-neue-forschungen-zum-legionslager-von-mainz\/","title":{"rendered":"Vortrag 22.2.2018, 18 Uhr, Prof. Dr. Alexander Heising (Freiburg) &#8211; Neue Forschungen zum Legionslager von Mainz"},"content":{"rendered":"<p><em>Donnerstag 22. Februar 2018, 18 Uhr<\/em><\/p>\n<p>Prof. Dr. Alexander Heising (Freiburg)<br \/>\n<strong>Neue Forschungen zum Legionslager von Mainz<br \/>\n<\/strong>H\u00f6rsaal des Akademischen Kunstmuseums Bonn, Am Hofgarten 21<\/p>\n<p>Das Legionslager von Mainz wurde im Zuge der augusteischen Germanienkriege gegr\u00fcndet und war fast vier Jahrhunderte einer der wichtigsten Milit\u00e4rpl\u00e4tze am Rhein. Konkret wissen wir vom Lager aber nur sehr wenig. Erst in den letzten Jahrzehnten fanden vermehrt Grabungen statt, die nun schrittweise aufgearbeitet werden. Die spannenden Ergebnisse der laufenden Forschung entwerfen ein ganz neues Bild vom Mainzer Legionslager.<\/p>\n<figure id=\"attachment_267\" aria-describedby=\"caption-attachment-267\" style=\"width: 768px\" class=\"wp-caption aligncenter\"><a href=\"http:\/\/www.av-rheinland.de\/index.php\/2018\/01\/30\/vortrag-22-2-2018-18-uhr-alexander-heising-freiburg-neue-forschungen-zum-legionslager-von-mainz\/mainz_soldatensockel_2\/\" rel=\"attachment wp-att-267\"><img data-attachment-id=\"267\" data-permalink=\"https:\/\/www.av-rheinland.de\/index.php\/2018\/01\/30\/vortrag-22-2-2018-18-uhr-alexander-heising-freiburg-neue-forschungen-zum-legionslager-von-mainz\/mainz_soldatensockel_2\/\" data-orig-file=\"https:\/\/i0.wp.com\/www.av-rheinland.de\/wp-content\/uploads\/2018\/01\/Mainz_Soldatensockel_2.jpg?fit=768%2C937&amp;ssl=1\" data-orig-size=\"768,937\" data-comments-opened=\"1\" data-image-meta=\"{&quot;aperture&quot;:&quot;0&quot;,&quot;credit&quot;:&quot;&quot;,&quot;camera&quot;:&quot;&quot;,&quot;caption&quot;:&quot;&quot;,&quot;created_timestamp&quot;:&quot;0&quot;,&quot;copyright&quot;:&quot;&quot;,&quot;focal_length&quot;:&quot;0&quot;,&quot;iso&quot;:&quot;0&quot;,&quot;shutter_speed&quot;:&quot;0&quot;,&quot;title&quot;:&quot;&quot;,&quot;orientation&quot;:&quot;1&quot;}\" data-image-title=\"Mainz_Soldatensockel_2\" data-image-description=\"&lt;p&gt;Bild: Legionslager Mainz, sogenannter Soldatensockel mit Legion\u00e4ren. Reliefblock aus dem Umfeld der Zentralbauten (?), als Spolie in der sp\u00e4tantiken Stadtmauer verbaut. Landesmuseum Mainz, Foto Alexander Heising.&lt;\/p&gt;\n\" data-image-caption=\"&lt;p&gt;Bild: Legionslager Mainz, sogenannter Soldatensockel mit Legion\u00e4ren. Reliefblock aus dem Umfeld der Zentralbauten (?), als Spolie in der sp\u00e4tantiken Stadtmauer verbaut. Landesmuseum Mainz, Foto Alexander Heising.&lt;\/p&gt;\n\" data-medium-file=\"https:\/\/i0.wp.com\/www.av-rheinland.de\/wp-content\/uploads\/2018\/01\/Mainz_Soldatensockel_2.jpg?fit=246%2C300&amp;ssl=1\" data-large-file=\"https:\/\/i0.wp.com\/www.av-rheinland.de\/wp-content\/uploads\/2018\/01\/Mainz_Soldatensockel_2.jpg?fit=525%2C641&amp;ssl=1\" decoding=\"async\" loading=\"lazy\" class=\"wp-image-267 size-full\" src=\"https:\/\/i0.wp.com\/www.av-rheinland.de\/wp-content\/uploads\/2018\/01\/Mainz_Soldatensockel_2.jpg?resize=525%2C641\" alt=\"Bild: Legionslager Mainz, sogenannter Soldatensockel mit Legion\u00e4ren. Reliefblock aus dem Umfeld der Zentralbauten (?), als Spolie in der sp\u00e4tantiken Stadtmauer verbaut. Landesmuseum Mainz, Foto Alexander Heising.\" width=\"525\" height=\"641\" srcset=\"https:\/\/i0.wp.com\/www.av-rheinland.de\/wp-content\/uploads\/2018\/01\/Mainz_Soldatensockel_2.jpg?w=768&amp;ssl=1 768w, https:\/\/i0.wp.com\/www.av-rheinland.de\/wp-content\/uploads\/2018\/01\/Mainz_Soldatensockel_2.jpg?resize=246%2C300&amp;ssl=1 246w\" sizes=\"(max-width: 767px) 89vw, (max-width: 1000px) 54vw, (max-width: 1071px) 543px, 580px\" data-recalc-dims=\"1\" \/><\/a><figcaption id=\"caption-attachment-267\" class=\"wp-caption-text\">Bild: Legionslager Mainz, sogenannter Soldatensockel mit Legion\u00e4ren. Reliefblock aus dem Umfeld der Zentralbauten (?), als Spolie in der sp\u00e4tantiken Stadtmauer verbaut. Landesmuseum Mainz, Foto Alexander Heising.<\/figcaption><\/figure>\n<p>Bild: Legionslager Mainz, sogenannter Soldatensockel mit Legion\u00e4ren. Reliefblock aus dem Umfeld der Zentralbauten (?), als Spolie in der sp\u00e4tantiken Stadtmauer verbaut. Landesmuseum Mainz, Foto: Alexander Heising.<\/p>\n","protected":false},"excerpt":{"rendered":"<p>Donnerstag 22. Februar 2018, 18 Uhr Prof. Dr. Alexander Heising (Freiburg) Neue Forschungen zum Legionslager von Mainz H\u00f6rsaal des Akademischen Kunstmuseums Bonn, Am Hofgarten 21 Das Legionslager von Mainz wurde im Zuge der augusteischen Germanienkriege gegr\u00fcndet und war fast vier Jahrhunderte einer der wichtigsten Milit\u00e4rpl\u00e4tze am Rhein. Konkret wissen wir vom Lager aber nur sehr &hellip; <\/p>\n<p class=\"link-more\"><a href=\"https:\/\/www.av-rheinland.de\/index.php\/2018\/01\/30\/vortrag-22-2-2018-18-uhr-alexander-heising-freiburg-neue-forschungen-zum-legionslager-von-mainz\/\" class=\"more-link\"><span class=\"screen-reader-text\">\u201eVortrag 22.2.2018, 18 Uhr, Prof. Dr. Alexander Heising (Freiburg) &#8211; Neue Forschungen zum Legionslager von Mainz\u201c<\/span> weiterlesen<\/a><\/p>\n","protected":false},"author":1,"featured_media":0,"comment_status":"open","ping_status":"open","sticky":false,"template":"","format":"standard","meta":{"jetpack_post_was_ever_published":false,"_jetpack_newsletter_access":"","_jetpack_newsletter_tier_id":0,"jetpack_publicize_message":"","jetpack_is_tweetstorm":false,"jetpack_publicize_feature_enabled":true,"jetpack_social_post_already_shared":true,"jetpack_social_options":{"image_generator_settings":{"template":"highway","enabled":false}}},"categories":[3],"tags":[22,18,21],"jetpack_publicize_connections":[],"jetpack_featured_media_url":"","jetpack_sharing_enabled":true,"jetpack_shortlink":"https:\/\/wp.me\/p99Kwc-4c","jetpack_likes_enabled":true,"jetpack-related-posts":[{"id":469,"url":"https:\/\/www.av-rheinland.de\/index.php\/2019\/04\/26\/vortrag-23-5-2019-1815-uhr-alexandra-busch-die-castra-albana-das-legionslager-vor-den-toren-roms\/","url_meta":{"origin":260,"position":0},"title":"Vortrag 23.5.2019, 18:15 Uhr: Alexandra Busch, Die Castra Albana.\u00a0Das Legionslager vor den Toren Roms","author":"altertumsverein","date":"April 26, 2019","format":false,"excerpt":"Donnerstag 23. Mai 2019, 18:15 Uhr Dr. Alexandra Busch (R\u00f6misch-Germanisches Zentralmuseum Mainz) Die Castra Albana.\u00a0Das Legionslager vor den Toren Roms H\u00f6rsaal des Akademischen Kunstmuseums Bonn, Am Hofgarten 21, 53113 Bonn Beschreibung folgt.","rel":"","context":"In &quot;Vortr\u00e4ge&quot;","block_context":{"text":"Vortr\u00e4ge","link":"https:\/\/www.av-rheinland.de\/index.php\/category\/vortrage\/"},"img":{"alt_text":"","src":"","width":0,"height":0},"classes":[]},{"id":950,"url":"https:\/\/www.av-rheinland.de\/index.php\/2023\/05\/08\/vortrag-11-05-2023-1800-uhr-michel-redde-die-gliederung-roemischer-legionslager-von-der-republik-zum-fruehen-prinzipat\/","url_meta":{"origin":260,"position":1},"title":"Vortrag 11.05.2023, 18:00 Uhr Michel Redd\u00e9, Die Gliederung r\u00f6mischer Legionslager. Von der Republik zum fr\u00fchen Prinzipat.","author":"altertumsverein","date":"Mai 8, 2023","format":false,"excerpt":"Donnerstag, den 11. Mai 2023, 18:15 Uhr LVR-LandesMuseum Colmantstra\u00dfe 18, 53115 Bonn Michel Redd\u00e9 (Emeritus der \u00c9cole pratique des hautes \u00e9tudes, Paris u. a.) Die Gliederung r\u00f6mischer Legionslager. Von der Republik zum fr\u00fchen Prinzipat. Neue Forschungen haben das Bild von den fr\u00fchen r\u00f6mischen Legionslagern und ihren Funktionen ver\u00e4ndert. Der Vortag\u2026","rel":"","context":"In &quot;Vortr\u00e4ge&quot;","block_context":{"text":"Vortr\u00e4ge","link":"https:\/\/www.av-rheinland.de\/index.php\/category\/vortrage\/"},"img":{"alt_text":"","src":"","width":0,"height":0},"classes":[]},{"id":256,"url":"https:\/\/www.av-rheinland.de\/index.php\/2018\/02\/23\/vortrag-15-3-2018-18-uhr-rahel-otte-m-a-fundmuenzen-aus-dem-bonner-legionslager\/","url_meta":{"origin":260,"position":2},"title":"Vortrag 15.3.2018, 18 Uhr &#8211; Rahel Otte M.A., Fundm\u00fcnzen aus dem Bonner Legionslager","author":"altertumsverein","date":"Februar 23, 2018","format":false,"excerpt":"15. M\u00e4rz 2018, 18:00 c.t. im Akademischen Kunstmuseum, Am Hofgarten Rahel Otte M.A. Fundm\u00fcnzen aus dem Bonner Legionslager In den Jahren 2013 und 2014 wurden Ausgrabungen in der Nordwestecke des ehemaligen Bonner Legionslagers durchgef\u00fchrt. Die dabei gefundenen rund 250 M\u00fcnzen bieten im Vergleich mit den Funden von Geldst\u00fccken anderer Fundorte\u2026","rel":"","context":"In &quot;Vortr\u00e4ge&quot;","block_context":{"text":"Vortr\u00e4ge","link":"https:\/\/www.av-rheinland.de\/index.php\/category\/vortrage\/"},"img":{"alt_text":"","src":"","width":0,"height":0},"classes":[]},{"id":264,"url":"https:\/\/www.av-rheinland.de\/index.php\/2018\/05\/18\/vortrag-21-6-2018-18-uhr-prof-dr-marietta-horster-mainz-augustus-erinnerung-an-augustus-auf-stadtroemischen-muenzen-der-kaiserzeit\/","url_meta":{"origin":260,"position":3},"title":"Vortrag 21.6.2018, 18 Uhr, Prof. Dr. Marietta Horster (Mainz) &#8211; Augustus? Erinnerung an Augustus auf stadtr\u00f6mischen M\u00fcnzen der Kaiserzeit","author":"altertumsverein","date":"Mai 18, 2018","format":false,"excerpt":"Donnerstag 21. Juni 2018, 18 Uhr Prof. Dr. Marietta Horster (Mainz) Augustus? Erinnerung an Augustus auf stadtr\u00f6mischen M\u00fcnzen der Kaiserzeit H\u00f6rsaal des Akademischen Kunstmuseums Bonn, Am Hofgarten 21 Die moderne Forschung hat einige deutliche und noch mehr versteckte Hinweise auf Augustus in der sp\u00e4teren kaiserzeitlichen M\u00fcnzpr\u00e4gung entdeckt: Mal ist es\u2026","rel":"","context":"In &quot;Vortr\u00e4ge&quot;","block_context":{"text":"Vortr\u00e4ge","link":"https:\/\/www.av-rheinland.de\/index.php\/category\/vortrage\/"},"img":{"alt_text":"","src":"","width":0,"height":0},"classes":[]},{"id":300,"url":"https:\/\/www.av-rheinland.de\/index.php\/2018\/07\/01\/vortrag-12-7-2018-prof-dr-michael-schmauder-bonn-welten-in-bewegung-vom-rhein-zum-schwarzen-meer\/","url_meta":{"origin":260,"position":4},"title":"Vortrag 12.7.2018, Prof. Dr. Michael Schmauder (Bonn) &#8211; Welten in Bewegung. Vom Rhein zum Schwarzen Meer","author":"altertumsverein","date":"Juli 1, 2018","format":false,"excerpt":"Donnerstag 12. Juli 2018, 18 Uhr Prof. Dr. Michael Schmauder (Bonn) Welten in Bewegung. Vom Rhein zum Schwarzen Meer Europa am Beginn der V\u00f6lkerwanderung H\u00f6rsaal des Akademischen Kunstmuseums Bonn, Am Hofgarten 21, 53113 Bonn Im Jahr 2013 wurde auf einem Baugrundst\u00fcck in der Bonner K\u00f6lnstra\u00dfe ein sp\u00e4tantikes Gr\u00e4berfeld angeschnitten, das\u2026","rel":"","context":"In &quot;Vortr\u00e4ge&quot;","block_context":{"text":"Vortr\u00e4ge","link":"https:\/\/www.av-rheinland.de\/index.php\/category\/vortrage\/"},"img":{"alt_text":"","src":"","width":0,"height":0},"classes":[]},{"id":197,"url":"https:\/\/www.av-rheinland.de\/index.php\/2017\/10\/27\/vortrag-9-11-2017-18-uhr-prof-oldenstein-mainz-kastell-alzey\/","url_meta":{"origin":260,"position":5},"title":"Vortrag: 9.11.2017, 18 Uhr &#8211; Prof. Oldenstein (Mainz), Kastell Alzey","author":"altertumsverein","date":"Oktober 27, 2017","format":false,"excerpt":"Donnerstag, 9. November 2017, 18 Uhr c.t. Prof. Oldenstein (Mainz) Ort: H\u00f6rsaal des Akademischen Kunstmuseums Bonn, Am Hofgarten 21 Kastell Alzey Das Kastell von Alzey wurde um 370 n. Chr. unter Kaiser Valentinian I. unweit der gleichnamigen Siedlung errichtet, als man die r\u00f6mische Grenze im Nordwesten neu formierte. Im selben\u2026","rel":"","context":"In &quot;Vortr\u00e4ge&quot;","block_context":{"text":"Vortr\u00e4ge","link":"https:\/\/www.av-rheinland.de\/index.php\/category\/vortrage\/"},"img":{"alt_text":"","src":"","width":0,"height":0},"classes":[]}],"_links":{"self":[{"href":"https:\/\/www.av-rheinland.de\/index.php\/wp-json\/wp\/v2\/posts\/260"}],"collection":[{"href":"https:\/\/www.av-rheinland.de\/index.php\/wp-json\/wp\/v2\/posts"}],"about":[{"href":"https:\/\/www.av-rheinland.de\/index.php\/wp-json\/wp\/v2\/types\/post"}],"author":[{"embeddable":true,"href":"https:\/\/www.av-rheinland.de\/index.php\/wp-json\/wp\/v2\/users\/1"}],"replies":[{"embeddable":true,"href":"https:\/\/www.av-rheinland.de\/index.php\/wp-json\/wp\/v2\/comments?post=260"}],"version-history":[{"count":4,"href":"https:\/\/www.av-rheinland.de\/index.php\/wp-json\/wp\/v2\/posts\/260\/revisions"}],"predecessor-version":[{"id":270,"href":"https:\/\/www.av-rheinland.de\/index.php\/wp-json\/wp\/v2\/posts\/260\/revisions\/270"}],"wp:attachment":[{"href":"https:\/\/www.av-rheinland.de\/index.php\/wp-json\/wp\/v2\/media?parent=260"}],"wp:term":[{"taxonomy":"category","embeddable":true,"href":"https:\/\/www.av-rheinland.de\/index.php\/wp-json\/wp\/v2\/categories?post=260"},{"taxonomy":"post_tag","embeddable":true,"href":"https:\/\/www.av-rheinland.de\/index.php\/wp-json\/wp\/v2\/tags?post=260"}],"curies":[{"name":"wp","href":"https:\/\/api.w.org\/{rel}","templated":true}]}}