{"id":247,"date":"2018-01-16T08:58:58","date_gmt":"2018-01-16T08:58:58","guid":{"rendered":"http:\/\/www.av-rheinland.de\/?p=247"},"modified":"2018-01-30T09:23:16","modified_gmt":"2018-01-30T09:23:16","slug":"vortrag-25-1-2018-18-uhr-pd-dr-konstantinos-kissas-korinth-korinth-tenea","status":"publish","type":"post","link":"https:\/\/www.av-rheinland.de\/index.php\/2018\/01\/16\/vortrag-25-1-2018-18-uhr-pd-dr-konstantinos-kissas-korinth-korinth-tenea\/","title":{"rendered":"Vortrag 25.1.2018 , 18 Uhr &#8211; PD Dr. Konstantinos Kissas (Korinth) Korinth \u2013 Tenea"},"content":{"rendered":"<p><em>Donnerstag 25. Januar 2018, 18 Uhr<br \/>\n<\/em><\/p>\n<p>PD Dr. Konstantinos Kissas (Korinth)<br \/>\n<strong>Korinth &#8211; Tenea. Die Stadt und ihre Kom\u00e9. Neue Forschungen<br \/>\n<\/strong>H\u00f6rsaal des Akademischen Kunstmuseums Bonn, Am Hofgarten 21<\/p>\n<p>Notgrabungen des Denkmalamtes (Ephorie) Korinth unter der Leitung des Vortragenden brachten in den Jahren 2008 bis 2016 viele neue Funde und Befunde ans Licht, unter anderem die archaische Stadtmauer des antiken Korinth und eine ausgedehnte Nekropole mit zwei Kuroi aus dem antiken Dorf (Kom\u00e9) Tenea.<\/p>\n<p>Eintritt frei<\/p>\n","protected":false},"excerpt":{"rendered":"<p>Donnerstag 25. Januar 2018, 18 Uhr PD Dr. Konstantinos Kissas (Korinth) Korinth &#8211; Tenea. Die Stadt und ihre Kom\u00e9. Neue Forschungen H\u00f6rsaal des Akademischen Kunstmuseums Bonn, Am Hofgarten 21 Notgrabungen des Denkmalamtes (Ephorie) Korinth unter der Leitung des Vortragenden brachten in den Jahren 2008 bis 2016 viele neue Funde und Befunde ans Licht, unter anderem &hellip; <\/p>\n<p class=\"link-more\"><a href=\"https:\/\/www.av-rheinland.de\/index.php\/2018\/01\/16\/vortrag-25-1-2018-18-uhr-pd-dr-konstantinos-kissas-korinth-korinth-tenea\/\" class=\"more-link\"><span class=\"screen-reader-text\">\u201eVortrag 25.1.2018 , 18 Uhr &#8211; PD Dr. Konstantinos Kissas (Korinth) Korinth \u2013 Tenea\u201c<\/span> weiterlesen<\/a><\/p>\n","protected":false},"author":1,"featured_media":0,"comment_status":"open","ping_status":"open","sticky":false,"template":"","format":"standard","meta":{"jetpack_post_was_ever_published":false,"_jetpack_newsletter_access":"","_jetpack_newsletter_tier_id":0,"jetpack_publicize_message":"","jetpack_is_tweetstorm":false,"jetpack_publicize_feature_enabled":true,"jetpack_social_post_already_shared":true,"jetpack_social_options":{"image_generator_settings":{"template":"highway","enabled":false}}},"categories":[3],"tags":[15,14,13],"jetpack_publicize_connections":[],"jetpack_featured_media_url":"","jetpack_sharing_enabled":true,"jetpack_shortlink":"https:\/\/wp.me\/p99Kwc-3Z","jetpack_likes_enabled":true,"jetpack-related-posts":[{"id":1271,"url":"https:\/\/www.av-rheinland.de\/index.php\/2025\/04\/24\/vortrag-15-05-2025-1815-uhr-pd-dr-chiara-blasetti-fantauzzi-die-sakrale-topographie-von-erice\/","url_meta":{"origin":247,"position":0},"title":"Vortrag 15.05.2025, 18:15 Uhr, PD Dr. Chiara Blasetti Fantauzzi &#8211; Die sakrale Topographie von Erice","author":"altertumsverein","date":"April 24, 2025","format":false,"excerpt":"Donnerstag, den 15. Mai 2025, 18:15 Uhr H\u00f6rsaal der Klassischen Arch\u00e4ologie, AVZ III, R\u00f6merstra\u00dfe 164, Bonn PD Dr. Chiara Blasetti Fantauzzi (Freie Universit\u00e4t Berlin) Die sakrale Topographie von Erice Neue Untersuchungen in den Heiligt\u00fcmern der Aphrodite und Demeter Die antike Stadt Eryx (heute Erice) in Westsizilien ist insbesondere f\u00fcr ihr\u2026","rel":"","context":"In &quot;Vortr\u00e4ge&quot;","block_context":{"text":"Vortr\u00e4ge","link":"https:\/\/www.av-rheinland.de\/index.php\/category\/vortrage\/"},"img":{"alt_text":"","src":"","width":0,"height":0},"classes":[]},{"id":1328,"url":"https:\/\/www.av-rheinland.de\/index.php\/2025\/09\/25\/vortrag-30-10-2025-1815-uhr-pd-dr-christoph-michels-marc-aurel-in-seinen-briefen\/","url_meta":{"origin":247,"position":1},"title":"Vortrag 30.10.2025, 18:15 Uhr, PD Dr. Christoph Michels &#8211; Marc Aurel in seinen Briefen","author":"altertumsverein","date":"September 25, 2025","format":false,"excerpt":"Donnerstag, den 30. Oktober 2025, 18:15 Uhr Vortragssaal des LVR-LandesMuseums Bonn, Colmantstra\u00dfe 14\u201316 PD Dr. Christoph Michels (M\u00fcnster) Marc Aurel in seinen Briefen Vom \u201aPrinzen\u2018 zum Kaiser Der \u201ePhilosophenkaiser\u201c Marc Aurel sticht unter den r\u00f6mischen Principes auch deswegen hervor, da zu ihm gleich zwei einzigartige Quellen vorliegen: seine Selbstbetrachtungen und\u2026","rel":"","context":"In &quot;Vortr\u00e4ge&quot;","block_context":{"text":"Vortr\u00e4ge","link":"https:\/\/www.av-rheinland.de\/index.php\/category\/vortrage\/"},"img":{"alt_text":"","src":"https:\/\/i0.wp.com\/www.av-rheinland.de\/wp-content\/uploads\/2025\/08\/Marc-Aurel-300x233.jpg?resize=350%2C200","width":350,"height":200},"classes":[]},{"id":64,"url":"https:\/\/www.av-rheinland.de\/index.php\/2016\/09\/26\/vortrag-3-11-2016-18-uhr-dr-burkhard-emme-die-untere-agora-von-pergamon\/","url_meta":{"origin":247,"position":2},"title":"Vortrag: 3.11.2016, 18 Uhr,  Dr. Burkhard Emme &#8211; Die Untere Agora von Pergamon","author":"altertumsverein","date":"September 26, 2016","format":false,"excerpt":"Donnerstag, 3. November 2016, 18 Uhr c.t. Dr. Burkhard Emme Die Untere Agora von Pergamon. Neue Forschungen an einem alten Grabungsplatz Die Untere Agora von Pergamon wurde in den Jahren 1900-1902 freigelegt, jedoch kaum untersucht. Seit 2013 findet daher ein deutsch-t\u00fcrkisches Kooperationsprojekt zur Dokumentation des Baus statt. Aufgrund dieser Arbeiten\u2026","rel":"","context":"In &quot;Vortr\u00e4ge&quot;","block_context":{"text":"Vortr\u00e4ge","link":"https:\/\/www.av-rheinland.de\/index.php\/category\/vortrage\/"},"img":{"alt_text":"","src":"","width":0,"height":0},"classes":[]},{"id":1162,"url":"https:\/\/www.av-rheinland.de\/index.php\/2024\/08\/15\/vortrag-12-09-2024-1815-uhr-prof-dr-klaus-grewe-antike-aquaedukte\/","url_meta":{"origin":247,"position":3},"title":"Vortrag 12.09.2024, 18:15 Uhr, Prof. Dr. Klaus Grewe &#8211; Antike Aqu\u00e4dukte","author":"altertumsverein","date":"August 15, 2024","format":false,"excerpt":"Bitte beachten Sie den Veranstaltungsort. Donnerstag, den 12. September 2024, 18:15 Uhr LVR-Landesmuseum Bonn, Colmantstra\u00dfe 14\u201316 \u00a0Prof. Dr. Klaus Grewe (Swisttal) Antike Aqu\u00e4dukte Technische Weltwunder voller Sch\u00f6nheit und R\u00e4tsel Antike Aqu\u00e4dukte durchquerten im ganzen fr\u00fcheren Imperium Romanum weite Landstriche und brachten so kostbares Trinkwasser in die r\u00f6mischen St\u00e4dte. Wer also\u2026","rel":"","context":"In &quot;Vortr\u00e4ge&quot;","block_context":{"text":"Vortr\u00e4ge","link":"https:\/\/www.av-rheinland.de\/index.php\/category\/vortrage\/"},"img":{"alt_text":"","src":"https:\/\/i0.wp.com\/www.av-rheinland.de\/wp-content\/uploads\/2024\/05\/DSC_8476_bearb-300x201.jpg?resize=350%2C200","width":350,"height":200},"classes":[]},{"id":1184,"url":"https:\/\/www.av-rheinland.de\/index.php\/2024\/11\/14\/vortrag-12-12-2024-1815-uhr-dr-philipp-von-rummel-eliten-und-das-ende-des-imperium-romanum\/","url_meta":{"origin":247,"position":4},"title":"Vortrag 12.12.2024, 18:15 Uhr, Dr. Philipp von Rummel &#8211; Neue Forschungen in Simitthus (Chimtou, Tunesien)","author":"altertumsverein","date":"November 14, 2024","format":false,"excerpt":"Donnerstag, den 12. Dezember 2024, 18:15 Uhr H\u00f6rsaal der Klassischen Arch\u00e4ologie, AVZ III, R\u00f6merstra\u00dfe 164, Bonn Dr. Philipp von Rummel (DAI Berlin) Neue Forschungen in Simitthus (Chimtou, Tunesien) Seit 1964 ist das Deutsche Arch\u00e4ologische Institut in Kooperation mit dem tunesischen Denkmalamt in der antiken Stadt Simitthus (Chimtou) aktiv. Die Arbeiten\u2026","rel":"","context":"In &quot;Vortr\u00e4ge&quot;","block_context":{"text":"Vortr\u00e4ge","link":"https:\/\/www.av-rheinland.de\/index.php\/category\/vortrage\/"},"img":{"alt_text":"","src":"https:\/\/i0.wp.com\/www.av-rheinland.de\/wp-content\/uploads\/2024\/11\/Chimtou_IMG_5137-300x225.jpg?resize=350%2C200","width":350,"height":200},"classes":[]},{"id":972,"url":"https:\/\/www.av-rheinland.de\/index.php\/2023\/05\/12\/vortrag-15-06-2023-1815-uhr-axel-filges-steinreihen-unguentarien-und-tanzende-maedchen\/","url_meta":{"origin":247,"position":5},"title":"Vortrag 15.06.2023, 18:15 Uhr Axel Filges, Steinreihen, Unguentarien und tanzende M\u00e4dchen","author":"altertumsverein","date":"Mai 12, 2023","format":false,"excerpt":"Donnerstag, den 15. Juni 2023, 18:15 Uhr KIassische Arch\u00e4ologie und Akademisches Kunstmuseum, R\u00f6merstra\u00dfe 164, 53117 Bonn Dr. Axel Filges (Frankfurt) Steinreihen, Unguentarien und tanzende M\u00e4dchen Neue Forschungen in einem unbekannten Priene Priene gilt als eine Art Musterstadt im antiken Kleinasien mit ber\u00fchmten Bauten, strikt orthogonalem Stra\u00dfensystem und landschaftlich beeindruckender Lage\u2026","rel":"","context":"In &quot;Vortr\u00e4ge&quot;","block_context":{"text":"Vortr\u00e4ge","link":"https:\/\/www.av-rheinland.de\/index.php\/category\/vortrage\/"},"img":{"alt_text":"","src":"https:\/\/i0.wp.com\/www.av-rheinland.de\/wp-content\/uploads\/2023\/05\/Luftbild-1-300x228.jpg?resize=350%2C200","width":350,"height":200},"classes":[]}],"_links":{"self":[{"href":"https:\/\/www.av-rheinland.de\/index.php\/wp-json\/wp\/v2\/posts\/247"}],"collection":[{"href":"https:\/\/www.av-rheinland.de\/index.php\/wp-json\/wp\/v2\/posts"}],"about":[{"href":"https:\/\/www.av-rheinland.de\/index.php\/wp-json\/wp\/v2\/types\/post"}],"author":[{"embeddable":true,"href":"https:\/\/www.av-rheinland.de\/index.php\/wp-json\/wp\/v2\/users\/1"}],"replies":[{"embeddable":true,"href":"https:\/\/www.av-rheinland.de\/index.php\/wp-json\/wp\/v2\/comments?post=247"}],"version-history":[{"count":4,"href":"https:\/\/www.av-rheinland.de\/index.php\/wp-json\/wp\/v2\/posts\/247\/revisions"}],"predecessor-version":[{"id":255,"href":"https:\/\/www.av-rheinland.de\/index.php\/wp-json\/wp\/v2\/posts\/247\/revisions\/255"}],"wp:attachment":[{"href":"https:\/\/www.av-rheinland.de\/index.php\/wp-json\/wp\/v2\/media?parent=247"}],"wp:term":[{"taxonomy":"category","embeddable":true,"href":"https:\/\/www.av-rheinland.de\/index.php\/wp-json\/wp\/v2\/categories?post=247"},{"taxonomy":"post_tag","embeddable":true,"href":"https:\/\/www.av-rheinland.de\/index.php\/wp-json\/wp\/v2\/tags?post=247"}],"curies":[{"name":"wp","href":"https:\/\/api.w.org\/{rel}","templated":true}]}}