{"id":197,"date":"2017-10-27T09:05:49","date_gmt":"2017-10-27T09:05:49","guid":{"rendered":"http:\/\/www.av-rheinland.de\/?p=197"},"modified":"2017-10-05T12:07:18","modified_gmt":"2017-10-05T12:07:18","slug":"vortrag-9-11-2017-18-uhr-prof-oldenstein-mainz-kastell-alzey","status":"publish","type":"post","link":"https:\/\/www.av-rheinland.de\/index.php\/2017\/10\/27\/vortrag-9-11-2017-18-uhr-prof-oldenstein-mainz-kastell-alzey\/","title":{"rendered":"Vortrag: 9.11.2017, 18 Uhr &#8211; Prof. Oldenstein (Mainz), Kastell Alzey"},"content":{"rendered":"<p><em>Donnerstag, 9. November 2017, 18 Uhr c.t.<\/em><br \/>\nProf. Oldenstein (Mainz)<br \/>\nOrt: H\u00f6rsaal des Akademischen Kunstmuseums Bonn, Am Hofgarten 21<\/p>\n<p><strong>Kastell Alzey <\/strong><\/p>\n<p><span style=\"font-family: 'Arial',sans-serif;\">Das Kastell von Alzey wurde um 370 n. Chr. unter Kaiser Valentinian I. unweit der gleichnamigen Siedlung errichtet, als man die r\u00f6mische Grenze im Nordwesten neu formierte. Im selben Zuge entstanden am Rhein die Kastelle Bingen, Horburg im Elsass und Boppard, wo ebenfalls Eliteeinheiten des r\u00f6mischen Bewegungsheeres standen. Um 400 besch\u00e4digten Germanen das schon verlassene Lager, und gegen 413 wurden dort burgundische F\u00f6deraten angesiedelt. Sie gr\u00fcndeten ein eigenes Reich, das aber schon im Jahr 436 zerschlagen wurde. Zwischen 450 und dem Ende des Westreiches in den siebziger Jahren siedelten im Lager Alamannen in r\u00f6mischen Diensten, die jedoch nur geringe Spuren hinterlassen haben. Das Gebiet am Rhein stand danach lange unter der Herrschaft der Franken.<\/span><\/p>\n","protected":false},"excerpt":{"rendered":"<p>Donnerstag, 9. November 2017, 18 Uhr c.t. Prof. Oldenstein (Mainz) Ort: H\u00f6rsaal des Akademischen Kunstmuseums Bonn, Am Hofgarten 21 Kastell Alzey Das Kastell von Alzey wurde um 370 n. Chr. unter Kaiser Valentinian I. unweit der gleichnamigen Siedlung errichtet, als man die r\u00f6mische Grenze im Nordwesten neu formierte. Im selben Zuge entstanden am Rhein die &hellip; <\/p>\n<p class=\"link-more\"><a href=\"https:\/\/www.av-rheinland.de\/index.php\/2017\/10\/27\/vortrag-9-11-2017-18-uhr-prof-oldenstein-mainz-kastell-alzey\/\" class=\"more-link\"><span class=\"screen-reader-text\">\u201eVortrag: 9.11.2017, 18 Uhr &#8211; Prof. Oldenstein (Mainz), Kastell Alzey\u201c<\/span> weiterlesen<\/a><\/p>\n","protected":false},"author":1,"featured_media":0,"comment_status":"open","ping_status":"open","sticky":false,"template":"","format":"standard","meta":{"jetpack_post_was_ever_published":false,"_jetpack_newsletter_access":"","_jetpack_newsletter_tier_id":0,"jetpack_publicize_message":"","jetpack_is_tweetstorm":false,"jetpack_publicize_feature_enabled":true,"jetpack_social_post_already_shared":true,"jetpack_social_options":{"image_generator_settings":{"template":"highway","enabled":false}}},"categories":[3],"tags":[6,11,10,12,7],"jetpack_publicize_connections":[],"jetpack_featured_media_url":"","jetpack_sharing_enabled":true,"jetpack_shortlink":"https:\/\/wp.me\/p99Kwc-3b","jetpack_likes_enabled":true,"jetpack-related-posts":[{"id":264,"url":"https:\/\/www.av-rheinland.de\/index.php\/2018\/05\/18\/vortrag-21-6-2018-18-uhr-prof-dr-marietta-horster-mainz-augustus-erinnerung-an-augustus-auf-stadtroemischen-muenzen-der-kaiserzeit\/","url_meta":{"origin":197,"position":0},"title":"Vortrag 21.6.2018, 18 Uhr, Prof. Dr. Marietta Horster (Mainz) &#8211; Augustus? Erinnerung an Augustus auf stadtr\u00f6mischen M\u00fcnzen der Kaiserzeit","author":"altertumsverein","date":"Mai 18, 2018","format":false,"excerpt":"Donnerstag 21. Juni 2018, 18 Uhr Prof. Dr. Marietta Horster (Mainz) Augustus? Erinnerung an Augustus auf stadtr\u00f6mischen M\u00fcnzen der Kaiserzeit H\u00f6rsaal des Akademischen Kunstmuseums Bonn, Am Hofgarten 21 Die moderne Forschung hat einige deutliche und noch mehr versteckte Hinweise auf Augustus in der sp\u00e4teren kaiserzeitlichen M\u00fcnzpr\u00e4gung entdeckt: Mal ist es\u2026","rel":"","context":"In &quot;Vortr\u00e4ge&quot;","block_context":{"text":"Vortr\u00e4ge","link":"https:\/\/www.av-rheinland.de\/index.php\/category\/vortrage\/"},"img":{"alt_text":"","src":"","width":0,"height":0},"classes":[]},{"id":1098,"url":"https:\/\/www.av-rheinland.de\/index.php\/2024\/01\/24\/vortrag-22-02-2024-1815-uhr-prof-dr-salvatore-ortisi-neues-zur-varusschlacht\/","url_meta":{"origin":197,"position":1},"title":"Vortrag 22.02.2024, 18:15 Uhr Prof. Dr. Salvatore Ortisi, Neues zur Varusschlacht","author":"altertumsverein","date":"Januar 24, 2024","format":false,"excerpt":"Donnerstag, den 22. Februar 2024, 18:15 Uhr H\u00f6rsaal der Klassischen Arch\u00e4ologie, AVZ III, R\u00f6merstra\u00dfe 164, Bonn Prof. Dr. Salvatore Ortisi (M\u00fcnchen)\u00a0 Neues zur Varusschlacht Die Ausgrabungen in Kalkriese 2016 bis 2020 Der Aufbau r\u00f6mischer Herrschaftsstrukturen im rechtsrheinischen Germanien fand 9 n.\u00a0Chr. mit dem Untergang des Statthalters Varus und seiner Armee\u2026","rel":"","context":"In &quot;Vortr\u00e4ge&quot;","block_context":{"text":"Vortr\u00e4ge","link":"https:\/\/www.av-rheinland.de\/index.php\/category\/vortrage\/"},"img":{"alt_text":"","src":"https:\/\/i0.wp.com\/www.av-rheinland.de\/wp-content\/uploads\/2023\/11\/image001-300x202.jpg?resize=350%2C200","width":350,"height":200},"classes":[]},{"id":1117,"url":"https:\/\/www.av-rheinland.de\/index.php\/2024\/03\/14\/vortrag-11-04-2024-1815-uhr-prof-dr-oliver-stoll-terror-mord-und-versklavung-eine-typisch-roemische-belagerung\/","url_meta":{"origin":197,"position":2},"title":"Vortrag 11.04.2024, 18:15 Uhr, Prof. Dr. Oliver Stoll, Terror, Mord und Versklavung &#8211; eine typisch r\u00f6mische Belagerung?","author":"altertumsverein","date":"M\u00e4rz 14, 2024","format":false,"excerpt":"Donnerstag, den 11. April 2024, 18:15 Uhr H\u00f6rsaal der Klassischen Arch\u00e4ologie, AVZ III, R\u00f6merstra\u00dfe 164, Bonn Prof. Dr. Oliver Stoll (Universit\u00e4t Passau) Terror, Mord und Versklavung - eine typisch r\u00f6mische Belagerung? Die Eroberung der nordgalil\u00e4ischen Siedlung Jotapata 67 n. Chr. bei Flavius Josephus Im Bellum ludaicum bietet Flavius Josephus eine\u2026","rel":"","context":"In &quot;Vortr\u00e4ge&quot;","block_context":{"text":"Vortr\u00e4ge","link":"https:\/\/www.av-rheinland.de\/index.php\/category\/vortrage\/"},"img":{"alt_text":"","src":"https:\/\/i0.wp.com\/www.av-rheinland.de\/wp-content\/uploads\/2024\/02\/Jotapata-300x217.jpg?resize=350%2C200","width":350,"height":200},"classes":[]},{"id":89,"url":"https:\/\/www.av-rheinland.de\/index.php\/2017\/06\/11\/vortrag-16-2-2017-18-uhr-nico-roymans-ein-romisches-massaker-im-hohen-norden\/","url_meta":{"origin":197,"position":3},"title":"Vortrag: 16.2.2017, 18 Uhr Nico Roymans, Ein r\u00f6misches Massaker im hohen Norden","author":"altertumsverein","date":"Juni 11, 2017","format":false,"excerpt":"Donnerstag, 16. Februar 2017, 18 Uhr c.t. Prof. Dr. Nico Roymans (Amsterdam) H\u00f6rsaal des Akademischen Kunstmuseums Bonn, Am Hofgarten 21 Ein r\u00f6misches Massaker im hohen Norden. C\u00e4sars Vernichtung der germanischen Tenkterer und Usipeter Im vierten Buch des \u201eGallischen Krieges\u201c beschreibt C\u00e4sar das dramatische Schicksal der Tenkterer und Usipiter, zweier St\u00e4mme\u2026","rel":"","context":"In &quot;Vortr\u00e4ge&quot;","block_context":{"text":"Vortr\u00e4ge","link":"https:\/\/www.av-rheinland.de\/index.php\/category\/vortrage\/"},"img":{"alt_text":"","src":"","width":0,"height":0},"classes":[]},{"id":915,"url":"https:\/\/www.av-rheinland.de\/index.php\/2023\/02\/03\/vortrag-23-02-2023-1800-uhr-dominik-maschek-die-belagerung-von-fregellae\/","url_meta":{"origin":197,"position":4},"title":"Vortrag 23.02.2023, 18:00 Uhr Dominik Maschek, Die Belagerung von Fregellae","author":"altertumsverein","date":"Februar 3, 2023","format":false,"excerpt":"Donnerstag, den 23. Februar 2023, 18:00 Uhr c. t. Klassische Arch\u00e4ologie und Akademisches Kunstmuseum, R\u00f6merstra\u00dfe 164, 53117 Bonn Dominik Maschek (Mainz\/Trier) Die Belagerung von Fregellae Neue Forschungen zu einem antiken Schlachtfeld im Umfeld von Ceprano und Arce (Latium) Zerst\u00f6rtes Geh\u00f6ft im n\u00f6rdlichen Umland von Fregellae, Grabung 2022. Foto Dominik Maschek.\u2026","rel":"","context":"In &quot;Vortr\u00e4ge&quot;","block_context":{"text":"Vortr\u00e4ge","link":"https:\/\/www.av-rheinland.de\/index.php\/category\/vortrage\/"},"img":{"alt_text":"","src":"https:\/\/i0.wp.com\/www.av-rheinland.de\/wp-content\/uploads\/2023\/01\/Fregellae_Bonn_2023-scaled.jpg?fit=1200%2C885&ssl=1&resize=350%2C200","width":350,"height":200,"srcset":"https:\/\/i0.wp.com\/www.av-rheinland.de\/wp-content\/uploads\/2023\/01\/Fregellae_Bonn_2023-scaled.jpg?fit=1200%2C885&ssl=1&resize=350%2C200 1x, https:\/\/i0.wp.com\/www.av-rheinland.de\/wp-content\/uploads\/2023\/01\/Fregellae_Bonn_2023-scaled.jpg?fit=1200%2C885&ssl=1&resize=525%2C300 1.5x, https:\/\/i0.wp.com\/www.av-rheinland.de\/wp-content\/uploads\/2023\/01\/Fregellae_Bonn_2023-scaled.jpg?fit=1200%2C885&ssl=1&resize=700%2C400 2x, https:\/\/i0.wp.com\/www.av-rheinland.de\/wp-content\/uploads\/2023\/01\/Fregellae_Bonn_2023-scaled.jpg?fit=1200%2C885&ssl=1&resize=1050%2C600 3x"},"classes":[]},{"id":672,"url":"https:\/\/www.av-rheinland.de\/index.php\/2021\/12\/10\/vortrag-13-1-2022-1815-uhr-mischa-meier-der-untergang-des-roemischen-reiches\/","url_meta":{"origin":197,"position":5},"title":"Vortrag 13.1.2022, 18:15 Uhr: Mischa Meier, Der Untergang des R\u00f6mischen Reiches","author":"altertumsverein","date":"Dezember 10, 2021","format":false,"excerpt":"Donnerstag, 13. Januar 2022, 18:15 Uhr Dr. Mischa Meier (Universit\u00e4t T\u00fcbingen) Anschrift: R\u00f6merstra\u00dfe 164, AVZ III, 53117 Bonn, Beginn 18.15 Uhr \u00a0 Der Untergang des R\u00f6mischen Reiches Warum der Osten \u00fcberlebt hat Warum erlebte das Ostr\u00f6mische oder Byzantinische Reich im siebten und achten Jahrhundert nicht ein \u00e4hnliches Schicksal wie das\u2026","rel":"","context":"In &quot;Vortr\u00e4ge&quot;","block_context":{"text":"Vortr\u00e4ge","link":"https:\/\/www.av-rheinland.de\/index.php\/category\/vortrage\/"},"img":{"alt_text":"","src":"","width":0,"height":0},"classes":[]}],"_links":{"self":[{"href":"https:\/\/www.av-rheinland.de\/index.php\/wp-json\/wp\/v2\/posts\/197"}],"collection":[{"href":"https:\/\/www.av-rheinland.de\/index.php\/wp-json\/wp\/v2\/posts"}],"about":[{"href":"https:\/\/www.av-rheinland.de\/index.php\/wp-json\/wp\/v2\/types\/post"}],"author":[{"embeddable":true,"href":"https:\/\/www.av-rheinland.de\/index.php\/wp-json\/wp\/v2\/users\/1"}],"replies":[{"embeddable":true,"href":"https:\/\/www.av-rheinland.de\/index.php\/wp-json\/wp\/v2\/comments?post=197"}],"version-history":[{"count":2,"href":"https:\/\/www.av-rheinland.de\/index.php\/wp-json\/wp\/v2\/posts\/197\/revisions"}],"predecessor-version":[{"id":199,"href":"https:\/\/www.av-rheinland.de\/index.php\/wp-json\/wp\/v2\/posts\/197\/revisions\/199"}],"wp:attachment":[{"href":"https:\/\/www.av-rheinland.de\/index.php\/wp-json\/wp\/v2\/media?parent=197"}],"wp:term":[{"taxonomy":"category","embeddable":true,"href":"https:\/\/www.av-rheinland.de\/index.php\/wp-json\/wp\/v2\/categories?post=197"},{"taxonomy":"post_tag","embeddable":true,"href":"https:\/\/www.av-rheinland.de\/index.php\/wp-json\/wp\/v2\/tags?post=197"}],"curies":[{"name":"wp","href":"https:\/\/api.w.org\/{rel}","templated":true}]}}