{"id":1392,"date":"2026-05-01T07:47:05","date_gmt":"2026-05-01T07:47:05","guid":{"rendered":"https:\/\/www.av-rheinland.de\/?p=1392"},"modified":"2026-04-20T08:02:13","modified_gmt":"2026-04-20T08:02:13","slug":"vortrag-21-05-2026-1815-uhr-prof-dr-julia-hillner-sinn-oder-sinnlichkeit-kaiserliche-ehen-in-der-spaetantike","status":"publish","type":"post","link":"https:\/\/www.av-rheinland.de\/index.php\/2026\/05\/01\/vortrag-21-05-2026-1815-uhr-prof-dr-julia-hillner-sinn-oder-sinnlichkeit-kaiserliche-ehen-in-der-spaetantike\/","title":{"rendered":"Vortrag 21.05.2026, 18:15 Uhr, Prof. Dr. Julia Hillner &#8211; Sinn oder Sinnlichkeit: Kaiserliche Ehen in der Sp\u00e4tantike"},"content":{"rendered":"<p><strong>Donnerstag, den 21. Mai 2026, 18:15 Uhr<\/strong><\/p>\n<p>H\u00f6rsaal I, AVZ III, R\u00f6merstra\u00dfe 164, Bonn<\/p>\n<p><em><strong>Prof. Dr. Julia Hillner (Universit\u00e4t Bonn)<\/strong><\/em><\/p>\n<h1>Sinn oder Sinnlichkeit: Kaiserliche Ehen in der Sp\u00e4tantike<\/h1>\n<p>In jeder Monarchie spiegeln die Wahl des Ehepartners durch den Herrscher sowie die Entscheidungen dar\u00fcber, mit wem Verwandte verheiratet werden, das Selbstverst\u00e4ndnis dieses Regimes wider. So zeigen beispielsweise isogame Heiratspraktiken, dass sich Herrscher in ihre Aristokratie zu integrieren suchen, exogame, dass ein Herrscher Wert darauf legt, Teil eines Netzwerks diplomatischer Beziehungen oder B\u00fcndnisse mit anderen Herrschern zu sein, w\u00e4hrend Endogamie darauf abzielt, die soziale Sonderstellung der Herrscherfamilie zu unterstreichen. Die Heiratsstrategien der r\u00f6mischen Kaiser m\u00fcssen aus dieser Perspektive noch systematisch erforscht werden. Dieser Vortrag widmet sich der Brautwahl sp\u00e4tantiker Kaiser, von der Tetrarchie bis zu Phokas (602-610 u. Z.). Dabei geht es zum einen darum, aus dieser Wahl Strategien im obigen Sinne abzuleiten, um das Selbstverst\u00e4ndnis des sp\u00e4tantiken Kaisertums n\u00e4her zu beleuchten. Auf der anderen Seite sollen Geschichten von sp\u00e4tantiken Kaisern, die angeblich aus Liebe heirateten, in ihre historischen Zusammenh\u00e4nge eingeordnet werden.<\/p>\n<figure id=\"attachment_1394\" aria-describedby=\"caption-attachment-1394\" style=\"width: 438px\" class=\"wp-caption alignnone\"><img data-attachment-id=\"1394\" data-permalink=\"https:\/\/www.av-rheinland.de\/index.php\/2026\/05\/01\/vortrag-21-05-2026-1815-uhr-prof-dr-julia-hillner-sinn-oder-sinnlichkeit-kaiserliche-ehen-in-der-spaetantike\/iustinus-dipt\/\" data-orig-file=\"https:\/\/i0.wp.com\/www.av-rheinland.de\/wp-content\/uploads\/2026\/04\/Iustinus-Dipt.jpg?fit=1870%2C897&amp;ssl=1\" data-orig-size=\"1870,897\" data-comments-opened=\"1\" data-image-meta=\"{&quot;aperture&quot;:&quot;0&quot;,&quot;credit&quot;:&quot;&quot;,&quot;camera&quot;:&quot;&quot;,&quot;caption&quot;:&quot;&quot;,&quot;created_timestamp&quot;:&quot;0&quot;,&quot;copyright&quot;:&quot;&quot;,&quot;focal_length&quot;:&quot;0&quot;,&quot;iso&quot;:&quot;0&quot;,&quot;shutter_speed&quot;:&quot;0&quot;,&quot;title&quot;:&quot;&quot;,&quot;orientation&quot;:&quot;1&quot;}\" data-image-title=\"Konsulardiptychon des Iustinus (kurz vor 540), Detail: kaiserliches Ehepaar zu Seiten Christi\" data-image-description=\"\" data-image-caption=\"&lt;p&gt;Konsulardiptychon des Iustinus (kurz vor 540), Detail: kaiserliches Ehepaar zu Seiten Christi&lt;\/p&gt;\n\" data-medium-file=\"https:\/\/i0.wp.com\/www.av-rheinland.de\/wp-content\/uploads\/2026\/04\/Iustinus-Dipt.jpg?fit=300%2C144&amp;ssl=1\" data-large-file=\"https:\/\/i0.wp.com\/www.av-rheinland.de\/wp-content\/uploads\/2026\/04\/Iustinus-Dipt.jpg?fit=525%2C252&amp;ssl=1\" decoding=\"async\" loading=\"lazy\" class=\" wp-image-1394\" src=\"https:\/\/i0.wp.com\/www.av-rheinland.de\/wp-content\/uploads\/2026\/04\/Iustinus-Dipt.jpg?resize=438%2C210\" alt=\"\" width=\"438\" height=\"210\" srcset=\"https:\/\/i0.wp.com\/www.av-rheinland.de\/wp-content\/uploads\/2026\/04\/Iustinus-Dipt.jpg?resize=300%2C144&amp;ssl=1 300w, https:\/\/i0.wp.com\/www.av-rheinland.de\/wp-content\/uploads\/2026\/04\/Iustinus-Dipt.jpg?resize=1024%2C491&amp;ssl=1 1024w, https:\/\/i0.wp.com\/www.av-rheinland.de\/wp-content\/uploads\/2026\/04\/Iustinus-Dipt.jpg?resize=768%2C368&amp;ssl=1 768w, https:\/\/i0.wp.com\/www.av-rheinland.de\/wp-content\/uploads\/2026\/04\/Iustinus-Dipt.jpg?resize=1536%2C737&amp;ssl=1 1536w, https:\/\/i0.wp.com\/www.av-rheinland.de\/wp-content\/uploads\/2026\/04\/Iustinus-Dipt.jpg?w=1870&amp;ssl=1 1870w\" sizes=\"(max-width: 438px) 100vw, 438px\" data-recalc-dims=\"1\" \/><figcaption id=\"caption-attachment-1394\" class=\"wp-caption-text\">Konsulardiptychon des Iustinus (kurz vor 540), Detail: kaiserliches Ehepaar zu Seiten Christi<\/figcaption><\/figure>\n<p>Bildnachweis: <span class=\"MuiTypography-root jss265 MuiTypography-caption\">Staatliche Museen zu Berlin, Skulpturensammlung und Museum f\u00fcr Byzantinische Kunst \/ SBM Archivaufnahme <\/span><span class=\"MuiTypography-root jss265 MuiTypography-caption\">Public Domain Mark 1.0<\/span> (mit ver\u00e4ndertem Ausschnitt)<\/p>\n","protected":false},"excerpt":{"rendered":"<p>Donnerstag, den 21. Mai 2026, 18:15 Uhr H\u00f6rsaal I, AVZ III, R\u00f6merstra\u00dfe 164, Bonn Prof. Dr. Julia Hillner (Universit\u00e4t Bonn) Sinn oder Sinnlichkeit: Kaiserliche Ehen in der Sp\u00e4tantike In jeder Monarchie spiegeln die Wahl des Ehepartners durch den Herrscher sowie die Entscheidungen dar\u00fcber, mit wem Verwandte verheiratet werden, das Selbstverst\u00e4ndnis dieses Regimes wider. So zeigen &hellip; <\/p>\n<p class=\"link-more\"><a href=\"https:\/\/www.av-rheinland.de\/index.php\/2026\/05\/01\/vortrag-21-05-2026-1815-uhr-prof-dr-julia-hillner-sinn-oder-sinnlichkeit-kaiserliche-ehen-in-der-spaetantike\/\" class=\"more-link\"><span class=\"screen-reader-text\">\u201eVortrag 21.05.2026, 18:15 Uhr, Prof. Dr. Julia Hillner &#8211; Sinn oder Sinnlichkeit: Kaiserliche Ehen in der Sp\u00e4tantike\u201c<\/span> weiterlesen<\/a><\/p>\n","protected":false},"author":1,"featured_media":0,"comment_status":"open","ping_status":"open","sticky":false,"template":"","format":"standard","meta":{"jetpack_post_was_ever_published":false,"_jetpack_newsletter_access":"","_jetpack_newsletter_tier_id":0,"jetpack_publicize_message":"","jetpack_is_tweetstorm":false,"jetpack_publicize_feature_enabled":true,"jetpack_social_post_already_shared":true,"jetpack_social_options":{"image_generator_settings":{"template":"highway","enabled":false}}},"categories":[1],"tags":[],"jetpack_publicize_connections":[],"jetpack_featured_media_url":"","jetpack_sharing_enabled":true,"jetpack_shortlink":"https:\/\/wp.me\/p99Kwc-ms","jetpack_likes_enabled":true,"jetpack-related-posts":[{"id":1328,"url":"https:\/\/www.av-rheinland.de\/index.php\/2025\/09\/25\/vortrag-30-10-2025-1815-uhr-pd-dr-christoph-michels-marc-aurel-in-seinen-briefen\/","url_meta":{"origin":1392,"position":0},"title":"Vortrag 30.10.2025, 18:15 Uhr, PD Dr. Christoph Michels &#8211; Marc Aurel in seinen Briefen","author":"altertumsverein","date":"September 25, 2025","format":false,"excerpt":"Donnerstag, den 30. Oktober 2025, 18:15 Uhr Vortragssaal des LVR-LandesMuseums Bonn, Colmantstra\u00dfe 14\u201316 PD Dr. Christoph Michels (M\u00fcnster) Marc Aurel in seinen Briefen Vom \u201aPrinzen\u2018 zum Kaiser Der \u201ePhilosophenkaiser\u201c Marc Aurel sticht unter den r\u00f6mischen Principes auch deswegen hervor, da zu ihm gleich zwei einzigartige Quellen vorliegen: seine Selbstbetrachtungen und\u2026","rel":"","context":"In &quot;Vortr\u00e4ge&quot;","block_context":{"text":"Vortr\u00e4ge","link":"https:\/\/www.av-rheinland.de\/index.php\/category\/vortrage\/"},"img":{"alt_text":"","src":"https:\/\/i0.wp.com\/www.av-rheinland.de\/wp-content\/uploads\/2025\/08\/Marc-Aurel-300x233.jpg?resize=350%2C200","width":350,"height":200},"classes":[]},{"id":1040,"url":"https:\/\/www.av-rheinland.de\/index.php\/2023\/10\/20\/vortrag-07-12-2023-1815-uhr-prof-dr-richard-posamentir-alles-fuer-den-kaiser\/","url_meta":{"origin":1392,"position":1},"title":"Vortrag 07.12.2023, 18:15 Uhr Prof. Dr. Richard Posamentir, Alles f\u00fcr den Kaiser?","author":"altertumsverein","date":"Oktober 20, 2023","format":false,"excerpt":"Donnerstag, den 07.12.2023, 18:15 Uhr KIassische Arch\u00e4ologie und Akademisches Kunstmuseum, H\u00f6rsaal I, R\u00f6merstra\u00dfe 164, 53117 Bonn Alles f\u00fcr den Kaiser? Gedanken zu kaiserzeitlichen Tempeln im r\u00f6mischen Osten War man vor einigen Jahrzehnten noch von einer lediglich hier und da prominent in Erscheinung tretenden Verehrung des r\u00f6mischen Kaisers im Osten des\u2026","rel":"","context":"In &quot;Vortr\u00e4ge&quot;","block_context":{"text":"Vortr\u00e4ge","link":"https:\/\/www.av-rheinland.de\/index.php\/category\/vortrage\/"},"img":{"alt_text":"","src":"https:\/\/i0.wp.com\/www.av-rheinland.de\/wp-content\/uploads\/2023\/10\/DSC01577-300x225.jpg?resize=350%2C200","width":350,"height":200},"classes":[]},{"id":496,"url":"https:\/\/www.av-rheinland.de\/index.php\/2019\/06\/11\/vortrag-27-6-2019-1815-uhr-prof-dr-heinrich-schlange-schoeningen-galen-von-pergamon-und-mark-aurel\/","url_meta":{"origin":1392,"position":2},"title":"Vortrag 27.6.2019, 18:15 Uhr: Prof. Dr. Heinrich Schlange-Sch\u00f6ningen &#8211; Galen von Pergamon und Mark Aurel","author":"altertumsverein","date":"Juni 11, 2019","format":false,"excerpt":"Donnerstag 27. Juni 2019, 18:15 Uhr Prof. Dr. Heinrich Schlange-Sch\u00f6ningen (Universit\u00e4t des Saarlandes, Saarbr\u00fccken) Galen von Pergamon und Mark Aurel H\u00f6rsaal des Akademischen Kunstmuseums Bonn, Am Hofgarten 21, 53113 Bonn Galen kam nach langen Studienjahren und ersten \u00e4rztlichen Erfahrungen in Pergamon um 160 n. Chr. nach Rom, wo er aufsehenerregende\u2026","rel":"","context":"In &quot;Vortr\u00e4ge&quot;","block_context":{"text":"Vortr\u00e4ge","link":"https:\/\/www.av-rheinland.de\/index.php\/category\/vortrage\/"},"img":{"alt_text":"","src":"","width":0,"height":0},"classes":[]},{"id":1266,"url":"https:\/\/www.av-rheinland.de\/index.php\/2025\/03\/17\/vortrag-24-04-2025-1815-uhr-prof-dr-eckhard-wirbelauer-der-28-oktober-312-und-seine-folgen-eine-wende-in-rom\/","url_meta":{"origin":1392,"position":3},"title":"Vortrag 24.04.2025, 18:15 Uhr, Prof. Dr. Eckhard Wirbelauer &#8211; Der 28. Oktober 312 und seine Folgen: Eine Wende in Rom","author":"altertumsverein","date":"M\u00e4rz 17, 2025","format":false,"excerpt":"Donnerstag, den 24. April 2025, 18:15 Uhr H\u00f6rsaal der Klassischen Arch\u00e4ologie, AVZ III, R\u00f6merstra\u00dfe 164, Bonn Prof. Dr. Eckhard Wirbelauer (Universit\u00e4t Strasbourg) Der 28. Oktober 312 und seine Folgen Eine Wende in Rom Als Maxentius an der Milvischen Br\u00fccke Schlacht und Leben verlor, brach f\u00fcr die R\u00f6mer eine Welt zusammen,\u2026","rel":"","context":"In &quot;Vortr\u00e4ge&quot;","block_context":{"text":"Vortr\u00e4ge","link":"https:\/\/www.av-rheinland.de\/index.php\/category\/vortrage\/"},"img":{"alt_text":"","src":"https:\/\/i0.wp.com\/www.av-rheinland.de\/wp-content\/uploads\/2025\/03\/Konstantinsbogen_vom_Kolosseum-300x237.jpg?resize=350%2C200","width":350,"height":200},"classes":[]},{"id":264,"url":"https:\/\/www.av-rheinland.de\/index.php\/2018\/05\/18\/vortrag-21-6-2018-18-uhr-prof-dr-marietta-horster-mainz-augustus-erinnerung-an-augustus-auf-stadtroemischen-muenzen-der-kaiserzeit\/","url_meta":{"origin":1392,"position":4},"title":"Vortrag 21.6.2018, 18 Uhr, Prof. Dr. Marietta Horster (Mainz) &#8211; Augustus? Erinnerung an Augustus auf stadtr\u00f6mischen M\u00fcnzen der Kaiserzeit","author":"altertumsverein","date":"Mai 18, 2018","format":false,"excerpt":"Donnerstag 21. Juni 2018, 18 Uhr Prof. Dr. Marietta Horster (Mainz) Augustus? Erinnerung an Augustus auf stadtr\u00f6mischen M\u00fcnzen der Kaiserzeit H\u00f6rsaal des Akademischen Kunstmuseums Bonn, Am Hofgarten 21 Die moderne Forschung hat einige deutliche und noch mehr versteckte Hinweise auf Augustus in der sp\u00e4teren kaiserzeitlichen M\u00fcnzpr\u00e4gung entdeckt: Mal ist es\u2026","rel":"","context":"In &quot;Vortr\u00e4ge&quot;","block_context":{"text":"Vortr\u00e4ge","link":"https:\/\/www.av-rheinland.de\/index.php\/category\/vortrage\/"},"img":{"alt_text":"","src":"","width":0,"height":0},"classes":[]},{"id":521,"url":"https:\/\/www.av-rheinland.de\/index.php\/2019\/11\/15\/vortrag-12-12-2019-1815-uhr-prof-dr-eric-moormann-heilige-bilder-botschaft-oder-dekoration\/","url_meta":{"origin":1392,"position":5},"title":"Vortrag 12.12.2019, 18:15 Uhr Prof. Dr. Eric Moormann: Heilige Bilder: Botschaft oder Dekoration?","author":"altertumsverein","date":"November 15, 2019","format":false,"excerpt":"Donnerstag 12. Dezember 2019, 18:15 Uhr, Winckelmannsvortrag Prof. Dr. Eric Moormann (Universit\u00e4t Nimwegen) Heilige Bilder: Botschaft oder Dekoration? Die Wandmalerei der Synagoge von Dura Europos in Syrien H\u00f6rsaal des Akademischen Kunstmuseums Bonn, Am Hofgarten 21, 53113 Bonn Auf der Grundlage einer Zusammenstellung der gemalten Dekorationen antiker Heiligt\u00fcmer sollen die vieldiskutierten\u2026","rel":"","context":"In &quot;Vortr\u00e4ge&quot;","block_context":{"text":"Vortr\u00e4ge","link":"https:\/\/www.av-rheinland.de\/index.php\/category\/vortrage\/"},"img":{"alt_text":"","src":"","width":0,"height":0},"classes":[]}],"_links":{"self":[{"href":"https:\/\/www.av-rheinland.de\/index.php\/wp-json\/wp\/v2\/posts\/1392"}],"collection":[{"href":"https:\/\/www.av-rheinland.de\/index.php\/wp-json\/wp\/v2\/posts"}],"about":[{"href":"https:\/\/www.av-rheinland.de\/index.php\/wp-json\/wp\/v2\/types\/post"}],"author":[{"embeddable":true,"href":"https:\/\/www.av-rheinland.de\/index.php\/wp-json\/wp\/v2\/users\/1"}],"replies":[{"embeddable":true,"href":"https:\/\/www.av-rheinland.de\/index.php\/wp-json\/wp\/v2\/comments?post=1392"}],"version-history":[{"count":3,"href":"https:\/\/www.av-rheinland.de\/index.php\/wp-json\/wp\/v2\/posts\/1392\/revisions"}],"predecessor-version":[{"id":1397,"href":"https:\/\/www.av-rheinland.de\/index.php\/wp-json\/wp\/v2\/posts\/1392\/revisions\/1397"}],"wp:attachment":[{"href":"https:\/\/www.av-rheinland.de\/index.php\/wp-json\/wp\/v2\/media?parent=1392"}],"wp:term":[{"taxonomy":"category","embeddable":true,"href":"https:\/\/www.av-rheinland.de\/index.php\/wp-json\/wp\/v2\/categories?post=1392"},{"taxonomy":"post_tag","embeddable":true,"href":"https:\/\/www.av-rheinland.de\/index.php\/wp-json\/wp\/v2\/tags?post=1392"}],"curies":[{"name":"wp","href":"https:\/\/api.w.org\/{rel}","templated":true}]}}