{"id":1375,"date":"2026-01-27T08:52:13","date_gmt":"2026-01-27T08:52:13","guid":{"rendered":"https:\/\/www.av-rheinland.de\/?p=1375"},"modified":"2026-01-27T08:52:13","modified_gmt":"2026-01-27T08:52:13","slug":"vortrag-26-02-2026-1815-uhr-julia-ruecker-lisa-meffire-frank-willer-neue-erkenntnisse-zur-bronzezeit","status":"publish","type":"post","link":"https:\/\/www.av-rheinland.de\/index.php\/2026\/01\/27\/vortrag-26-02-2026-1815-uhr-julia-ruecker-lisa-meffire-frank-willer-neue-erkenntnisse-zur-bronzezeit\/","title":{"rendered":"Vortrag 26.02.2026, 18:15 Uhr, Julia R\u00fccker, Lisa Meffire, Frank Willer &#8211; Neue Erkenntnisse zur Bronzezeit"},"content":{"rendered":"<p><strong>Donnerstag, den 26. Februar 2026, 18:15 Uhr<\/strong><\/p>\n<p>Vortragssaal des LVR-LandesMuseums Bonn<\/p>\n<p>Julia R\u00fccker, Lisa Meffire und Frank Willer<\/p>\n<h1>Neue Erkenntnisse zur Bronzezeit \u2013 Der Lanzenspitzenhort von Voerde Spellen, Kr. Wesel<\/h1>\n<p>Im Jahr 2019 wurde dem LVR-Amt f\u00fcr Bodendenkmalpflege im Rheinland ein au\u00dfergew\u00f6hnlicher sp\u00e4tbronzezeitlicher Hortfund (900 bis 800 v. Chr.) gemeldet. Der Lanzenspitzenhort von Voerde Spellen umfasst ca. 50 rekonstruierbare Lanzenspitzen und hebt sich durch seine hohe Anzahl und ein Gesamtgewicht von etwa 5 kg von anderen Deponierungen am Niederrhein ab. Er ist auch \u00fcberregional als herausragend bronzereicher Hort zu bezeichnen und stellt in der Sp\u00e4tbronzezezit ein betr\u00e4chtliches Verm\u00f6gen dar.<\/p>\n<p>Bei der restauratorischen Konservierung im LVR-LandesMuseum Bonn zeigte sich, dass die Lanzenspitzen ungew\u00f6hnlich qualit\u00e4tvoll gearbeitet sind. Metallanalysen und Untersuchungen von Tonkernen wurden durchgef\u00fchrt, um technische Fragen und die Herkunft des Metalls zu kl\u00e4ren. Die ungew\u00f6hnliche Kombination aus Bronze und Eisen an einer Lanzent\u00fclle gibt neue Einblicke in die metallurgischen Entwicklungen sowie den \u00dcbergang von der Bronze- zur Eisenzeit am Unteren Niederrhein. Der Fundort, nahe des Rheins und der Lippem\u00fcndung, spielte eine zentrale Rolle im Handelsnetz und zeigt eine auff\u00e4llige Konzentration von sp\u00e4tbronzezeitlichen Metallfunden entlang der Fl\u00fcsse, die mit aller Vorsicht als Hortungslandschaft bezeichnet werden kann.<\/p>\n<p><img decoding=\"async\" src=\"https:\/\/i0.wp.com\/www.av-rheinland.de\/wp-content\/uploads\/2026\/01\/NI_2019_120_Sammelaufnahme3.jpg?w=525\" data-recalc-dims=\"1\" \/><\/p>\n<p>Lanzenspitzenhort von Voerde-Spellen, Kr. Wesel (Foto: J\u00fcrgen Vogel\/LVR-LandesMuseum Bonn)<\/p>\n","protected":false},"excerpt":{"rendered":"<p>Donnerstag, den 26. Februar 2026, 18:15 Uhr Vortragssaal des LVR-LandesMuseums Bonn Julia R\u00fccker, Lisa Meffire und Frank Willer Neue Erkenntnisse zur Bronzezeit \u2013 Der Lanzenspitzenhort von Voerde Spellen, Kr. Wesel Im Jahr 2019 wurde dem LVR-Amt f\u00fcr Bodendenkmalpflege im Rheinland ein au\u00dfergew\u00f6hnlicher sp\u00e4tbronzezeitlicher Hortfund (900 bis 800 v. Chr.) gemeldet. Der Lanzenspitzenhort von Voerde Spellen &hellip; <\/p>\n<p class=\"link-more\"><a href=\"https:\/\/www.av-rheinland.de\/index.php\/2026\/01\/27\/vortrag-26-02-2026-1815-uhr-julia-ruecker-lisa-meffire-frank-willer-neue-erkenntnisse-zur-bronzezeit\/\" class=\"more-link\"><span class=\"screen-reader-text\">\u201eVortrag 26.02.2026, 18:15 Uhr, Julia R\u00fccker, Lisa Meffire, Frank Willer &#8211; Neue Erkenntnisse zur Bronzezeit\u201c<\/span> weiterlesen<\/a><\/p>\n","protected":false},"author":1,"featured_media":0,"comment_status":"open","ping_status":"open","sticky":false,"template":"","format":"standard","meta":{"jetpack_post_was_ever_published":false,"_jetpack_newsletter_access":"","_jetpack_newsletter_tier_id":0,"jetpack_publicize_message":"","jetpack_is_tweetstorm":false,"jetpack_publicize_feature_enabled":true,"jetpack_social_post_already_shared":true,"jetpack_social_options":{"image_generator_settings":{"template":"highway","enabled":false}}},"categories":[1],"tags":[],"jetpack_publicize_connections":[],"jetpack_featured_media_url":"","jetpack_sharing_enabled":true,"jetpack_shortlink":"https:\/\/wp.me\/p99Kwc-mb","jetpack_likes_enabled":true,"jetpack-related-posts":[{"id":93,"url":"https:\/\/www.av-rheinland.de\/index.php\/2017\/06\/11\/vortrag-11-5-2017-18-uhr-fraser-hunter-the-iron-age-carnyx\/","url_meta":{"origin":1375,"position":0},"title":"Vortrag: 11.5.2017, 18 Uhr, Fraser Hunter &#8211; The Iron Age Carnyx","author":"altertumsverein","date":"Juni 11, 2017","format":false,"excerpt":"Donnerstag, 11. Mai 2017, 18 Uhr c. t.\u00a0 Dr. Fraser Hunter (Edinburgh, National Museums Scotland) Vortragssaal des LVR-LandesMuseums Bonn, Colmantstr. 14-16 The Iron Age Carnyx. A Celtic Musical Journey from Bonn to India Recent research has revealed that a nineteenth-century find from Abentheuer (Kr. Birkenfeld), now in the LVR-Landesmuseum Bonn,\u2026","rel":"","context":"In &quot;Vortr\u00e4ge&quot;","block_context":{"text":"Vortr\u00e4ge","link":"https:\/\/www.av-rheinland.de\/index.php\/category\/vortrage\/"},"img":{"alt_text":"","src":"","width":0,"height":0},"classes":[]},{"id":694,"url":"https:\/\/www.av-rheinland.de\/index.php\/2021\/11\/17\/vortrag-18-11-201-1815-uhr-detlef-jantzen-blutige-krieger-vor-3300-jahren\/","url_meta":{"origin":1375,"position":1},"title":"Vortrag 18.11.201 18:15 Uhr: Detlef Jantzen, Blutige Krieger vor 3300 Jahren?","author":"altertumsverein","date":"November 17, 2021","format":false,"excerpt":"Donnerstag 18. November 2021, 18:15 Uhr Dr. Detlef Jantzen, Landesamt f\u00fcr Kultur und Denkmalpflege\u00a0Mecklenburg-Vorpommern, Schwerin Ort: Fach Klassische Arch\u00e4ologie und Akademisches Kunstmuseum, R\u00f6merstra\u00dfe 164, 53117 Bonn (neuer vor\u00fcbergehender Dienstsitz) Blutige Krieger vor 3.300 Jahren? Der bronzezeitliche Gewaltkonflikt im Tollensetal, Mecklenburg-Vorpommern Im Tal des Fl\u00fc\u00dfchens Tollense (Mecklenburg-Vorpommern) wurden die \u00dcberreste von\u2026","rel":"","context":"In &quot;Vortr\u00e4ge&quot;","block_context":{"text":"Vortr\u00e4ge","link":"https:\/\/www.av-rheinland.de\/index.php\/category\/vortrage\/"},"img":{"alt_text":"","src":"https:\/\/i0.wp.com\/www.av-rheinland.de\/wp-content\/uploads\/2021\/11\/DSC_1279-1-1024x683.jpg?resize=350%2C200","width":350,"height":200,"srcset":"https:\/\/i0.wp.com\/www.av-rheinland.de\/wp-content\/uploads\/2021\/11\/DSC_1279-1-1024x683.jpg?resize=350%2C200 1x, https:\/\/i0.wp.com\/www.av-rheinland.de\/wp-content\/uploads\/2021\/11\/DSC_1279-1-1024x683.jpg?resize=525%2C300 1.5x"},"classes":[]},{"id":87,"url":"https:\/\/www.av-rheinland.de\/index.php\/2017\/06\/11\/vortrag-26-1-2017-18-uhr-svend-hansen-neue-forschungen-im-kaukasus\/","url_meta":{"origin":1375,"position":2},"title":"Vortrag: 26.1.2017, 18 Uhr Svend Hansen, Neue Forschungen im Kaukasus","author":"altertumsverein","date":"Juni 11, 2017","format":false,"excerpt":"Donnerstag, 26. Januar 2017, 18 Uhr c.t. Prof. Dr. Svend Hansen (Berlin) H\u00f6rsaal des Akademischen Kunstmuseums Bonn, Am Hofgarten 21 Neue Forschungen im Kaukasus vom Neolithikum bis in die Bronzezeit Der Kaukasus ist ein europ\u00e4ischer Faszinationsort. Er ist Grenze ebenso wie verbindende Br\u00fccke zwischen Europa und Asien. Er ragt \u00fcber\u2026","rel":"","context":"In &quot;Vortr\u00e4ge&quot;","block_context":{"text":"Vortr\u00e4ge","link":"https:\/\/www.av-rheinland.de\/index.php\/category\/vortrage\/"},"img":{"alt_text":"","src":"","width":0,"height":0},"classes":[]},{"id":1014,"url":"https:\/\/www.av-rheinland.de\/index.php\/2023\/09\/22\/vortrag-18-10-2023-1800-uhr-barbara-dimde-und-frank-willer-ins-visier-genommen\/","url_meta":{"origin":1375,"position":3},"title":"Vortrag 18.10.2023, 18:15 Uhr Dr. Barbara Dimde und Frank Willer, Ins Visier genommen","author":"altertumsverein","date":"September 22, 2023","format":false,"excerpt":"Mittwoch, 18.10.2023, 18:15 Uhr LVR-Landesmuseum Bonn, Colmantstr. 14-16, 53115 Bonn Dr. Barbara Dimde und Frank Willer Ins Visier genommen Neue Forschungen zu einem Gladiatorenhelm der legio XV Primigenia Aus dem Gebiet des r\u00f6mischen Reiches sind nur wenige originale Gladiatorenwaffen oder Teile gladiatorischer Panzerung \u00fcberliefert. Die hier vorgestellte Krempe eines Gladiatorenhelmes\u2026","rel":"","context":"In &quot;Vortr\u00e4ge&quot;","block_context":{"text":"Vortr\u00e4ge","link":"https:\/\/www.av-rheinland.de\/index.php\/category\/vortrage\/"},"img":{"alt_text":"","src":"https:\/\/i0.wp.com\/www.av-rheinland.de\/wp-content\/uploads\/2023\/07\/image003-300x209.jpg?resize=350%2C200","width":350,"height":200},"classes":[]},{"id":517,"url":"https:\/\/www.av-rheinland.de\/index.php\/2019\/09\/20\/vortrag-17-10-2019-1815-uhr-prof-dr-roald-docter-thorikos-und-das-silber\/","url_meta":{"origin":1375,"position":4},"title":"Vortrag 17.10.2019, 18:15 Uhr: Prof. Dr. Roald Docter &#8211; Thorikos und das Silber","author":"altertumsverein","date":"September 20, 2019","format":false,"excerpt":"Donnerstag 17. Oktober 2019, 18:15 Uhr Prof. Dr. Roald Docter (Universit\u00e4t Gent) Thorikos und das Silber Neue Forschungen in einer Bergbaustadt im S\u00fcden Attikas H\u00f6rsaal des Akademischen Kunstmuseums Bonn, Am Hofgarten 21, 53113 Bonn Thorikos wird seit 1961 von belgischen Arch\u00e4ologen erforscht und hat bereits wichtige Ergebnisse f\u00fcr die Perioden\u2026","rel":"","context":"In &quot;Vortr\u00e4ge&quot;","block_context":{"text":"Vortr\u00e4ge","link":"https:\/\/www.av-rheinland.de\/index.php\/category\/vortrage\/"},"img":{"alt_text":"","src":"","width":0,"height":0},"classes":[]},{"id":1252,"url":"https:\/\/www.av-rheinland.de\/index.php\/2025\/02\/26\/vortrag-13-03-2025-1815-uhr-klaus-frank-das-bergische-land-im-ersten-vorchristlichen-jahrhundert\/","url_meta":{"origin":1375,"position":5},"title":"Vortrag 13.03.2025, 18:15 Uhr, Klaus Frank &#8211; Das Bergische Land im ersten vorchristlichen Jahrhundert","author":"altertumsverein","date":"Februar 26, 2025","format":false,"excerpt":"Bitte beachten Sie den Veranstaltungsort. Donnerstag, den 13. M\u00e4rz 2025, 18:15 Uhr LVR-Landesmuseum Bonn, Colmantstra\u00dfe 14\u201316 Klaus Frank (ehem. Amt f\u00fcr Bodendenkmalpflege im Rheinland) Das Bergische Land im ersten vorchristlichen Jahrhundert Kelten und Germanen in Koexistenz und Konkurrenz? Aktuelle Untersuchungen an Befestigungsanlagen im Bergischen Land zeigen \u00fcberraschende Ergebnisse zur Besiedlungsgeschichte:\u2026","rel":"","context":"In &quot;Vortr\u00e4ge&quot;","block_context":{"text":"Vortr\u00e4ge","link":"https:\/\/www.av-rheinland.de\/index.php\/category\/vortrage\/"},"img":{"alt_text":"","src":"https:\/\/i0.wp.com\/www.av-rheinland.de\/wp-content\/uploads\/2025\/02\/E_2017_148_96-14-287x300.jpg?resize=350%2C200","width":350,"height":200},"classes":[]}],"_links":{"self":[{"href":"https:\/\/www.av-rheinland.de\/index.php\/wp-json\/wp\/v2\/posts\/1375"}],"collection":[{"href":"https:\/\/www.av-rheinland.de\/index.php\/wp-json\/wp\/v2\/posts"}],"about":[{"href":"https:\/\/www.av-rheinland.de\/index.php\/wp-json\/wp\/v2\/types\/post"}],"author":[{"embeddable":true,"href":"https:\/\/www.av-rheinland.de\/index.php\/wp-json\/wp\/v2\/users\/1"}],"replies":[{"embeddable":true,"href":"https:\/\/www.av-rheinland.de\/index.php\/wp-json\/wp\/v2\/comments?post=1375"}],"version-history":[{"count":1,"href":"https:\/\/www.av-rheinland.de\/index.php\/wp-json\/wp\/v2\/posts\/1375\/revisions"}],"predecessor-version":[{"id":1377,"href":"https:\/\/www.av-rheinland.de\/index.php\/wp-json\/wp\/v2\/posts\/1375\/revisions\/1377"}],"wp:attachment":[{"href":"https:\/\/www.av-rheinland.de\/index.php\/wp-json\/wp\/v2\/media?parent=1375"}],"wp:term":[{"taxonomy":"category","embeddable":true,"href":"https:\/\/www.av-rheinland.de\/index.php\/wp-json\/wp\/v2\/categories?post=1375"},{"taxonomy":"post_tag","embeddable":true,"href":"https:\/\/www.av-rheinland.de\/index.php\/wp-json\/wp\/v2\/tags?post=1375"}],"curies":[{"name":"wp","href":"https:\/\/api.w.org\/{rel}","templated":true}]}}