{"id":1324,"date":"2025-10-30T20:00:53","date_gmt":"2025-10-30T20:00:53","guid":{"rendered":"https:\/\/www.av-rheinland.de\/?p=1324"},"modified":"2025-08-26T13:30:51","modified_gmt":"2025-08-26T13:30:51","slug":"vortrag-20-11-2025-1815-uhr-prof-monika-truemper-das-gymnasium-von-agrigent","status":"publish","type":"post","link":"https:\/\/www.av-rheinland.de\/index.php\/2025\/10\/30\/vortrag-20-11-2025-1815-uhr-prof-monika-truemper-das-gymnasium-von-agrigent\/","title":{"rendered":"Vortrag 20.11.2025, 18:15 Uhr, Prof. Monika Tr\u00fcmper &#8211; Das Gymnasium von Agrigent"},"content":{"rendered":"<p><strong>Donnerstag, den 20. November 2025, 18:15 Uhr<\/strong><\/p>\n<p>H\u00f6rsaal der Klassischen Arch\u00e4ologie, AVZ III, R\u00f6merstra\u00dfe 164, Bonn<\/p>\n<p><em><strong>Prof. Monika Tr\u00fcmper (Berlin)<\/strong><\/em><\/p>\n<h1>Das Gymnasium von Agrigent<\/h1>\n<p>Neue Funde und Forschungen der Freien Universit\u00e4t Berlin<\/p>\n<p>In der griechischen Kultur stellten Gymnasien den zentralen Ort f\u00fcr sportliche und intellektuelle Ausbildung der Jugend dar. Von den wenigen bekannten Beispielen solcher Geb\u00e4ude im westlichen Mittelmeerraum ist das Gymnasium in Agrigent das wichtigste und gr\u00f6\u00dfte. Es wurde zwischen 1960 und 2005 partiell freigelegt, und seit 2020 gr\u00e4bt dort ein Team der Freien Universit\u00e4t Berlin. Es werden Ergebnisse von f\u00fcnf Feldforschungskampagnen vorgestellt, darunter ein H\u00f6rsaal und eine gro\u00dfe Bauinschrift. Die Anlage\u00a0\u2013 so zeigt sich nun\u00a0\u2013 bot Raum f\u00fcr vielerlei athletische \u00dcbungen, vor allem auch f\u00fcr den nur selten arch\u00e4ologisch nachweisbaren Schwimmsport, war aber auch ein Ort f\u00fcr Vorf\u00fchrungen und geistige Aktivit\u00e4t.<\/p>\n<p><img decoding=\"async\" src=\"https:\/\/i0.wp.com\/www.av-rheinland.de\/wp-content\/uploads\/2025\/08\/AGG25_DrohnenfotoPalaestra_2025-06-23-scaled.jpg?w=525\" data-recalc-dims=\"1\" \/><\/p>\n<p><em>Agrigent, Drohnenbild vom Gymnasium 2025. Der Bereich der Pal\u00e4stra setzt sich noch nach links und oben \u00fcber den Bildrand fort. Dazu geh\u00f6rt links der Bildmitte der H\u00f6rsaal mit halbkreisf\u00f6rmigen Stufen, nach rechts schlie\u00dft ein gro\u00dfer Saalbau an. Am rechten Bildrand in halber H\u00f6he des Bildes der Bereich des einst von S\u00e4ulen umstandenen Schwimmbeckens. Foto FU Berlin.<\/em><\/p>\n","protected":false},"excerpt":{"rendered":"<p>Donnerstag, den 20. November 2025, 18:15 Uhr H\u00f6rsaal der Klassischen Arch\u00e4ologie, AVZ III, R\u00f6merstra\u00dfe 164, Bonn Prof. Monika Tr\u00fcmper (Berlin) Das Gymnasium von Agrigent Neue Funde und Forschungen der Freien Universit\u00e4t Berlin In der griechischen Kultur stellten Gymnasien den zentralen Ort f\u00fcr sportliche und intellektuelle Ausbildung der Jugend dar. Von den wenigen bekannten Beispielen solcher &hellip; <\/p>\n<p class=\"link-more\"><a href=\"https:\/\/www.av-rheinland.de\/index.php\/2025\/10\/30\/vortrag-20-11-2025-1815-uhr-prof-monika-truemper-das-gymnasium-von-agrigent\/\" class=\"more-link\"><span class=\"screen-reader-text\">\u201eVortrag 20.11.2025, 18:15 Uhr, Prof. Monika Tr\u00fcmper &#8211; Das Gymnasium von Agrigent\u201c<\/span> weiterlesen<\/a><\/p>\n","protected":false},"author":1,"featured_media":0,"comment_status":"open","ping_status":"open","sticky":false,"template":"","format":"standard","meta":{"jetpack_post_was_ever_published":false,"_jetpack_newsletter_access":"","_jetpack_newsletter_tier_id":0,"jetpack_publicize_message":"","jetpack_is_tweetstorm":false,"jetpack_publicize_feature_enabled":true,"jetpack_social_post_already_shared":true,"jetpack_social_options":{"image_generator_settings":{"template":"highway","enabled":false}}},"categories":[1],"tags":[],"jetpack_publicize_connections":[],"jetpack_featured_media_url":"","jetpack_sharing_enabled":true,"jetpack_shortlink":"https:\/\/wp.me\/p99Kwc-lm","jetpack_likes_enabled":true,"jetpack-related-posts":[{"id":517,"url":"https:\/\/www.av-rheinland.de\/index.php\/2019\/09\/20\/vortrag-17-10-2019-1815-uhr-prof-dr-roald-docter-thorikos-und-das-silber\/","url_meta":{"origin":1324,"position":0},"title":"Vortrag 17.10.2019, 18:15 Uhr: Prof. Dr. Roald Docter &#8211; Thorikos und das Silber","author":"altertumsverein","date":"September 20, 2019","format":false,"excerpt":"Donnerstag 17. Oktober 2019, 18:15 Uhr Prof. Dr. Roald Docter (Universit\u00e4t Gent) Thorikos und das Silber Neue Forschungen in einer Bergbaustadt im S\u00fcden Attikas H\u00f6rsaal des Akademischen Kunstmuseums Bonn, Am Hofgarten 21, 53113 Bonn Thorikos wird seit 1961 von belgischen Arch\u00e4ologen erforscht und hat bereits wichtige Ergebnisse f\u00fcr die Perioden\u2026","rel":"","context":"In &quot;Vortr\u00e4ge&quot;","block_context":{"text":"Vortr\u00e4ge","link":"https:\/\/www.av-rheinland.de\/index.php\/category\/vortrage\/"},"img":{"alt_text":"","src":"","width":0,"height":0},"classes":[]},{"id":1340,"url":"https:\/\/www.av-rheinland.de\/index.php\/2025\/12\/09\/vortrag-12-12-2025-1815-uhr-prof-dr-diamantis-panagiotopoulos-der-minoische-stiersprung\/","url_meta":{"origin":1324,"position":1},"title":"Vortrag 12.12.2025, 18:15 Uhr, Prof. Dr. Diamantis Panagiotopoulos &#8211; Der minoische Stiersprung","author":"altertumsverein","date":"Dezember 9, 2025","format":false,"excerpt":"Donnerstag, den 12. Dezember 2025, 18:15 Uhr H\u00f6rsaal der Klassischen Arch\u00e4ologie, AVZ III, R\u00f6merstra\u00dfe 164, Bonn Prof. Dr. Diamantis Panagiotopoulos (Universit\u00e4t Heidelberg) Der minoische Stiersprung Anatomie eines\u00a0fr\u00fch\u00e4g\u00e4ischen Rituals Innerhalb der faszinierenden Bilderwelt aus der Bl\u00fctezeit der minoischen Kultur sticht ein Motiv so deutlich hervor, dass es geradezu zum visuellen Emblem\u2026","rel":"","context":"\u00c4hnlicher Beitrag","block_context":{"text":"\u00c4hnlicher Beitrag","link":""},"img":{"alt_text":"","src":"","width":0,"height":0},"classes":[]},{"id":1173,"url":"https:\/\/www.av-rheinland.de\/index.php\/2024\/10\/28\/vortrag-24-10-2024-1815-uhr-prof-dr-anja-kloeckner-sichtbarkeit-und-wahrnehmung\/","url_meta":{"origin":1324,"position":2},"title":"Vortrag 24.10.2024, 18:15 Uhr, Prof. Dr. Anja Kl\u00f6ckner &#8211; Sichtbarkeit und Wahrnehmung","author":"altertumsverein","date":"Oktober 28, 2024","format":false,"excerpt":"Donnerstag, den 24. Oktober 2024, 18:15 Uhr H\u00f6rsaal der Klassischen Arch\u00e4ologie, AVZ III, R\u00f6merstra\u00dfe 164, Bonn \u00a0Prof. Dr. Anja Kl\u00f6ckner (Goethe-Universit\u00e4t Frankfurt) Sichtbarkeit und Wahrnehmung Grabdenkm\u00e4ler und Funerallandschaften im Treverergebiet Vorgestellt werden erste Ergebnisse eines Projektes zur Rekonstruktion der treverischen Funerallandschaft. Im Mittelpunkt steht die formale, r\u00e4umliche, funktionale und semiotischen\u2026","rel":"","context":"In &quot;Vortr\u00e4ge&quot;","block_context":{"text":"Vortr\u00e4ge","link":"https:\/\/www.av-rheinland.de\/index.php\/category\/vortrage\/"},"img":{"alt_text":"","src":"","width":0,"height":0},"classes":[]},{"id":463,"url":"https:\/\/www.av-rheinland.de\/index.php\/2019\/03\/06\/vortrag-21-3-2019-1815-uhr-prof-david-engels-hellenisierung-sinisierung-arabisierung\/","url_meta":{"origin":1324,"position":3},"title":"Vortrag 21.3.2019, 18:15 Uhr: Prof. David Engels, Hellenisierung, Sinisierung, Arabisierung.","author":"altertumsverein","date":"M\u00e4rz 6, 2019","format":false,"excerpt":"Donnerstag 21. M\u00e4rz 2019, 18:15 Uhr Prof. David Engels (Freie Universit\u00e4t Br\u00fcssel) Hellenisierung, Sinisierung, Arabisierung \u00dcberlegungen zu historischen Assimilationsph\u00e4nomenen H\u00f6rsaal des Akademischen Kunstmuseums Bonn, Am Hofgarten 21, 53113 Bonn Der Begriff \u201eHellenismus\u201c,\u00a0 einst ein zentraler Fachausdruck zum Verst\u00e4ndnis der Antike, ist heute fragw\u00fcrdig geworden. Viele wollen mit Klaus Bringmann nur\u2026","rel":"","context":"In &quot;Vortr\u00e4ge&quot;","block_context":{"text":"Vortr\u00e4ge","link":"https:\/\/www.av-rheinland.de\/index.php\/category\/vortrage\/"},"img":{"alt_text":"","src":"","width":0,"height":0},"classes":[]},{"id":1271,"url":"https:\/\/www.av-rheinland.de\/index.php\/2025\/04\/24\/vortrag-15-05-2025-1815-uhr-pd-dr-chiara-blasetti-fantauzzi-die-sakrale-topographie-von-erice\/","url_meta":{"origin":1324,"position":4},"title":"Vortrag 15.05.2025, 18:15 Uhr, PD Dr. Chiara Blasetti Fantauzzi &#8211; Die sakrale Topographie von Erice","author":"altertumsverein","date":"April 24, 2025","format":false,"excerpt":"Donnerstag, den 15. Mai 2025, 18:15 Uhr H\u00f6rsaal der Klassischen Arch\u00e4ologie, AVZ III, R\u00f6merstra\u00dfe 164, Bonn PD Dr. Chiara Blasetti Fantauzzi (Freie Universit\u00e4t Berlin) Die sakrale Topographie von Erice Neue Untersuchungen in den Heiligt\u00fcmern der Aphrodite und Demeter Die antike Stadt Eryx (heute Erice) in Westsizilien ist insbesondere f\u00fcr ihr\u2026","rel":"","context":"In &quot;Vortr\u00e4ge&quot;","block_context":{"text":"Vortr\u00e4ge","link":"https:\/\/www.av-rheinland.de\/index.php\/category\/vortrage\/"},"img":{"alt_text":"","src":"","width":0,"height":0},"classes":[]},{"id":87,"url":"https:\/\/www.av-rheinland.de\/index.php\/2017\/06\/11\/vortrag-26-1-2017-18-uhr-svend-hansen-neue-forschungen-im-kaukasus\/","url_meta":{"origin":1324,"position":5},"title":"Vortrag: 26.1.2017, 18 Uhr Svend Hansen, Neue Forschungen im Kaukasus","author":"altertumsverein","date":"Juni 11, 2017","format":false,"excerpt":"Donnerstag, 26. Januar 2017, 18 Uhr c.t. Prof. Dr. Svend Hansen (Berlin) H\u00f6rsaal des Akademischen Kunstmuseums Bonn, Am Hofgarten 21 Neue Forschungen im Kaukasus vom Neolithikum bis in die Bronzezeit Der Kaukasus ist ein europ\u00e4ischer Faszinationsort. Er ist Grenze ebenso wie verbindende Br\u00fccke zwischen Europa und Asien. Er ragt \u00fcber\u2026","rel":"","context":"In &quot;Vortr\u00e4ge&quot;","block_context":{"text":"Vortr\u00e4ge","link":"https:\/\/www.av-rheinland.de\/index.php\/category\/vortrage\/"},"img":{"alt_text":"","src":"","width":0,"height":0},"classes":[]}],"_links":{"self":[{"href":"https:\/\/www.av-rheinland.de\/index.php\/wp-json\/wp\/v2\/posts\/1324"}],"collection":[{"href":"https:\/\/www.av-rheinland.de\/index.php\/wp-json\/wp\/v2\/posts"}],"about":[{"href":"https:\/\/www.av-rheinland.de\/index.php\/wp-json\/wp\/v2\/types\/post"}],"author":[{"embeddable":true,"href":"https:\/\/www.av-rheinland.de\/index.php\/wp-json\/wp\/v2\/users\/1"}],"replies":[{"embeddable":true,"href":"https:\/\/www.av-rheinland.de\/index.php\/wp-json\/wp\/v2\/comments?post=1324"}],"version-history":[{"count":1,"href":"https:\/\/www.av-rheinland.de\/index.php\/wp-json\/wp\/v2\/posts\/1324\/revisions"}],"predecessor-version":[{"id":1325,"href":"https:\/\/www.av-rheinland.de\/index.php\/wp-json\/wp\/v2\/posts\/1324\/revisions\/1325"}],"wp:attachment":[{"href":"https:\/\/www.av-rheinland.de\/index.php\/wp-json\/wp\/v2\/media?parent=1324"}],"wp:term":[{"taxonomy":"category","embeddable":true,"href":"https:\/\/www.av-rheinland.de\/index.php\/wp-json\/wp\/v2\/categories?post=1324"},{"taxonomy":"post_tag","embeddable":true,"href":"https:\/\/www.av-rheinland.de\/index.php\/wp-json\/wp\/v2\/tags?post=1324"}],"curies":[{"name":"wp","href":"https:\/\/api.w.org\/{rel}","templated":true}]}}