{"id":1266,"date":"2025-03-17T10:47:27","date_gmt":"2025-03-17T10:47:27","guid":{"rendered":"https:\/\/www.av-rheinland.de\/?p=1266"},"modified":"2025-03-19T14:08:16","modified_gmt":"2025-03-19T14:08:16","slug":"vortrag-24-04-2025-1815-uhr-prof-dr-eckhard-wirbelauer-der-28-oktober-312-und-seine-folgen-eine-wende-in-rom","status":"publish","type":"post","link":"https:\/\/www.av-rheinland.de\/index.php\/2025\/03\/17\/vortrag-24-04-2025-1815-uhr-prof-dr-eckhard-wirbelauer-der-28-oktober-312-und-seine-folgen-eine-wende-in-rom\/","title":{"rendered":"Vortrag 24.04.2025, 18:15 Uhr, Prof. Dr. Eckhard Wirbelauer &#8211; Der 28. Oktober 312 und seine Folgen: Eine Wende in Rom"},"content":{"rendered":"<p><strong>Donnerstag, den 24. April 2025, 18:15 Uhr<\/strong><\/p>\n<p>H\u00f6rsaal der Klassischen Arch\u00e4ologie, AVZ III, R\u00f6merstra\u00dfe 164, Bonn<\/p>\n<p><strong>Prof. Dr. Eckhard Wirbelauer (Universit\u00e4t Strasbourg)<\/strong><\/p>\n<h1>Der 28. Oktober 312 und seine Folgen<\/h1>\n<p>Eine Wende in Rom<\/p>\n<p>Als Maxentius an der Milvischen Br\u00fccke Schlacht und Leben verlor, brach f\u00fcr die R\u00f6mer eine Welt zusammen, die erst wenige Jahre zuvor (306) begonnen hatte. Denn mit Maxentius herrschte seit langem wieder ein Kaiser in Rom selbst, der noch dazu durch seine Handlungen deutlich machte, dass die Stadt selbst seine Herrschaft legitimieren sollte. Die Niederlage brachte also gerade die f\u00fchrenden Familien der Stadt in gr\u00f6\u00dfte N\u00f6te, denn es galt nun, Beziehungen zum Sieger aufzubauen und den bisherigen Kaiser vergessen zu machen. In dem Vortrag werden die Etappen dieser Wende aus der Sicht der Besiegten bis zur Errichtung des Bogens f\u00fcr Konstantin nachgezeichnet.<\/p>\n<figure id=\"attachment_1289\" aria-describedby=\"caption-attachment-1289\" style=\"width: 300px\" class=\"wp-caption alignnone\"><img data-attachment-id=\"1289\" data-permalink=\"https:\/\/www.av-rheinland.de\/index.php\/vortraege-2025\/konstantinsbogen_vom_kolosseum\/\" data-orig-file=\"https:\/\/i0.wp.com\/www.av-rheinland.de\/wp-content\/uploads\/2025\/03\/Konstantinsbogen_vom_Kolosseum-scaled.jpg?fit=2560%2C2025&amp;ssl=1\" data-orig-size=\"2560,2025\" data-comments-opened=\"1\" data-image-meta=\"{&quot;aperture&quot;:&quot;0&quot;,&quot;credit&quot;:&quot;&quot;,&quot;camera&quot;:&quot;&quot;,&quot;caption&quot;:&quot;&quot;,&quot;created_timestamp&quot;:&quot;0&quot;,&quot;copyright&quot;:&quot;&quot;,&quot;focal_length&quot;:&quot;0&quot;,&quot;iso&quot;:&quot;0&quot;,&quot;shutter_speed&quot;:&quot;0&quot;,&quot;title&quot;:&quot;&quot;,&quot;orientation&quot;:&quot;1&quot;}\" data-image-title=\"Konstantinsbogen_vom_Kolosseum\" data-image-description=\"\" data-image-caption=\"&lt;p&gt;Sicht auf den Konstantinsbogen vom Kolosseum aus, Autor: Philippos~dewiki; Quelle: Wikimedia Commons&lt;\/p&gt;\n\" data-medium-file=\"https:\/\/i0.wp.com\/www.av-rheinland.de\/wp-content\/uploads\/2025\/03\/Konstantinsbogen_vom_Kolosseum-scaled.jpg?fit=300%2C237&amp;ssl=1\" data-large-file=\"https:\/\/i0.wp.com\/www.av-rheinland.de\/wp-content\/uploads\/2025\/03\/Konstantinsbogen_vom_Kolosseum-scaled.jpg?fit=525%2C415&amp;ssl=1\" decoding=\"async\" loading=\"lazy\" class=\"size-medium wp-image-1289\" src=\"https:\/\/i0.wp.com\/www.av-rheinland.de\/wp-content\/uploads\/2025\/03\/Konstantinsbogen_vom_Kolosseum.jpg?resize=300%2C237\" alt=\"\" width=\"300\" height=\"237\" srcset=\"https:\/\/i0.wp.com\/www.av-rheinland.de\/wp-content\/uploads\/2025\/03\/Konstantinsbogen_vom_Kolosseum-scaled.jpg?resize=300%2C237&amp;ssl=1 300w, https:\/\/i0.wp.com\/www.av-rheinland.de\/wp-content\/uploads\/2025\/03\/Konstantinsbogen_vom_Kolosseum-scaled.jpg?resize=1024%2C810&amp;ssl=1 1024w, https:\/\/i0.wp.com\/www.av-rheinland.de\/wp-content\/uploads\/2025\/03\/Konstantinsbogen_vom_Kolosseum-scaled.jpg?resize=768%2C608&amp;ssl=1 768w, https:\/\/i0.wp.com\/www.av-rheinland.de\/wp-content\/uploads\/2025\/03\/Konstantinsbogen_vom_Kolosseum-scaled.jpg?resize=1536%2C1215&amp;ssl=1 1536w, https:\/\/i0.wp.com\/www.av-rheinland.de\/wp-content\/uploads\/2025\/03\/Konstantinsbogen_vom_Kolosseum-scaled.jpg?resize=2048%2C1620&amp;ssl=1 2048w\" sizes=\"(max-width: 300px) 100vw, 300px\" data-recalc-dims=\"1\" \/><figcaption id=\"caption-attachment-1289\" class=\"wp-caption-text\">Sicht auf den Konstantinsbogen vom Kolosseum aus, Autor: Philippos~dewiki; Quelle: Wikimedia Commons<\/figcaption><\/figure>\n","protected":false},"excerpt":{"rendered":"<p>Donnerstag, den 24. April 2025, 18:15 Uhr H\u00f6rsaal der Klassischen Arch\u00e4ologie, AVZ III, R\u00f6merstra\u00dfe 164, Bonn Prof. Dr. Eckhard Wirbelauer (Universit\u00e4t Strasbourg) Der 28. Oktober 312 und seine Folgen Eine Wende in Rom Als Maxentius an der Milvischen Br\u00fccke Schlacht und Leben verlor, brach f\u00fcr die R\u00f6mer eine Welt zusammen, die erst wenige Jahre zuvor &hellip; <\/p>\n<p class=\"link-more\"><a href=\"https:\/\/www.av-rheinland.de\/index.php\/2025\/03\/17\/vortrag-24-04-2025-1815-uhr-prof-dr-eckhard-wirbelauer-der-28-oktober-312-und-seine-folgen-eine-wende-in-rom\/\" class=\"more-link\"><span class=\"screen-reader-text\">\u201eVortrag 24.04.2025, 18:15 Uhr, Prof. Dr. Eckhard Wirbelauer &#8211; Der 28. Oktober 312 und seine Folgen: Eine Wende in Rom\u201c<\/span> weiterlesen<\/a><\/p>\n","protected":false},"author":1,"featured_media":0,"comment_status":"open","ping_status":"open","sticky":false,"template":"","format":"standard","meta":{"jetpack_post_was_ever_published":false,"_jetpack_newsletter_access":"","_jetpack_newsletter_tier_id":0,"jetpack_publicize_message":"","jetpack_is_tweetstorm":false,"jetpack_publicize_feature_enabled":true,"jetpack_social_post_already_shared":true,"jetpack_social_options":{"image_generator_settings":{"template":"highway","enabled":false}}},"categories":[3],"tags":[],"jetpack_publicize_connections":[],"jetpack_featured_media_url":"","jetpack_sharing_enabled":true,"jetpack_shortlink":"https:\/\/wp.me\/p99Kwc-kq","jetpack_likes_enabled":true,"jetpack-related-posts":[{"id":496,"url":"https:\/\/www.av-rheinland.de\/index.php\/2019\/06\/11\/vortrag-27-6-2019-1815-uhr-prof-dr-heinrich-schlange-schoeningen-galen-von-pergamon-und-mark-aurel\/","url_meta":{"origin":1266,"position":0},"title":"Vortrag 27.6.2019, 18:15 Uhr: Prof. Dr. Heinrich Schlange-Sch\u00f6ningen &#8211; Galen von Pergamon und Mark Aurel","author":"altertumsverein","date":"Juni 11, 2019","format":false,"excerpt":"Donnerstag 27. Juni 2019, 18:15 Uhr Prof. Dr. Heinrich Schlange-Sch\u00f6ningen (Universit\u00e4t des Saarlandes, Saarbr\u00fccken) Galen von Pergamon und Mark Aurel H\u00f6rsaal des Akademischen Kunstmuseums Bonn, Am Hofgarten 21, 53113 Bonn Galen kam nach langen Studienjahren und ersten \u00e4rztlichen Erfahrungen in Pergamon um 160 n. Chr. nach Rom, wo er aufsehenerregende\u2026","rel":"","context":"In &quot;Vortr\u00e4ge&quot;","block_context":{"text":"Vortr\u00e4ge","link":"https:\/\/www.av-rheinland.de\/index.php\/category\/vortrage\/"},"img":{"alt_text":"","src":"","width":0,"height":0},"classes":[]},{"id":988,"url":"https:\/\/www.av-rheinland.de\/index.php\/2023\/06\/19\/vortrag-13-07-2023-1815-uhr-dr-paul-scheding-der-unrasierte-gott\/","url_meta":{"origin":1266,"position":1},"title":"Vortrag 13.07.2023, 18:15 Uhr Dr. Paul Scheding, Der unrasierte Gott","author":"altertumsverein","date":"Juni 19, 2023","format":false,"excerpt":"Donnerstag 13. Juli 2023, 18:15 h KIassische Arch\u00e4ologie und Akademisches Kunstmuseum, R\u00f6merstra\u00dfe 164, 53117 Bonn \u00a0Dr. Paul Scheding (M\u00fcnchen)\u00a0 Der unrasierte Gott Ausgrabungen im sogenannten Heiligtum des Iuppiter Anxur in Terracina Die Stadt Terracina liegt an der K\u00fcste Mittelitaliens ungef\u00e4hr auf halber Strecke zwischen Rom und Neapel. Sie ist aus\u2026","rel":"","context":"In &quot;Vortr\u00e4ge&quot;","block_context":{"text":"Vortr\u00e4ge","link":"https:\/\/www.av-rheinland.de\/index.php\/category\/vortrage\/"},"img":{"alt_text":"","src":"https:\/\/i0.wp.com\/www.av-rheinland.de\/wp-content\/uploads\/2023\/06\/Heiligtum_Iupiter_Anxur-300x196.jpg?resize=350%2C200","width":350,"height":200},"classes":[]},{"id":1386,"url":"https:\/\/www.av-rheinland.de\/index.php\/2026\/04\/17\/vortrag-30-04-2026-1815-uhr-prof-dr-ortwin-dally-forschungen-zur-topographie-des-kapitols\/","url_meta":{"origin":1266,"position":2},"title":"Vortrag 30.04.2026, 18:15 Uhr, Prof. Dr. Ortwin Dally &#8211; Forschungen zur Topographie des Kapitols","author":"altertumsverein","date":"April 17, 2026","format":false,"excerpt":"Donnerstag, den 30. April 2026, 18:15 Uhr H\u00f6rsaal der Klassischen Arch\u00e4ologie, AVZ III, R\u00f6merstra\u00dfe 164, Bonn Prof. Dr. Ortwin Dally (DAI Rom) Forschungen zur Topographie des Kapitols. Neue Einblicke in die Stadtgeschichte Roms in Antike, Mittelalter und Neuzeit Der Vortrag stellt die vorl\u00e4ufigen Ergebnisse des Forschungsprojekts der Sovrintendenza Capitolina ai\u2026","rel":"","context":"\u00c4hnlicher Beitrag","block_context":{"text":"\u00c4hnlicher Beitrag","link":""},"img":{"alt_text":"","src":"https:\/\/i0.wp.com\/www.av-rheinland.de\/wp-content\/uploads\/2026\/04\/Bildschirmfoto-2026-04-17-um-08.37.43-256x300.png?resize=350%2C200","width":350,"height":200,"srcset":"https:\/\/i0.wp.com\/www.av-rheinland.de\/wp-content\/uploads\/2026\/04\/Bildschirmfoto-2026-04-17-um-08.37.43-256x300.png?resize=350%2C200 1x, https:\/\/i0.wp.com\/www.av-rheinland.de\/wp-content\/uploads\/2026\/04\/Bildschirmfoto-2026-04-17-um-08.37.43-256x300.png?resize=525%2C300 1.5x"},"classes":[]},{"id":818,"url":"https:\/\/www.av-rheinland.de\/index.php\/2023\/02\/24\/vortrag-15-09-2022-1800-uhr-dr-bettina-tremmel-rom-auf-dem-weg-nach-germanien\/","url_meta":{"origin":1266,"position":3},"title":"Vortrag 16.03.2023, 18:00 Uhr Dr. Bettina Tremmel, Rom auf dem Weg nach Germanien","author":"altertumsverein","date":"Februar 24, 2023","format":false,"excerpt":"Donnerstag, den 16. M\u00e4rz 2023, 18:00 Uhr c. t. (urspr\u00fcnglich angek\u00fcndigt f\u00fcr 15. September 2022) Klassische Arch\u00e4ologie und Akademisches Kunstmuseum, R\u00f6merstra\u00dfe 164, 53117 Bonn Dr. Bettina Tremmel (LWL-Arch\u00e4ologie f\u00fcr Westfalen, M\u00fcnster) Rom auf dem Weg nach Germanien Neues zu den R\u00f6merlagern in Westfalen Unter Kaiser Augustus geriet Westfalen in den\u2026","rel":"","context":"In &quot;Vortr\u00e4ge&quot;","block_context":{"text":"Vortr\u00e4ge","link":"https:\/\/www.av-rheinland.de\/index.php\/category\/vortrage\/"},"img":{"alt_text":"","src":"https:\/\/i0.wp.com\/www.av-rheinland.de\/wp-content\/uploads\/2022\/10\/Dolch-Haltern_LWL-S.-Brentfuehrer.jpg?fit=1200%2C944&ssl=1&resize=350%2C200","width":350,"height":200,"srcset":"https:\/\/i0.wp.com\/www.av-rheinland.de\/wp-content\/uploads\/2022\/10\/Dolch-Haltern_LWL-S.-Brentfuehrer.jpg?fit=1200%2C944&ssl=1&resize=350%2C200 1x, https:\/\/i0.wp.com\/www.av-rheinland.de\/wp-content\/uploads\/2022\/10\/Dolch-Haltern_LWL-S.-Brentfuehrer.jpg?fit=1200%2C944&ssl=1&resize=525%2C300 1.5x, https:\/\/i0.wp.com\/www.av-rheinland.de\/wp-content\/uploads\/2022\/10\/Dolch-Haltern_LWL-S.-Brentfuehrer.jpg?fit=1200%2C944&ssl=1&resize=700%2C400 2x, https:\/\/i0.wp.com\/www.av-rheinland.de\/wp-content\/uploads\/2022\/10\/Dolch-Haltern_LWL-S.-Brentfuehrer.jpg?fit=1200%2C944&ssl=1&resize=1050%2C600 3x"},"classes":[]},{"id":656,"url":"https:\/\/www.av-rheinland.de\/index.php\/2021\/07\/15\/vortrag-2-9-2021-1815-uhr-jan-schuster-kein-prunk-ohne-rom\/","url_meta":{"origin":1266,"position":4},"title":"Vortrag 2.9.2021, 18:15 Uhr Jan Schuster, Kein Prunk ohne Rom","author":"altertumsverein","date":"Juli 15, 2021","format":false,"excerpt":"Donnerstag 2. September 2021, 18:15 Uhr Ort: LVR-LandesMuseum Bonn, Colmantstra\u00dfe 14-16, 53115 Bonn \u00a0Dr. Jan Schuster (Universit\u00e4t \u0141\u00f3d\u017a) Kein Prunk ohne Rom Die abh\u00e4ngigen germanischen Eliten in der R\u00f6mischen Kaiserzeit Das Bild der Forschung von den Spitzen der sozialen Hierarchie in der Germania magna ist stark von der Auseinandersetzung der\u2026","rel":"","context":"In &quot;Vortr\u00e4ge&quot;","block_context":{"text":"Vortr\u00e4ge","link":"https:\/\/www.av-rheinland.de\/index.php\/category\/vortrage\/"},"img":{"alt_text":"Alle bekannten r\u00f6mischen Kessel, auf denen Germanen mit Suebenknoten dargestellt sind, wurden au\u00dferhalb des R\u00f6mischen Reiches gefunden und waren vermutlich meist als Geschenk dorthin gekommen. Hier die Attasche des St\u00fcckes von Czarn\u00f3wko (Polen), Grab R430, aus der zweiten H\u00e4lfte des zweiten Jahrhunderts. Foto: Jan Schuster.","src":"https:\/\/i0.wp.com\/www.av-rheinland.de\/wp-content\/uploads\/2021\/07\/IMG_3983-scaled.jpg?fit=1200%2C800&ssl=1&resize=350%2C200","width":350,"height":200,"srcset":"https:\/\/i0.wp.com\/www.av-rheinland.de\/wp-content\/uploads\/2021\/07\/IMG_3983-scaled.jpg?fit=1200%2C800&ssl=1&resize=350%2C200 1x, https:\/\/i0.wp.com\/www.av-rheinland.de\/wp-content\/uploads\/2021\/07\/IMG_3983-scaled.jpg?fit=1200%2C800&ssl=1&resize=525%2C300 1.5x, https:\/\/i0.wp.com\/www.av-rheinland.de\/wp-content\/uploads\/2021\/07\/IMG_3983-scaled.jpg?fit=1200%2C800&ssl=1&resize=700%2C400 2x, https:\/\/i0.wp.com\/www.av-rheinland.de\/wp-content\/uploads\/2021\/07\/IMG_3983-scaled.jpg?fit=1200%2C800&ssl=1&resize=1050%2C600 3x"},"classes":[]},{"id":264,"url":"https:\/\/www.av-rheinland.de\/index.php\/2018\/05\/18\/vortrag-21-6-2018-18-uhr-prof-dr-marietta-horster-mainz-augustus-erinnerung-an-augustus-auf-stadtroemischen-muenzen-der-kaiserzeit\/","url_meta":{"origin":1266,"position":5},"title":"Vortrag 21.6.2018, 18 Uhr, Prof. Dr. Marietta Horster (Mainz) &#8211; Augustus? Erinnerung an Augustus auf stadtr\u00f6mischen M\u00fcnzen der Kaiserzeit","author":"altertumsverein","date":"Mai 18, 2018","format":false,"excerpt":"Donnerstag 21. Juni 2018, 18 Uhr Prof. Dr. Marietta Horster (Mainz) Augustus? Erinnerung an Augustus auf stadtr\u00f6mischen M\u00fcnzen der Kaiserzeit H\u00f6rsaal des Akademischen Kunstmuseums Bonn, Am Hofgarten 21 Die moderne Forschung hat einige deutliche und noch mehr versteckte Hinweise auf Augustus in der sp\u00e4teren kaiserzeitlichen M\u00fcnzpr\u00e4gung entdeckt: Mal ist es\u2026","rel":"","context":"In &quot;Vortr\u00e4ge&quot;","block_context":{"text":"Vortr\u00e4ge","link":"https:\/\/www.av-rheinland.de\/index.php\/category\/vortrage\/"},"img":{"alt_text":"","src":"","width":0,"height":0},"classes":[]}],"_links":{"self":[{"href":"https:\/\/www.av-rheinland.de\/index.php\/wp-json\/wp\/v2\/posts\/1266"}],"collection":[{"href":"https:\/\/www.av-rheinland.de\/index.php\/wp-json\/wp\/v2\/posts"}],"about":[{"href":"https:\/\/www.av-rheinland.de\/index.php\/wp-json\/wp\/v2\/types\/post"}],"author":[{"embeddable":true,"href":"https:\/\/www.av-rheinland.de\/index.php\/wp-json\/wp\/v2\/users\/1"}],"replies":[{"embeddable":true,"href":"https:\/\/www.av-rheinland.de\/index.php\/wp-json\/wp\/v2\/comments?post=1266"}],"version-history":[{"count":4,"href":"https:\/\/www.av-rheinland.de\/index.php\/wp-json\/wp\/v2\/posts\/1266\/revisions"}],"predecessor-version":[{"id":1291,"href":"https:\/\/www.av-rheinland.de\/index.php\/wp-json\/wp\/v2\/posts\/1266\/revisions\/1291"}],"wp:attachment":[{"href":"https:\/\/www.av-rheinland.de\/index.php\/wp-json\/wp\/v2\/media?parent=1266"}],"wp:term":[{"taxonomy":"category","embeddable":true,"href":"https:\/\/www.av-rheinland.de\/index.php\/wp-json\/wp\/v2\/categories?post=1266"},{"taxonomy":"post_tag","embeddable":true,"href":"https:\/\/www.av-rheinland.de\/index.php\/wp-json\/wp\/v2\/tags?post=1266"}],"curies":[{"name":"wp","href":"https:\/\/api.w.org\/{rel}","templated":true}]}}