{"id":1252,"date":"2025-02-26T09:31:19","date_gmt":"2025-02-26T09:31:19","guid":{"rendered":"http:\/\/www.av-rheinland.de\/?p=1252"},"modified":"2025-02-26T09:35:57","modified_gmt":"2025-02-26T09:35:57","slug":"vortrag-13-03-2025-1815-uhr-klaus-frank-das-bergische-land-im-ersten-vorchristlichen-jahrhundert","status":"publish","type":"post","link":"https:\/\/www.av-rheinland.de\/index.php\/2025\/02\/26\/vortrag-13-03-2025-1815-uhr-klaus-frank-das-bergische-land-im-ersten-vorchristlichen-jahrhundert\/","title":{"rendered":"Vortrag 13.03.2025, 18:15 Uhr, Klaus Frank &#8211; Das Bergische Land im ersten vorchristlichen Jahrhundert"},"content":{"rendered":"<p><strong><u>Bitte beachten Sie den Veranstaltungsort.<\/u><\/strong><\/p>\n<p><strong>Donnerstag, den 13. M\u00e4rz 2025, 18:15 Uhr<\/strong><\/p>\n<p>LVR-Landesmuseum Bonn, Colmantstra\u00dfe 14\u201316<\/p>\n<p><strong><em>Klaus Frank (ehem. Amt f\u00fcr Bodendenkmalpflege im Rheinland)<\/em><\/strong><\/p>\n<h1>Das Bergische Land im ersten vorchristlichen Jahrhundert<\/h1>\n<p><strong>Kelten und Germanen in Koexistenz und Konkurrenz?<\/strong><\/p>\n<p>Aktuelle Untersuchungen an Befestigungsanlagen im Bergischen Land zeigen \u00fcberraschende Ergebnisse zur Besiedlungsgeschichte: Keltische Gruppen erbauten teils m\u00e4chtige Ringw\u00e4lle auf Bergh\u00f6hen oder Grabenwerke im Flachland beiderseits des Rheins und nutzten dabei auch \u00e4ltere Anlagen. Siedler aus unterschiedlichen Herkunftsgebieten sind durch typische Trachtbestandteile oder M\u00fcnzen zu erkennen, nach der Jahrhundertmitte traten erste germanische Neuank\u00f6mmlinge in Erscheinung. Der Vortrag bietet den aktuellen Stand der Forschung zum rechtsrheinischen Mittelgebirgsraum in der Umbruchszeit vor der Ankunft der R\u00f6mer am Rhein.<\/p>\n<p><img data-attachment-id=\"1261\" data-permalink=\"https:\/\/www.av-rheinland.de\/index.php\/2025\/02\/26\/vortrag-13-03-2025-1815-uhr-klaus-frank-das-bergische-land-im-ersten-vorchristlichen-jahrhundert\/e_2017_148_96-14\/\" data-orig-file=\"https:\/\/i0.wp.com\/www.av-rheinland.de\/wp-content\/uploads\/2025\/02\/E_2017_148_96-14.jpg?fit=1449%2C1516&amp;ssl=1\" data-orig-size=\"1449,1516\" data-comments-opened=\"1\" data-image-meta=\"{&quot;aperture&quot;:&quot;0&quot;,&quot;credit&quot;:&quot;J\\u00fcrgen Vogel\\\/LandesMuseum Bonn&quot;,&quot;camera&quot;:&quot;&quot;,&quot;caption&quot;:&quot;&quot;,&quot;created_timestamp&quot;:&quot;1519311310&quot;,&quot;copyright&quot;:&quot;&quot;,&quot;focal_length&quot;:&quot;0&quot;,&quot;iso&quot;:&quot;0&quot;,&quot;shutter_speed&quot;:&quot;0&quot;,&quot;title&quot;:&quot;&quot;,&quot;orientation&quot;:&quot;1&quot;}\" data-image-title=\"E_2017_148_96-1#4\" data-image-description=\"\" data-image-caption=\"\" data-medium-file=\"https:\/\/i0.wp.com\/www.av-rheinland.de\/wp-content\/uploads\/2025\/02\/E_2017_148_96-14.jpg?fit=287%2C300&amp;ssl=1\" data-large-file=\"https:\/\/i0.wp.com\/www.av-rheinland.de\/wp-content\/uploads\/2025\/02\/E_2017_148_96-14.jpg?fit=525%2C549&amp;ssl=1\" decoding=\"async\" loading=\"lazy\" class=\"alignnone size-medium wp-image-1261\" src=\"https:\/\/i0.wp.com\/www.av-rheinland.de\/wp-content\/uploads\/2025\/02\/E_2017_148_96-14.jpg?resize=287%2C300\" alt=\"\" width=\"287\" height=\"300\" srcset=\"https:\/\/i0.wp.com\/www.av-rheinland.de\/wp-content\/uploads\/2025\/02\/E_2017_148_96-14.jpg?resize=287%2C300&amp;ssl=1 287w, https:\/\/i0.wp.com\/www.av-rheinland.de\/wp-content\/uploads\/2025\/02\/E_2017_148_96-14.jpg?resize=979%2C1024&amp;ssl=1 979w, https:\/\/i0.wp.com\/www.av-rheinland.de\/wp-content\/uploads\/2025\/02\/E_2017_148_96-14.jpg?resize=768%2C804&amp;ssl=1 768w, https:\/\/i0.wp.com\/www.av-rheinland.de\/wp-content\/uploads\/2025\/02\/E_2017_148_96-14.jpg?w=1449&amp;ssl=1 1449w, https:\/\/i0.wp.com\/www.av-rheinland.de\/wp-content\/uploads\/2025\/02\/E_2017_148_96-14.jpg?w=1050 1050w\" sizes=\"(max-width: 287px) 100vw, 287px\" data-recalc-dims=\"1\" \/><img data-attachment-id=\"1260\" data-permalink=\"https:\/\/www.av-rheinland.de\/index.php\/2025\/02\/26\/vortrag-13-03-2025-1815-uhr-klaus-frank-das-bergische-land-im-ersten-vorchristlichen-jahrhundert\/e_2017_148_43-13\/\" data-orig-file=\"https:\/\/i0.wp.com\/www.av-rheinland.de\/wp-content\/uploads\/2025\/02\/E_2017_148_43-13.jpg?fit=1210%2C1503&amp;ssl=1\" data-orig-size=\"1210,1503\" data-comments-opened=\"1\" data-image-meta=\"{&quot;aperture&quot;:&quot;0&quot;,&quot;credit&quot;:&quot;J\\u00fcrgen Vogel\\\/LandesMuseum Bonn&quot;,&quot;camera&quot;:&quot;&quot;,&quot;caption&quot;:&quot;&quot;,&quot;created_timestamp&quot;:&quot;1519304395&quot;,&quot;copyright&quot;:&quot;&quot;,&quot;focal_length&quot;:&quot;0&quot;,&quot;iso&quot;:&quot;0&quot;,&quot;shutter_speed&quot;:&quot;0&quot;,&quot;title&quot;:&quot;&quot;,&quot;orientation&quot;:&quot;1&quot;}\" data-image-title=\"E_2017_148_43-1#3\" data-image-description=\"\" data-image-caption=\"&lt;p&gt;Zwei G\u00fcrtelhaken in Gestalt von Masken, die als kleine Meisterwerke keltischer Kunstfertigkeit an der Wende vom zweiten zum ersten vorchristlichen Jahrhundert angefertigt wurden. Entdeckt wurden sie innerhalb der Wallanlage Windeck-Leuscheid oberhalb der Sieg.\u00a0\u2014 Foto LVR-Landesmuseum Bonn, Ausf\u00fchrung J\u00fcrgen Vogel.&lt;\/p&gt;\n\" data-medium-file=\"https:\/\/i0.wp.com\/www.av-rheinland.de\/wp-content\/uploads\/2025\/02\/E_2017_148_43-13.jpg?fit=242%2C300&amp;ssl=1\" data-large-file=\"https:\/\/i0.wp.com\/www.av-rheinland.de\/wp-content\/uploads\/2025\/02\/E_2017_148_43-13.jpg?fit=525%2C652&amp;ssl=1\" decoding=\"async\" loading=\"lazy\" class=\"size-medium wp-image-1260\" src=\"https:\/\/i0.wp.com\/www.av-rheinland.de\/wp-content\/uploads\/2025\/02\/E_2017_148_43-13.jpg?resize=242%2C300\" alt=\"\" width=\"242\" height=\"300\" srcset=\"https:\/\/i0.wp.com\/www.av-rheinland.de\/wp-content\/uploads\/2025\/02\/E_2017_148_43-13.jpg?resize=242%2C300&amp;ssl=1 242w, https:\/\/i0.wp.com\/www.av-rheinland.de\/wp-content\/uploads\/2025\/02\/E_2017_148_43-13.jpg?resize=824%2C1024&amp;ssl=1 824w, https:\/\/i0.wp.com\/www.av-rheinland.de\/wp-content\/uploads\/2025\/02\/E_2017_148_43-13.jpg?resize=768%2C954&amp;ssl=1 768w, https:\/\/i0.wp.com\/www.av-rheinland.de\/wp-content\/uploads\/2025\/02\/E_2017_148_43-13.jpg?w=1210&amp;ssl=1 1210w, https:\/\/i0.wp.com\/www.av-rheinland.de\/wp-content\/uploads\/2025\/02\/E_2017_148_43-13.jpg?w=1050 1050w\" sizes=\"(max-width: 242px) 100vw, 242px\" data-recalc-dims=\"1\" \/><\/p>\n<p>Zwei G\u00fcrtelhaken in Gestalt von Masken, die als kleine Meisterwerke keltischer Kunstfertigkeit an der Wende vom zweiten zum ersten vorchristlichen Jahrhundert angefertigt wurden. Entdeckt wurden sie innerhalb der Wallanlage Windeck-Leuscheid oberhalb der Sieg.\u00a0\u2014 Foto LVR-Landesmuseum Bonn, Ausf\u00fchrung J\u00fcrgen Vogel.&nbsp;<\/p>\n","protected":false},"excerpt":{"rendered":"<p>Bitte beachten Sie den Veranstaltungsort. Donnerstag, den 13. M\u00e4rz 2025, 18:15 Uhr LVR-Landesmuseum Bonn, Colmantstra\u00dfe 14\u201316 Klaus Frank (ehem. Amt f\u00fcr Bodendenkmalpflege im Rheinland) Das Bergische Land im ersten vorchristlichen Jahrhundert Kelten und Germanen in Koexistenz und Konkurrenz? Aktuelle Untersuchungen an Befestigungsanlagen im Bergischen Land zeigen \u00fcberraschende Ergebnisse zur Besiedlungsgeschichte: Keltische Gruppen erbauten teils m\u00e4chtige &hellip; <\/p>\n<p class=\"link-more\"><a href=\"https:\/\/www.av-rheinland.de\/index.php\/2025\/02\/26\/vortrag-13-03-2025-1815-uhr-klaus-frank-das-bergische-land-im-ersten-vorchristlichen-jahrhundert\/\" class=\"more-link\"><span class=\"screen-reader-text\">\u201eVortrag 13.03.2025, 18:15 Uhr, Klaus Frank &#8211; Das Bergische Land im ersten vorchristlichen Jahrhundert\u201c<\/span> weiterlesen<\/a><\/p>\n","protected":false},"author":1,"featured_media":0,"comment_status":"open","ping_status":"open","sticky":false,"template":"","format":"standard","meta":{"jetpack_post_was_ever_published":false,"_jetpack_newsletter_access":"","_jetpack_newsletter_tier_id":0,"jetpack_publicize_message":"","jetpack_is_tweetstorm":false,"jetpack_publicize_feature_enabled":true,"jetpack_social_post_already_shared":true,"jetpack_social_options":{"image_generator_settings":{"template":"highway","enabled":false}}},"categories":[3],"tags":[],"jetpack_publicize_connections":[],"jetpack_featured_media_url":"","jetpack_sharing_enabled":true,"jetpack_shortlink":"https:\/\/wp.me\/p99Kwc-kc","jetpack_likes_enabled":true,"jetpack-related-posts":[{"id":67,"url":"https:\/\/www.av-rheinland.de\/index.php\/2016\/09\/26\/vortrag-24-11-2016-18-uhr-klaus-frank-gelebte-nachbarschaft\/","url_meta":{"origin":1252,"position":0},"title":"Vortrag: 24.11.2016, 18 Uhr Klaus Frank, Gelebte Nachbarschaft","author":"altertumsverein","date":"September 26, 2016","format":false,"excerpt":"Donnerstag, 24. November 2016, 18 Uhr s.t. Klaus Frank M.A. Oberlichtsaal des LVR-Landesmuseums Bonn, Colmantstr. 14-16 Gelebte Nachbarschaft. R\u00f6mer und Germanen am Rhein Das Rheinland mit seinen arch\u00e4ologischen Funden bietet die seltene Gelegenheit, die Migration der als Barbaren angesehenen Germanen in die antike r\u00f6mische Hochkultur im Detail zu erforschen. \u00dcber\u2026","rel":"","context":"In &quot;Vortr\u00e4ge&quot;","block_context":{"text":"Vortr\u00e4ge","link":"https:\/\/www.av-rheinland.de\/index.php\/category\/vortrage\/"},"img":{"alt_text":"","src":"","width":0,"height":0},"classes":[]},{"id":656,"url":"https:\/\/www.av-rheinland.de\/index.php\/2021\/07\/15\/vortrag-2-9-2021-1815-uhr-jan-schuster-kein-prunk-ohne-rom\/","url_meta":{"origin":1252,"position":1},"title":"Vortrag 2.9.2021, 18:15 Uhr Jan Schuster, Kein Prunk ohne Rom","author":"altertumsverein","date":"Juli 15, 2021","format":false,"excerpt":"Donnerstag 2. September 2021, 18:15 Uhr Ort: LVR-LandesMuseum Bonn, Colmantstra\u00dfe 14-16, 53115 Bonn \u00a0Dr. Jan Schuster (Universit\u00e4t \u0141\u00f3d\u017a) Kein Prunk ohne Rom Die abh\u00e4ngigen germanischen Eliten in der R\u00f6mischen Kaiserzeit Das Bild der Forschung von den Spitzen der sozialen Hierarchie in der Germania magna ist stark von der Auseinandersetzung der\u2026","rel":"","context":"In &quot;Vortr\u00e4ge&quot;","block_context":{"text":"Vortr\u00e4ge","link":"https:\/\/www.av-rheinland.de\/index.php\/category\/vortrage\/"},"img":{"alt_text":"Alle bekannten r\u00f6mischen Kessel, auf denen Germanen mit Suebenknoten dargestellt sind, wurden au\u00dferhalb des R\u00f6mischen Reiches gefunden und waren vermutlich meist als Geschenk dorthin gekommen. Hier die Attasche des St\u00fcckes von Czarn\u00f3wko (Polen), Grab R430, aus der zweiten H\u00e4lfte des zweiten Jahrhunderts. Foto: Jan Schuster.","src":"https:\/\/i0.wp.com\/www.av-rheinland.de\/wp-content\/uploads\/2021\/07\/IMG_3983-scaled.jpg?fit=1200%2C800&ssl=1&resize=350%2C200","width":350,"height":200,"srcset":"https:\/\/i0.wp.com\/www.av-rheinland.de\/wp-content\/uploads\/2021\/07\/IMG_3983-scaled.jpg?fit=1200%2C800&ssl=1&resize=350%2C200 1x, https:\/\/i0.wp.com\/www.av-rheinland.de\/wp-content\/uploads\/2021\/07\/IMG_3983-scaled.jpg?fit=1200%2C800&ssl=1&resize=525%2C300 1.5x, https:\/\/i0.wp.com\/www.av-rheinland.de\/wp-content\/uploads\/2021\/07\/IMG_3983-scaled.jpg?fit=1200%2C800&ssl=1&resize=700%2C400 2x, https:\/\/i0.wp.com\/www.av-rheinland.de\/wp-content\/uploads\/2021\/07\/IMG_3983-scaled.jpg?fit=1200%2C800&ssl=1&resize=1050%2C600 3x"},"classes":[]},{"id":672,"url":"https:\/\/www.av-rheinland.de\/index.php\/2021\/12\/10\/vortrag-13-1-2022-1815-uhr-mischa-meier-der-untergang-des-roemischen-reiches\/","url_meta":{"origin":1252,"position":2},"title":"Vortrag 13.1.2022, 18:15 Uhr: Mischa Meier, Der Untergang des R\u00f6mischen Reiches","author":"altertumsverein","date":"Dezember 10, 2021","format":false,"excerpt":"Donnerstag, 13. Januar 2022, 18:15 Uhr Dr. Mischa Meier (Universit\u00e4t T\u00fcbingen) Anschrift: R\u00f6merstra\u00dfe 164, AVZ III, 53117 Bonn, Beginn 18.15 Uhr \u00a0 Der Untergang des R\u00f6mischen Reiches Warum der Osten \u00fcberlebt hat Warum erlebte das Ostr\u00f6mische oder Byzantinische Reich im siebten und achten Jahrhundert nicht ein \u00e4hnliches Schicksal wie das\u2026","rel":"","context":"In &quot;Vortr\u00e4ge&quot;","block_context":{"text":"Vortr\u00e4ge","link":"https:\/\/www.av-rheinland.de\/index.php\/category\/vortrage\/"},"img":{"alt_text":"","src":"","width":0,"height":0},"classes":[]},{"id":902,"url":"https:\/\/www.av-rheinland.de\/index.php\/2022\/12\/08\/vortrag-19-01-2023-1815-uhr-stefan-pircher-xanten-graeber-und-strasse\/","url_meta":{"origin":1252,"position":3},"title":"Vortrag 19.01.2023, 18:15 Uhr Stefan Pircher, Xanten \u2013 Gr\u00e4ber und Stra\u00dfe","author":"altertumsverein","date":"Dezember 8, 2022","format":false,"excerpt":"Donnerstag, den 19. Januar 2023, 18:15 Uhr KIassische Arch\u00e4ologie und Akademisches Kunstmuseum, R\u00f6merstra\u00dfe 164, 53117 Bonn Dr. des. Stefan Pircher, M\u00fchldorf im M\u00f6lltal (K\u00e4rnten) und K\u00f6ln Xanten \u2013 Gr\u00e4ber und Stra\u00dfe Bestattungen des ersten Jahrhunderts im sp\u00e4teren Stadtgebiet Kaiser Trajan erhob um das Jahr 98 nach Christus eine junge r\u00f6mische\u2026","rel":"","context":"In &quot;Vortr\u00e4ge&quot;","block_context":{"text":"Vortr\u00e4ge","link":"https:\/\/www.av-rheinland.de\/index.php\/category\/vortrage\/"},"img":{"alt_text":"","src":"https:\/\/i0.wp.com\/www.av-rheinland.de\/wp-content\/uploads\/2022\/11\/Roemisches-Brandgrab.jpg?fit=1200%2C791&ssl=1&resize=350%2C200","width":350,"height":200,"srcset":"https:\/\/i0.wp.com\/www.av-rheinland.de\/wp-content\/uploads\/2022\/11\/Roemisches-Brandgrab.jpg?fit=1200%2C791&ssl=1&resize=350%2C200 1x, https:\/\/i0.wp.com\/www.av-rheinland.de\/wp-content\/uploads\/2022\/11\/Roemisches-Brandgrab.jpg?fit=1200%2C791&ssl=1&resize=525%2C300 1.5x, https:\/\/i0.wp.com\/www.av-rheinland.de\/wp-content\/uploads\/2022\/11\/Roemisches-Brandgrab.jpg?fit=1200%2C791&ssl=1&resize=700%2C400 2x, https:\/\/i0.wp.com\/www.av-rheinland.de\/wp-content\/uploads\/2022\/11\/Roemisches-Brandgrab.jpg?fit=1200%2C791&ssl=1&resize=1050%2C600 3x"},"classes":[]},{"id":919,"url":"https:\/\/www.av-rheinland.de\/index.php\/2023\/01\/25\/vortrag-02-02-2023-1800-uhr-prof-frank-rumscheid-matronenheiligtum-und-merowingerzeitliche-graeber-in-odendorf\/","url_meta":{"origin":1252,"position":4},"title":"Vortrag 02.02.2023, 18:00 Uhr Prof. Frank Rumscheid, Matronenheiligtum und merowingerzeitliche Gr\u00e4ber in Odendorf","author":"altertumsverein","date":"Januar 25, 2023","format":false,"excerpt":"Donnerstag, den 02. Februar 2023, 18:00 Uhr c. t. Klassische Arch\u00e4ologie und Akademisches Kunstmuseum, R\u00f6merstra\u00dfe 164, 53117 Bonn Prof. Dr. Frank Rumscheid (Universit\u00e4t Bonn) Matronenheiligtum und merowingerzeitliche Gr\u00e4ber in Odendorf Entdeckungen bei Lehrgrabungen der Universit\u00e4t Bonn Bei Lehrgrabungen wurden 2015 und 2019 in Odendorf Reste mehrerer Geb\u00e4ude untersucht, die sich\u2026","rel":"","context":"In &quot;Vortr\u00e4ge&quot;","block_context":{"text":"Vortr\u00e4ge","link":"https:\/\/www.av-rheinland.de\/index.php\/category\/vortrage\/"},"img":{"alt_text":"","src":"","width":0,"height":0},"classes":[]},{"id":537,"url":"https:\/\/www.av-rheinland.de\/index.php\/2019\/12\/13\/537\/","url_meta":{"origin":1252,"position":5},"title":"Vortrag 16. Januar 2020, 18.15 Uhr: Stefan Ardeleanu &#8211; Numidia Romana?","author":"altertumsverein","date":"Dezember 13, 2019","format":false,"excerpt":"Donnerstag, 16. Januar 2020, 18.15 Uhr Stefan Ardeleanu M.\u00a0A. (Universit\u00e4t Heidelberg) Numidia Romana? Nordafrikanische St\u00e4dte zwischen der r\u00f6mischen Republik und der fr\u00fchen Kaiserzeit\u00a0 H\u00f6rsaal des Akademischen Kunstmuseums Bonn, Am Hofgarten 21, 53113 Bonn Nordafrika bildete seit dem dritten vorchristlichen Jahrhundert ein zentrales Interessensgebiet Roms. Dennoch stilisiert die Forschung bis heute\u2026","rel":"","context":"In &quot;Vortr\u00e4ge&quot;","block_context":{"text":"Vortr\u00e4ge","link":"https:\/\/www.av-rheinland.de\/index.php\/category\/vortrage\/"},"img":{"alt_text":"","src":"","width":0,"height":0},"classes":[]}],"_links":{"self":[{"href":"https:\/\/www.av-rheinland.de\/index.php\/wp-json\/wp\/v2\/posts\/1252"}],"collection":[{"href":"https:\/\/www.av-rheinland.de\/index.php\/wp-json\/wp\/v2\/posts"}],"about":[{"href":"https:\/\/www.av-rheinland.de\/index.php\/wp-json\/wp\/v2\/types\/post"}],"author":[{"embeddable":true,"href":"https:\/\/www.av-rheinland.de\/index.php\/wp-json\/wp\/v2\/users\/1"}],"replies":[{"embeddable":true,"href":"https:\/\/www.av-rheinland.de\/index.php\/wp-json\/wp\/v2\/comments?post=1252"}],"version-history":[{"count":5,"href":"https:\/\/www.av-rheinland.de\/index.php\/wp-json\/wp\/v2\/posts\/1252\/revisions"}],"predecessor-version":[{"id":1263,"href":"https:\/\/www.av-rheinland.de\/index.php\/wp-json\/wp\/v2\/posts\/1252\/revisions\/1263"}],"wp:attachment":[{"href":"https:\/\/www.av-rheinland.de\/index.php\/wp-json\/wp\/v2\/media?parent=1252"}],"wp:term":[{"taxonomy":"category","embeddable":true,"href":"https:\/\/www.av-rheinland.de\/index.php\/wp-json\/wp\/v2\/categories?post=1252"},{"taxonomy":"post_tag","embeddable":true,"href":"https:\/\/www.av-rheinland.de\/index.php\/wp-json\/wp\/v2\/tags?post=1252"}],"curies":[{"name":"wp","href":"https:\/\/api.w.org\/{rel}","templated":true}]}}