{"id":1117,"date":"2024-03-14T20:00:58","date_gmt":"2024-03-14T20:00:58","guid":{"rendered":"https:\/\/www.av-rheinland.de\/?p=1117"},"modified":"2024-02-26T09:38:52","modified_gmt":"2024-02-26T09:38:52","slug":"vortrag-11-04-2024-1815-uhr-prof-dr-oliver-stoll-terror-mord-und-versklavung-eine-typisch-roemische-belagerung","status":"publish","type":"post","link":"https:\/\/www.av-rheinland.de\/index.php\/2024\/03\/14\/vortrag-11-04-2024-1815-uhr-prof-dr-oliver-stoll-terror-mord-und-versklavung-eine-typisch-roemische-belagerung\/","title":{"rendered":"Vortrag 11.04.2024, 18:15 Uhr, Prof. Dr. Oliver Stoll, Terror, Mord und Versklavung &#8211; eine typisch r\u00f6mische Belagerung?"},"content":{"rendered":"<p><strong>Donnerstag, den 11. April 2024, 18:15 Uhr<\/strong><\/p>\n<p>H\u00f6rsaal der Klassischen Arch\u00e4ologie, AVZ III, R\u00f6merstra\u00dfe 164, Bonn<\/p>\n<p><strong><em>Prof. Dr. Oliver Stoll (Universit\u00e4t Passau)<\/em><\/strong><\/p>\n<h1><strong>Terror, Mord und Versklavung &#8211; eine typisch r\u00f6mische Belagerung?<\/strong><\/h1>\n<p><strong>Die Eroberung der nordgalil\u00e4ischen Siedlung Jotapata 67 n. Chr. bei Flavius Josephus<\/strong><\/p>\n<p>Im Bellum ludaicum bietet Flavius Josephus eine einzigartige Schilderung des J\u00fcdischen Krieges (66-74 n. Chr.). W\u00e4hrend der Revolte verteidigte er selbst als Kommandeur erfolglos die Stadt Jotapata (Juni\/Juli 67 n. Chr.) gegen Vespasian und Titus. Er schildert in seinem zwischen 75 und 79 n. Chr. entstandenen Werk viele Belagerungen (bis hin zu den schreckensreichen K\u00e4mpfen um Jerusalem und Masada), die mit systematischem Terror, Mord und Versklavung einhergingen &#8211; die \u00e4lteste Form des totalen Krieges! Die detailreich geschilderte Eroberung von Jotapata wird in der Wissenschaft h\u00e4ufig als typische r\u00f6mische Belagerung charakterisiert, aber war sie das wirklich? Was verraten die literarische Darstellung des Augenzeugen, Historikers und Kommandeurs einerseits und der arch\u00e4ologische Befund andererseits \u00fcber den Fall dieser Siedlung?<\/p>\n<figure id=\"attachment_1120\" aria-describedby=\"caption-attachment-1120\" style=\"width: 300px\" class=\"wp-caption alignnone\"><img data-attachment-id=\"1120\" data-permalink=\"https:\/\/www.av-rheinland.de\/index.php\/2024\/03\/14\/vortrag-11-04-2024-1815-uhr-prof-dr-oliver-stoll-terror-mord-und-versklavung-eine-typisch-roemische-belagerung\/jotapata\/\" data-orig-file=\"https:\/\/i0.wp.com\/www.av-rheinland.de\/wp-content\/uploads\/2024\/02\/Jotapata.jpg?fit=663%2C479&amp;ssl=1\" data-orig-size=\"663,479\" data-comments-opened=\"1\" data-image-meta=\"{&quot;aperture&quot;:&quot;0&quot;,&quot;credit&quot;:&quot;&quot;,&quot;camera&quot;:&quot;&quot;,&quot;caption&quot;:&quot;&quot;,&quot;created_timestamp&quot;:&quot;0&quot;,&quot;copyright&quot;:&quot;&quot;,&quot;focal_length&quot;:&quot;0&quot;,&quot;iso&quot;:&quot;0&quot;,&quot;shutter_speed&quot;:&quot;0&quot;,&quot;title&quot;:&quot;&quot;,&quot;orientation&quot;:&quot;0&quot;}\" data-image-title=\"Jotapata\" data-image-description=\"\" data-image-caption=\"&lt;p&gt;Der Siedlungsh\u00fcgel Jotapata von Norden. \u2013 Foto Wikimedia, lizenzfrei.&lt;\/p&gt;\n\" data-medium-file=\"https:\/\/i0.wp.com\/www.av-rheinland.de\/wp-content\/uploads\/2024\/02\/Jotapata.jpg?fit=300%2C217&amp;ssl=1\" data-large-file=\"https:\/\/i0.wp.com\/www.av-rheinland.de\/wp-content\/uploads\/2024\/02\/Jotapata.jpg?fit=525%2C379&amp;ssl=1\" decoding=\"async\" loading=\"lazy\" class=\"size-medium wp-image-1120\" src=\"https:\/\/i0.wp.com\/www.av-rheinland.de\/wp-content\/uploads\/2024\/02\/Jotapata.jpg?resize=300%2C217\" alt=\"\" width=\"300\" height=\"217\" srcset=\"https:\/\/i0.wp.com\/www.av-rheinland.de\/wp-content\/uploads\/2024\/02\/Jotapata.jpg?resize=300%2C217&amp;ssl=1 300w, https:\/\/i0.wp.com\/www.av-rheinland.de\/wp-content\/uploads\/2024\/02\/Jotapata.jpg?w=663&amp;ssl=1 663w\" sizes=\"(max-width: 300px) 100vw, 300px\" data-recalc-dims=\"1\" \/><figcaption id=\"caption-attachment-1120\" class=\"wp-caption-text\">Der Siedlungsh\u00fcgel Jotapata von Norden. \u2013 Foto Wikimedia, lizenzfrei.<\/figcaption><\/figure>\n","protected":false},"excerpt":{"rendered":"<p>Donnerstag, den 11. April 2024, 18:15 Uhr H\u00f6rsaal der Klassischen Arch\u00e4ologie, AVZ III, R\u00f6merstra\u00dfe 164, Bonn Prof. Dr. Oliver Stoll (Universit\u00e4t Passau) Terror, Mord und Versklavung &#8211; eine typisch r\u00f6mische Belagerung? Die Eroberung der nordgalil\u00e4ischen Siedlung Jotapata 67 n. Chr. bei Flavius Josephus Im Bellum ludaicum bietet Flavius Josephus eine einzigartige Schilderung des J\u00fcdischen Krieges &hellip; <\/p>\n<p class=\"link-more\"><a href=\"https:\/\/www.av-rheinland.de\/index.php\/2024\/03\/14\/vortrag-11-04-2024-1815-uhr-prof-dr-oliver-stoll-terror-mord-und-versklavung-eine-typisch-roemische-belagerung\/\" class=\"more-link\"><span class=\"screen-reader-text\">\u201eVortrag 11.04.2024, 18:15 Uhr, Prof. Dr. Oliver Stoll, Terror, Mord und Versklavung &#8211; eine typisch r\u00f6mische Belagerung?\u201c<\/span> weiterlesen<\/a><\/p>\n","protected":false},"author":1,"featured_media":0,"comment_status":"open","ping_status":"open","sticky":false,"template":"","format":"standard","meta":{"jetpack_post_was_ever_published":false,"_jetpack_newsletter_access":"","_jetpack_newsletter_tier_id":0,"jetpack_publicize_message":"","jetpack_is_tweetstorm":false,"jetpack_publicize_feature_enabled":true,"jetpack_social_post_already_shared":true,"jetpack_social_options":{"image_generator_settings":{"template":"highway","enabled":false}}},"categories":[3],"tags":[],"jetpack_publicize_connections":[],"jetpack_featured_media_url":"","jetpack_sharing_enabled":true,"jetpack_shortlink":"https:\/\/wp.me\/p99Kwc-i1","jetpack_likes_enabled":true,"jetpack-related-posts":[{"id":915,"url":"https:\/\/www.av-rheinland.de\/index.php\/2023\/02\/03\/vortrag-23-02-2023-1800-uhr-dominik-maschek-die-belagerung-von-fregellae\/","url_meta":{"origin":1117,"position":0},"title":"Vortrag 23.02.2023, 18:00 Uhr Dominik Maschek, Die Belagerung von Fregellae","author":"altertumsverein","date":"Februar 3, 2023","format":false,"excerpt":"Donnerstag, den 23. Februar 2023, 18:00 Uhr c. t. Klassische Arch\u00e4ologie und Akademisches Kunstmuseum, R\u00f6merstra\u00dfe 164, 53117 Bonn Dominik Maschek (Mainz\/Trier) Die Belagerung von Fregellae Neue Forschungen zu einem antiken Schlachtfeld im Umfeld von Ceprano und Arce (Latium) Zerst\u00f6rtes Geh\u00f6ft im n\u00f6rdlichen Umland von Fregellae, Grabung 2022. Foto Dominik Maschek.\u2026","rel":"","context":"In &quot;Vortr\u00e4ge&quot;","block_context":{"text":"Vortr\u00e4ge","link":"https:\/\/www.av-rheinland.de\/index.php\/category\/vortrage\/"},"img":{"alt_text":"","src":"https:\/\/i0.wp.com\/www.av-rheinland.de\/wp-content\/uploads\/2023\/01\/Fregellae_Bonn_2023-scaled.jpg?fit=1200%2C885&ssl=1&resize=350%2C200","width":350,"height":200,"srcset":"https:\/\/i0.wp.com\/www.av-rheinland.de\/wp-content\/uploads\/2023\/01\/Fregellae_Bonn_2023-scaled.jpg?fit=1200%2C885&ssl=1&resize=350%2C200 1x, https:\/\/i0.wp.com\/www.av-rheinland.de\/wp-content\/uploads\/2023\/01\/Fregellae_Bonn_2023-scaled.jpg?fit=1200%2C885&ssl=1&resize=525%2C300 1.5x, https:\/\/i0.wp.com\/www.av-rheinland.de\/wp-content\/uploads\/2023\/01\/Fregellae_Bonn_2023-scaled.jpg?fit=1200%2C885&ssl=1&resize=700%2C400 2x, https:\/\/i0.wp.com\/www.av-rheinland.de\/wp-content\/uploads\/2023\/01\/Fregellae_Bonn_2023-scaled.jpg?fit=1200%2C885&ssl=1&resize=1050%2C600 3x"},"classes":[]},{"id":1098,"url":"https:\/\/www.av-rheinland.de\/index.php\/2024\/01\/24\/vortrag-22-02-2024-1815-uhr-prof-dr-salvatore-ortisi-neues-zur-varusschlacht\/","url_meta":{"origin":1117,"position":1},"title":"Vortrag 22.02.2024, 18:15 Uhr Prof. Dr. Salvatore Ortisi, Neues zur Varusschlacht","author":"altertumsverein","date":"Januar 24, 2024","format":false,"excerpt":"Donnerstag, den 22. Februar 2024, 18:15 Uhr H\u00f6rsaal der Klassischen Arch\u00e4ologie, AVZ III, R\u00f6merstra\u00dfe 164, Bonn Prof. Dr. Salvatore Ortisi (M\u00fcnchen)\u00a0 Neues zur Varusschlacht Die Ausgrabungen in Kalkriese 2016 bis 2020 Der Aufbau r\u00f6mischer Herrschaftsstrukturen im rechtsrheinischen Germanien fand 9 n.\u00a0Chr. mit dem Untergang des Statthalters Varus und seiner Armee\u2026","rel":"","context":"In &quot;Vortr\u00e4ge&quot;","block_context":{"text":"Vortr\u00e4ge","link":"https:\/\/www.av-rheinland.de\/index.php\/category\/vortrage\/"},"img":{"alt_text":"","src":"https:\/\/i0.wp.com\/www.av-rheinland.de\/wp-content\/uploads\/2023\/11\/image001-300x202.jpg?resize=350%2C200","width":350,"height":200},"classes":[]},{"id":197,"url":"https:\/\/www.av-rheinland.de\/index.php\/2017\/10\/27\/vortrag-9-11-2017-18-uhr-prof-oldenstein-mainz-kastell-alzey\/","url_meta":{"origin":1117,"position":2},"title":"Vortrag: 9.11.2017, 18 Uhr &#8211; Prof. Oldenstein (Mainz), Kastell Alzey","author":"altertumsverein","date":"Oktober 27, 2017","format":false,"excerpt":"Donnerstag, 9. November 2017, 18 Uhr c.t. Prof. Oldenstein (Mainz) Ort: H\u00f6rsaal des Akademischen Kunstmuseums Bonn, Am Hofgarten 21 Kastell Alzey Das Kastell von Alzey wurde um 370 n. Chr. unter Kaiser Valentinian I. unweit der gleichnamigen Siedlung errichtet, als man die r\u00f6mische Grenze im Nordwesten neu formierte. Im selben\u2026","rel":"","context":"In &quot;Vortr\u00e4ge&quot;","block_context":{"text":"Vortr\u00e4ge","link":"https:\/\/www.av-rheinland.de\/index.php\/category\/vortrage\/"},"img":{"alt_text":"","src":"","width":0,"height":0},"classes":[]},{"id":496,"url":"https:\/\/www.av-rheinland.de\/index.php\/2019\/06\/11\/vortrag-27-6-2019-1815-uhr-prof-dr-heinrich-schlange-schoeningen-galen-von-pergamon-und-mark-aurel\/","url_meta":{"origin":1117,"position":3},"title":"Vortrag 27.6.2019, 18:15 Uhr: Prof. Dr. Heinrich Schlange-Sch\u00f6ningen &#8211; Galen von Pergamon und Mark Aurel","author":"altertumsverein","date":"Juni 11, 2019","format":false,"excerpt":"Donnerstag 27. Juni 2019, 18:15 Uhr Prof. Dr. Heinrich Schlange-Sch\u00f6ningen (Universit\u00e4t des Saarlandes, Saarbr\u00fccken) Galen von Pergamon und Mark Aurel H\u00f6rsaal des Akademischen Kunstmuseums Bonn, Am Hofgarten 21, 53113 Bonn Galen kam nach langen Studienjahren und ersten \u00e4rztlichen Erfahrungen in Pergamon um 160 n. Chr. nach Rom, wo er aufsehenerregende\u2026","rel":"","context":"In &quot;Vortr\u00e4ge&quot;","block_context":{"text":"Vortr\u00e4ge","link":"https:\/\/www.av-rheinland.de\/index.php\/category\/vortrage\/"},"img":{"alt_text":"","src":"","width":0,"height":0},"classes":[]},{"id":89,"url":"https:\/\/www.av-rheinland.de\/index.php\/2017\/06\/11\/vortrag-16-2-2017-18-uhr-nico-roymans-ein-romisches-massaker-im-hohen-norden\/","url_meta":{"origin":1117,"position":4},"title":"Vortrag: 16.2.2017, 18 Uhr Nico Roymans, Ein r\u00f6misches Massaker im hohen Norden","author":"altertumsverein","date":"Juni 11, 2017","format":false,"excerpt":"Donnerstag, 16. Februar 2017, 18 Uhr c.t. Prof. Dr. Nico Roymans (Amsterdam) H\u00f6rsaal des Akademischen Kunstmuseums Bonn, Am Hofgarten 21 Ein r\u00f6misches Massaker im hohen Norden. C\u00e4sars Vernichtung der germanischen Tenkterer und Usipeter Im vierten Buch des \u201eGallischen Krieges\u201c beschreibt C\u00e4sar das dramatische Schicksal der Tenkterer und Usipiter, zweier St\u00e4mme\u2026","rel":"","context":"In &quot;Vortr\u00e4ge&quot;","block_context":{"text":"Vortr\u00e4ge","link":"https:\/\/www.av-rheinland.de\/index.php\/category\/vortrage\/"},"img":{"alt_text":"","src":"","width":0,"height":0},"classes":[]},{"id":1198,"url":"https:\/\/www.av-rheinland.de\/index.php\/2024\/12\/12\/vortrag-16-01-2025-1815-uhr-prof-dr-hartmut-matthaeus-prinias-ein-urbanes-zentrum-des-fruehen-ersten-jahrtausends-v-chr-auf-der-insel-kreta\/","url_meta":{"origin":1117,"position":5},"title":"Vortrag 16.01.2025, 18:15 Uhr, Prof. Dr. Hartmut Matth\u00e4us &#8211; Prinias: ein urbanes Zentrum des fr\u00fchen ersten Jahrtausends v. Chr. auf der Insel Kreta","author":"altertumsverein","date":"Dezember 12, 2024","format":false,"excerpt":"Donnerstag, den 16. Januar 2025, 18:15 Uhr H\u00f6rsaal der Klassischen Arch\u00e4ologie, AVZ III, R\u00f6merstra\u00dfe 164, Bonn Prof. Dr. Hartmut Matth\u00e4us (Universit\u00e4t Erlangen) Prinias: ein urbanes Zentrum des fr\u00fchen ersten Jahrtausends v. Chr. auf der Insel Kreta Stadtanlage, Nekropole, transmaritime Beziehungen w\u00e4hrend der ,Dark Ages\u02bb Prinias liegt an strategisch g\u00fcnstiger Position\u2026","rel":"","context":"In &quot;Vortr\u00e4ge&quot;","block_context":{"text":"Vortr\u00e4ge","link":"https:\/\/www.av-rheinland.de\/index.php\/category\/vortrage\/"},"img":{"alt_text":"","src":"https:\/\/i0.wp.com\/www.av-rheinland.de\/wp-content\/uploads\/2024\/12\/IMG_4685-300x200.jpg?resize=350%2C200","width":350,"height":200},"classes":[]}],"_links":{"self":[{"href":"https:\/\/www.av-rheinland.de\/index.php\/wp-json\/wp\/v2\/posts\/1117"}],"collection":[{"href":"https:\/\/www.av-rheinland.de\/index.php\/wp-json\/wp\/v2\/posts"}],"about":[{"href":"https:\/\/www.av-rheinland.de\/index.php\/wp-json\/wp\/v2\/types\/post"}],"author":[{"embeddable":true,"href":"https:\/\/www.av-rheinland.de\/index.php\/wp-json\/wp\/v2\/users\/1"}],"replies":[{"embeddable":true,"href":"https:\/\/www.av-rheinland.de\/index.php\/wp-json\/wp\/v2\/comments?post=1117"}],"version-history":[{"count":3,"href":"https:\/\/www.av-rheinland.de\/index.php\/wp-json\/wp\/v2\/posts\/1117\/revisions"}],"predecessor-version":[{"id":1121,"href":"https:\/\/www.av-rheinland.de\/index.php\/wp-json\/wp\/v2\/posts\/1117\/revisions\/1121"}],"wp:attachment":[{"href":"https:\/\/www.av-rheinland.de\/index.php\/wp-json\/wp\/v2\/media?parent=1117"}],"wp:term":[{"taxonomy":"category","embeddable":true,"href":"https:\/\/www.av-rheinland.de\/index.php\/wp-json\/wp\/v2\/categories?post=1117"},{"taxonomy":"post_tag","embeddable":true,"href":"https:\/\/www.av-rheinland.de\/index.php\/wp-json\/wp\/v2\/tags?post=1117"}],"curies":[{"name":"wp","href":"https:\/\/api.w.org\/{rel}","templated":true}]}}