{"id":101,"date":"2017-06-11T09:42:32","date_gmt":"2017-06-11T09:42:32","guid":{"rendered":"http:\/\/www.av-rheinland.de\/?p=101"},"modified":"2017-06-11T09:42:32","modified_gmt":"2017-06-11T09:42:32","slug":"vortrag-22-6-2017-18-uhr-ulrich-mania-antike-gymnasien-als-raume-eines-kollektiven-gedachtnisses","status":"publish","type":"post","link":"https:\/\/www.av-rheinland.de\/index.php\/2017\/06\/11\/vortrag-22-6-2017-18-uhr-ulrich-mania-antike-gymnasien-als-raume-eines-kollektiven-gedachtnisses\/","title":{"rendered":"Vortrag: 22.6.2017, 18 Uhr Ulrich Mania &#8211; Antike Gymnasien als R\u00e4ume eines kollektiven Ged\u00e4chtnisses"},"content":{"rendered":"<p><em>Donnerstag, 22. Juni 2017, 18 Uhr c. t.\u00a0 <\/em><br \/>\nDr. Ulrich Mania (DAI Istanbul)<br \/>\nH\u00f6rsaal des Akademischen Kunstmuseums Bonn, Am Hofgarten 21<\/p>\n<p><strong>Antike Gymnasien als R\u00e4ume eines kollektiven Ged\u00e4chtnisses<\/strong><\/p>\n<p>St\u00e4dte stellen mit ihrer Vielzahl von Geb\u00e4uden und ihrer jeweiligen Topographie ein komplexes Zeichensystem dar, das vom jeweiligen Betrachter entsprechend seines Erfahrungs-, Wissens- und Zeithorizonts ganz unterschiedlich wahrgenommen wurde. F\u00fcr die Interpretation und Deutung antiker Architektur ergeben sich daraus erhebliche Konsequenzen, denn es geht nicht allein darum, die mit der Errichtung von Bauten intendierten Botschaften zu entschl\u00fcsseln, sondern auch der Frage nachzugehen, wie die Bauwerke und ihre Ausstattung von den Zeitgenossen und sp\u00e4teren Rezipienten wahrgenommen wurden. Ein Modell, das f\u00fcr die Beantwortung solcher Fragen hilfreich eingesetzt werden kann, ist die Vorstellung, dass gebaute Umwelt \u201eErinnerungsr\u00e4ume\u201c erzeugt, in denen sich f\u00fcr bestimmte Gruppen eine kollektive Identit\u00e4t konstituiert. In meinem Vortrag m\u00f6chte ich der Frage nachgehen, was antike Gymnasien zu diesem Thema beitragen k\u00f6nnen.<\/p>\n","protected":false},"excerpt":{"rendered":"<p>Donnerstag, 22. Juni 2017, 18 Uhr c. t.\u00a0 Dr. Ulrich Mania (DAI Istanbul) H\u00f6rsaal des Akademischen Kunstmuseums Bonn, Am Hofgarten 21 Antike Gymnasien als R\u00e4ume eines kollektiven Ged\u00e4chtnisses St\u00e4dte stellen mit ihrer Vielzahl von Geb\u00e4uden und ihrer jeweiligen Topographie ein komplexes Zeichensystem dar, das vom jeweiligen Betrachter entsprechend seines Erfahrungs-, Wissens- und Zeithorizonts ganz unterschiedlich &hellip; <\/p>\n<p class=\"link-more\"><a href=\"https:\/\/www.av-rheinland.de\/index.php\/2017\/06\/11\/vortrag-22-6-2017-18-uhr-ulrich-mania-antike-gymnasien-als-raume-eines-kollektiven-gedachtnisses\/\" class=\"more-link\"><span class=\"screen-reader-text\">\u201eVortrag: 22.6.2017, 18 Uhr Ulrich Mania &#8211; Antike Gymnasien als R\u00e4ume eines kollektiven Ged\u00e4chtnisses\u201c<\/span> weiterlesen<\/a><\/p>\n","protected":false},"author":1,"featured_media":0,"comment_status":"open","ping_status":"open","sticky":false,"template":"","format":"standard","meta":{"jetpack_post_was_ever_published":false,"_jetpack_newsletter_access":"","_jetpack_newsletter_tier_id":0,"jetpack_publicize_message":"","jetpack_is_tweetstorm":false,"jetpack_publicize_feature_enabled":true,"jetpack_social_post_already_shared":false,"jetpack_social_options":{"image_generator_settings":{"template":"highway","enabled":false}}},"categories":[3],"tags":[],"jetpack_publicize_connections":[],"jetpack_featured_media_url":"","jetpack_sharing_enabled":true,"jetpack_shortlink":"https:\/\/wp.me\/p99Kwc-1D","jetpack_likes_enabled":true,"jetpack-related-posts":[{"id":85,"url":"https:\/\/www.av-rheinland.de\/index.php\/2017\/06\/11\/vortrag-8-12-2016-18-uhr-andreas-schmidt-colinet-palmyra-geht-uns-alle-an\/","url_meta":{"origin":101,"position":0},"title":"Vortrag: 8.12.2016, 18 Uhr Andreas Schmidt-Colinet, Palmyra geht uns alle an","author":"altertumsverein","date":"Juni 11, 2017","format":false,"excerpt":"Donnerstag, 8. Dezember 2016, 18 Uhr c.t. (Winckelmann-Vortrag) Prof. Dr. Andreas Schmidt-Colinet (Wien) H\u00f6rsaal des Akademischen Kunstmuseums Bonn, Am Hofgarten 21 Palmyra geht uns alle an. Die Zerst\u00f6rung unseres kulturellen Ged\u00e4chtnisses. Syrien besitzt eines der weltweit bedeutendsten Kulturarchive, das von den fr\u00fchen Hochkulturen Mesopotamiens \u00fcber die bl\u00fchenden St\u00e4dte der R\u00f6merzeit\u2026","rel":"","context":"In &quot;Vortr\u00e4ge&quot;","block_context":{"text":"Vortr\u00e4ge","link":"https:\/\/www.av-rheinland.de\/index.php\/category\/vortrage\/"},"img":{"alt_text":"","src":"","width":0,"height":0},"classes":[]},{"id":407,"url":"https:\/\/www.av-rheinland.de\/index.php\/2018\/10\/26\/vortrag-15-11-2018-1815-uhr-thomas-martin-alte-funde-neu-entdeckt-der-industrielle-eugen-von-boch-und-seine-kollektion-antiker-vasen\/","url_meta":{"origin":101,"position":1},"title":"Vortrag 15.11.2018, 18:15 Uhr: Thomas Martin (Saarbr\u00fccken), Alte Funde neu entdeckt. Der Industrielle Eugen von Boch und seine Kollektion antiker Vasen","author":"altertumsverein","date":"Oktober 26, 2018","format":false,"excerpt":"Donnerstag 15. November 2018, 18:15 Uhr Dipl.-Kult. Thomas Martin (Berlin und Saarbr\u00fccken) Alte Funde neu entdeckt. Der Industrielle Eugen von Boch und seine Kollektion antiker Vasen H\u00f6rsaal des Akademischen Kunstmuseums Bonn, Am Hofgarten 21, 53113 Bonn Eugen von Boch (1809\u20131898), der Generaldirektor von Villeroy & Boch, stellte mit enzyklop\u00e4dischem Anspruch\u2026","rel":"","context":"In &quot;Vortr\u00e4ge&quot;","block_context":{"text":"Vortr\u00e4ge","link":"https:\/\/www.av-rheinland.de\/index.php\/category\/vortrage\/"},"img":{"alt_text":"","src":"","width":0,"height":0},"classes":[]},{"id":1162,"url":"https:\/\/www.av-rheinland.de\/index.php\/2024\/08\/15\/vortrag-12-09-2024-1815-uhr-prof-dr-klaus-grewe-antike-aquaedukte\/","url_meta":{"origin":101,"position":2},"title":"Vortrag 12.09.2024, 18:15 Uhr, Prof. Dr. Klaus Grewe &#8211; Antike Aqu\u00e4dukte","author":"altertumsverein","date":"August 15, 2024","format":false,"excerpt":"Bitte beachten Sie den Veranstaltungsort. Donnerstag, den 12. September 2024, 18:15 Uhr LVR-Landesmuseum Bonn, Colmantstra\u00dfe 14\u201316 \u00a0Prof. Dr. Klaus Grewe (Swisttal) Antike Aqu\u00e4dukte Technische Weltwunder voller Sch\u00f6nheit und R\u00e4tsel Antike Aqu\u00e4dukte durchquerten im ganzen fr\u00fcheren Imperium Romanum weite Landstriche und brachten so kostbares Trinkwasser in die r\u00f6mischen St\u00e4dte. Wer also\u2026","rel":"","context":"In &quot;Vortr\u00e4ge&quot;","block_context":{"text":"Vortr\u00e4ge","link":"https:\/\/www.av-rheinland.de\/index.php\/category\/vortrage\/"},"img":{"alt_text":"","src":"https:\/\/i0.wp.com\/www.av-rheinland.de\/wp-content\/uploads\/2024\/05\/DSC_8476_bearb-300x201.jpg?resize=350%2C200","width":350,"height":200},"classes":[]},{"id":1276,"url":"https:\/\/www.av-rheinland.de\/index.php\/2025\/05\/15\/vortrag-26-06-2025-1815-uhr-professor-dr-leif-scheuermann-antikes-transportwesen-simulieren\/","url_meta":{"origin":101,"position":3},"title":"Vortrag 26.06.2025, 18:15 Uhr, Professor Dr. Leif Scheuermann &#8211; Antikes Transportwesen simulieren?","author":"altertumsverein","date":"Mai 15, 2025","format":false,"excerpt":"Donnerstag, den 26. Juni 2025, 18:15 Uhr H\u00f6rsaal der Klassischen Arch\u00e4ologie, AVZ III, R\u00f6merstra\u00dfe 164, Bonn Professor Dr. Leif Scheuermann, Universit\u00e4t Trier Antikes Transportwesen simulieren? Einblicke in das strada-Projekt Simulationen werden heute in den Naturwissenschaften als Standardmethode eingesetzt. In den Altertumswissenschaften gibt es erst einzelne Ans\u00e4tze zur Nutzung historischer Simulationen.\u2026","rel":"","context":"In &quot;Vortr\u00e4ge&quot;","block_context":{"text":"Vortr\u00e4ge","link":"https:\/\/www.av-rheinland.de\/index.php\/category\/vortrage\/"},"img":{"alt_text":"","src":"https:\/\/i0.wp.com\/www.av-rheinland.de\/wp-content\/uploads\/2025\/03\/Scheuermann_BildBonn-300x279.jpg?resize=350%2C200","width":350,"height":200},"classes":[]},{"id":915,"url":"https:\/\/www.av-rheinland.de\/index.php\/2023\/02\/03\/vortrag-23-02-2023-1800-uhr-dominik-maschek-die-belagerung-von-fregellae\/","url_meta":{"origin":101,"position":4},"title":"Vortrag 23.02.2023, 18:00 Uhr Dominik Maschek, Die Belagerung von Fregellae","author":"altertumsverein","date":"Februar 3, 2023","format":false,"excerpt":"Donnerstag, den 23. Februar 2023, 18:00 Uhr c. t. Klassische Arch\u00e4ologie und Akademisches Kunstmuseum, R\u00f6merstra\u00dfe 164, 53117 Bonn Dominik Maschek (Mainz\/Trier) Die Belagerung von Fregellae Neue Forschungen zu einem antiken Schlachtfeld im Umfeld von Ceprano und Arce (Latium) Zerst\u00f6rtes Geh\u00f6ft im n\u00f6rdlichen Umland von Fregellae, Grabung 2022. Foto Dominik Maschek.\u2026","rel":"","context":"In &quot;Vortr\u00e4ge&quot;","block_context":{"text":"Vortr\u00e4ge","link":"https:\/\/www.av-rheinland.de\/index.php\/category\/vortrage\/"},"img":{"alt_text":"","src":"https:\/\/i0.wp.com\/www.av-rheinland.de\/wp-content\/uploads\/2023\/01\/Fregellae_Bonn_2023-scaled.jpg?fit=1200%2C885&ssl=1&resize=350%2C200","width":350,"height":200,"srcset":"https:\/\/i0.wp.com\/www.av-rheinland.de\/wp-content\/uploads\/2023\/01\/Fregellae_Bonn_2023-scaled.jpg?fit=1200%2C885&ssl=1&resize=350%2C200 1x, https:\/\/i0.wp.com\/www.av-rheinland.de\/wp-content\/uploads\/2023\/01\/Fregellae_Bonn_2023-scaled.jpg?fit=1200%2C885&ssl=1&resize=525%2C300 1.5x, https:\/\/i0.wp.com\/www.av-rheinland.de\/wp-content\/uploads\/2023\/01\/Fregellae_Bonn_2023-scaled.jpg?fit=1200%2C885&ssl=1&resize=700%2C400 2x, https:\/\/i0.wp.com\/www.av-rheinland.de\/wp-content\/uploads\/2023\/01\/Fregellae_Bonn_2023-scaled.jpg?fit=1200%2C885&ssl=1&resize=1050%2C600 3x"},"classes":[]},{"id":498,"url":"https:\/\/www.av-rheinland.de\/index.php\/2019\/06\/28\/vortrag-18-7-2019-1815-uhr-dr-dirk-schmitz-eine-roemische-bibliothek-und-andere-ueberraschungen-ausgrabungen-im-antoniterquartier-in-koeln\/","url_meta":{"origin":101,"position":5},"title":"Vortrag 18.7.2019, 18:15 Uhr: Dr. Dirk Schmitz &#8211; Eine r\u00f6mische Bibliothek und andere \u00dcberraschungen. Ausgrabungen im Antoniterquartier in K\u00f6ln","author":"altertumsverein","date":"Juni 28, 2019","format":false,"excerpt":"Donnerstag 18. Juli 2019, 18:15 Uhr Dr. Dirk Schmitz, (R\u00f6misch-Germanisches Museum, K\u00f6ln) Eine r\u00f6mische Bibliothek und andere \u00dcberraschungen. Ausgrabungen im Antoniterquartier in K\u00f6ln H\u00f6rsaal des Akademischen Kunstmuseums Bonn, Am Hofgarten 21, 53113 Bonn Zwischen April und November 2017 f\u00fchrte die Arch\u00e4ologische Bodendenkmalpflege der Stadt K\u00f6ln bauvorgreifende Ausgrabungen s\u00fcdlich der Antoniterkirche\u2026","rel":"","context":"In &quot;Vortr\u00e4ge&quot;","block_context":{"text":"Vortr\u00e4ge","link":"https:\/\/www.av-rheinland.de\/index.php\/category\/vortrage\/"},"img":{"alt_text":"","src":"https:\/\/i0.wp.com\/www.av-rheinland.de\/wp-content\/uploads\/2019\/06\/IMG_4892_Ulrich-Karas-R\u00c3\u00b6misch-Germanisches-Museum-der-Stadt-K\u00c3\u00b6ln-1024x683.jpg?resize=350%2C200","width":350,"height":200,"srcset":"https:\/\/i0.wp.com\/www.av-rheinland.de\/wp-content\/uploads\/2019\/06\/IMG_4892_Ulrich-Karas-R\u00c3\u00b6misch-Germanisches-Museum-der-Stadt-K\u00c3\u00b6ln-1024x683.jpg?resize=350%2C200 1x, https:\/\/i0.wp.com\/www.av-rheinland.de\/wp-content\/uploads\/2019\/06\/IMG_4892_Ulrich-Karas-R\u00c3\u00b6misch-Germanisches-Museum-der-Stadt-K\u00c3\u00b6ln-1024x683.jpg?resize=525%2C300 1.5x"},"classes":[]}],"_links":{"self":[{"href":"https:\/\/www.av-rheinland.de\/index.php\/wp-json\/wp\/v2\/posts\/101"}],"collection":[{"href":"https:\/\/www.av-rheinland.de\/index.php\/wp-json\/wp\/v2\/posts"}],"about":[{"href":"https:\/\/www.av-rheinland.de\/index.php\/wp-json\/wp\/v2\/types\/post"}],"author":[{"embeddable":true,"href":"https:\/\/www.av-rheinland.de\/index.php\/wp-json\/wp\/v2\/users\/1"}],"replies":[{"embeddable":true,"href":"https:\/\/www.av-rheinland.de\/index.php\/wp-json\/wp\/v2\/comments?post=101"}],"version-history":[{"count":1,"href":"https:\/\/www.av-rheinland.de\/index.php\/wp-json\/wp\/v2\/posts\/101\/revisions"}],"predecessor-version":[{"id":102,"href":"https:\/\/www.av-rheinland.de\/index.php\/wp-json\/wp\/v2\/posts\/101\/revisions\/102"}],"wp:attachment":[{"href":"https:\/\/www.av-rheinland.de\/index.php\/wp-json\/wp\/v2\/media?parent=101"}],"wp:term":[{"taxonomy":"category","embeddable":true,"href":"https:\/\/www.av-rheinland.de\/index.php\/wp-json\/wp\/v2\/categories?post=101"},{"taxonomy":"post_tag","embeddable":true,"href":"https:\/\/www.av-rheinland.de\/index.php\/wp-json\/wp\/v2\/tags?post=101"}],"curies":[{"name":"wp","href":"https:\/\/api.w.org\/{rel}","templated":true}]}}