{"id":829,"date":"2022-10-21T08:00:14","date_gmt":"2022-10-21T08:00:14","guid":{"rendered":"https:\/\/www.av-rheinland.de\/?p=829"},"modified":"2022-11-03T14:19:43","modified_gmt":"2022-11-03T14:19:43","slug":"vortrag-10-11-2022-1800-uhr-prof-kresimir-matijevic-lateinische-inschriften-in-den-germanischen-provinzen","status":"publish","type":"post","link":"http:\/\/www.av-rheinland.de\/index.php\/2022\/10\/21\/vortrag-10-11-2022-1800-uhr-prof-kresimir-matijevic-lateinische-inschriften-in-den-germanischen-provinzen\/","title":{"rendered":"Vortrag 10.11.2022, 18:00 Uhr Kre\u0161imir Matijevi\u0107, Lateinische Inschriften in den germanischen Provinzen"},"content":{"rendered":"<p style=\"font-weight: 400;\"><em><strong>Donnerstag, den 10. November 2022, 18:00 Uhr<\/strong><\/em><\/p>\n<p>Klassische Arch\u00e4ologie und Akademisches Kunstmuseum, R\u00f6merstr. 164, 53117 Bonn<\/p>\n<p><em><strong>Kre\u0161imir Matijevi\u0107 (Europa-Universit\u00e4t Flensburg)<\/strong><\/em><\/p>\n<p style=\"font-weight: 400;\"><strong>Lateinische Inschriften in den germanischen Provinzen: <\/strong><\/p>\n<p style=\"font-weight: 400;\">Auswertung und Edition (CIL)<\/p>\n<p style=\"font-weight: 400;\">Inschriften erweitern unsere Kenntnis \u00fcber die in den historischen Quellen thematisierte antike Ereignisgeschichte und geben zugleich Auskunft \u00fcber die in den literarischen Texten weniger h\u00e4ufig thematisierten Bereiche der r\u00f6mischen Lebenswelt. Theodor Mommsen (1817-1903) hat die systematische Sammlung aller lateinischer Inschriften im Corpus Inscriptionum Latinarum (CIL) initiiert. F\u00fcr die germanischen Provinzen ist nach gut 120 Jahren eine Neuauflage in Arbeit, an welcher der Vortragende beteiligt ist und \u00fcber die er berichten wird.<\/p>\n<figure id=\"attachment_892\" aria-describedby=\"caption-attachment-892\" style=\"width: 300px\" class=\"wp-caption alignnone\"><img data-attachment-id=\"892\" data-permalink=\"http:\/\/www.av-rheinland.de\/index.php\/2022\/10\/21\/vortrag-10-11-2022-1800-uhr-prof-kresimir-matijevic-lateinische-inschriften-in-den-germanischen-provinzen\/ae1962_232\/\" data-orig-file=\"https:\/\/i0.wp.com\/www.av-rheinland.de\/wp-content\/uploads\/2022\/10\/AE1962_232.jpg?fit=2544%2C1780\" data-orig-size=\"2544,1780\" data-comments-opened=\"1\" data-image-meta=\"{&quot;aperture&quot;:&quot;0&quot;,&quot;credit&quot;:&quot;&quot;,&quot;camera&quot;:&quot;&quot;,&quot;caption&quot;:&quot;&quot;,&quot;created_timestamp&quot;:&quot;0&quot;,&quot;copyright&quot;:&quot;&quot;,&quot;focal_length&quot;:&quot;0&quot;,&quot;iso&quot;:&quot;0&quot;,&quot;shutter_speed&quot;:&quot;0&quot;,&quot;title&quot;:&quot;&quot;,&quot;orientation&quot;:&quot;1&quot;}\" data-image-title=\"AE1962_232\" data-image-description=\"\" data-image-caption=\"&lt;p&gt;Weihinschrift (AE 1962, 232) der Dendrophoren und Augustalen aus Frankfurt. Die Tafel war urspr\u00fcnglich an ihrem Versammlungsgeb\u00e4ude angebracht.&lt;\/p&gt;\n\" data-medium-file=\"https:\/\/i0.wp.com\/www.av-rheinland.de\/wp-content\/uploads\/2022\/10\/AE1962_232.jpg?fit=300%2C210\" data-large-file=\"https:\/\/i0.wp.com\/www.av-rheinland.de\/wp-content\/uploads\/2022\/10\/AE1962_232.jpg?fit=525%2C367\" decoding=\"async\" loading=\"lazy\" class=\"size-medium wp-image-892\" src=\"https:\/\/i0.wp.com\/www.av-rheinland.de\/wp-content\/uploads\/2022\/10\/AE1962_232.jpg?resize=300%2C210\" alt=\"\" width=\"300\" height=\"210\" srcset=\"https:\/\/i0.wp.com\/www.av-rheinland.de\/wp-content\/uploads\/2022\/10\/AE1962_232.jpg?resize=300%2C210 300w, https:\/\/i0.wp.com\/www.av-rheinland.de\/wp-content\/uploads\/2022\/10\/AE1962_232.jpg?resize=1024%2C716 1024w, https:\/\/i0.wp.com\/www.av-rheinland.de\/wp-content\/uploads\/2022\/10\/AE1962_232.jpg?resize=768%2C537 768w, https:\/\/i0.wp.com\/www.av-rheinland.de\/wp-content\/uploads\/2022\/10\/AE1962_232.jpg?resize=1536%2C1075 1536w, https:\/\/i0.wp.com\/www.av-rheinland.de\/wp-content\/uploads\/2022\/10\/AE1962_232.jpg?resize=2048%2C1433 2048w\" sizes=\"(max-width: 300px) 100vw, 300px\" data-recalc-dims=\"1\" \/><figcaption id=\"caption-attachment-892\" class=\"wp-caption-text\">Weihinschrift (AE 1962, 232) der Dendrophoren und Augustalen aus Frankfurt. Die Tafel war urspr\u00fcnglich an ihrem Versammlungsgeb\u00e4ude angebracht.<\/figcaption><\/figure>\n","protected":false},"excerpt":{"rendered":"<p>Donnerstag, den 10. November 2022, 18:00 Uhr Klassische Arch\u00e4ologie und Akademisches Kunstmuseum, R\u00f6merstr. 164, 53117 Bonn Kre\u0161imir Matijevi\u0107 (Europa-Universit\u00e4t Flensburg) Lateinische Inschriften in den germanischen Provinzen: Auswertung und Edition (CIL) Inschriften erweitern unsere Kenntnis \u00fcber die in den historischen Quellen thematisierte antike Ereignisgeschichte und geben zugleich Auskunft \u00fcber die in den literarischen Texten weniger h\u00e4ufig &hellip; <\/p>\n<p class=\"link-more\"><a href=\"http:\/\/www.av-rheinland.de\/index.php\/2022\/10\/21\/vortrag-10-11-2022-1800-uhr-prof-kresimir-matijevic-lateinische-inschriften-in-den-germanischen-provinzen\/\" class=\"more-link\"><span class=\"screen-reader-text\">\u201eVortrag 10.11.2022, 18:00 Uhr Kre\u0161imir Matijevi\u0107, Lateinische Inschriften in den germanischen Provinzen\u201c<\/span> weiterlesen<\/a><\/p>\n","protected":false},"author":1,"featured_media":0,"comment_status":"open","ping_status":"open","sticky":false,"template":"","format":"standard","meta":{"jetpack_post_was_ever_published":false,"_jetpack_newsletter_access":"","_jetpack_newsletter_tier_id":0,"jetpack_publicize_message":"","jetpack_is_tweetstorm":false,"jetpack_publicize_feature_enabled":true,"jetpack_social_post_already_shared":true,"jetpack_social_options":{"image_generator_settings":{"template":"highway","enabled":false}}},"categories":[3],"tags":[],"jetpack_publicize_connections":[],"jetpack_featured_media_url":"","jetpack_sharing_enabled":true,"jetpack_shortlink":"https:\/\/wp.me\/p99Kwc-dn","jetpack_likes_enabled":true,"jetpack-related-posts":[{"id":1126,"url":"http:\/\/www.av-rheinland.de\/index.php\/2024\/04\/11\/vortrag-16-05-2024-1815-uhr-dr-simone-michel-von-dungern-zeugnisse-der-antike\/","url_meta":{"origin":829,"position":0},"title":"Vortrag 16.05.2024, 18:15 Uhr, Dr. Simone Michel &#8211; von Dungern, Zeugnisse der Antike?","author":"altertumsverein","date":"April 11, 2024","format":false,"excerpt":"Donnerstag, den 16. Mai 2024, 18:15 Uhr H\u00f6rsaal der Klassischen Arch\u00e4ologie, AVZ III, R\u00f6merstra\u00dfe 164, Bonn Dr. Simone Michel\u00a0- von Dungern (Marktbreit) Zeugnisse der Antike? Zur Problematik der Kategorisierung magischer Gemmen Als \u203amagische Gemmen\u2039 bezeichnet man positiv geschnittene Halbedelsteine, die eng mit dem antiken Amulett- und Zauberwesen korrespondieren. Sie zeigen\u2026","rel":"","context":"In &quot;Vortr\u00e4ge&quot;","block_context":{"text":"Vortr\u00e4ge","link":"http:\/\/www.av-rheinland.de\/index.php\/category\/vortrage\/"},"img":{"alt_text":"","src":"https:\/\/i0.wp.com\/www.av-rheinland.de\/wp-content\/uploads\/2024\/02\/Neu_Baltimore_Michel_Bonn-300x216.jpg?resize=350%2C200","width":350,"height":200},"classes":[]},{"id":1324,"url":"http:\/\/www.av-rheinland.de\/index.php\/2025\/10\/30\/vortrag-20-11-2025-1815-uhr-prof-monika-truemper-das-gymnasium-von-agrigent\/","url_meta":{"origin":829,"position":1},"title":"Vortrag 20.11.2025, 18:15 Uhr, Prof. Monika Tr\u00fcmper &#8211; Das Gymnasium von Agrigent","author":"altertumsverein","date":"Oktober 30, 2025","format":false,"excerpt":"Donnerstag, den 20. November 2025, 18:15 Uhr H\u00f6rsaal der Klassischen Arch\u00e4ologie, AVZ III, R\u00f6merstra\u00dfe 164, Bonn Prof. Monika Tr\u00fcmper (Berlin) Das Gymnasium von Agrigent Neue Funde und Forschungen der Freien Universit\u00e4t Berlin In der griechischen Kultur stellten Gymnasien den zentralen Ort f\u00fcr sportliche und intellektuelle Ausbildung der Jugend dar. Von\u2026","rel":"","context":"\u00c4hnlicher Beitrag","block_context":{"text":"\u00c4hnlicher Beitrag","link":""},"img":{"alt_text":"","src":"","width":0,"height":0},"classes":[]},{"id":67,"url":"http:\/\/www.av-rheinland.de\/index.php\/2016\/09\/26\/vortrag-24-11-2016-18-uhr-klaus-frank-gelebte-nachbarschaft\/","url_meta":{"origin":829,"position":2},"title":"Vortrag: 24.11.2016, 18 Uhr Klaus Frank, Gelebte Nachbarschaft","author":"altertumsverein","date":"September 26, 2016","format":false,"excerpt":"Donnerstag, 24. November 2016, 18 Uhr s.t. Klaus Frank M.A. Oberlichtsaal des LVR-Landesmuseums Bonn, Colmantstr. 14-16 Gelebte Nachbarschaft. R\u00f6mer und Germanen am Rhein Das Rheinland mit seinen arch\u00e4ologischen Funden bietet die seltene Gelegenheit, die Migration der als Barbaren angesehenen Germanen in die antike r\u00f6mische Hochkultur im Detail zu erforschen. \u00dcber\u2026","rel":"","context":"In &quot;Vortr\u00e4ge&quot;","block_context":{"text":"Vortr\u00e4ge","link":"http:\/\/www.av-rheinland.de\/index.php\/category\/vortrage\/"},"img":{"alt_text":"","src":"","width":0,"height":0},"classes":[]},{"id":410,"url":"http:\/\/www.av-rheinland.de\/index.php\/2018\/11\/17\/vortrag-6-12-2018-18-15-uhr-dr-jutta-stroszeck-athen-die-entdeckung-eines-orakelheiligtums-im-kerameikos-von-athen\/","url_meta":{"origin":829,"position":3},"title":"Vortrag 6.12.2018, 18.15 Uhr: Dr. Jutta Stroszeck (Athen), Die Entdeckung eines Orakelheiligtums im Kerameikos von Athen","author":"altertumsverein","date":"November 17, 2018","format":false,"excerpt":"Donnerstag 6. Dezember 2018, 18:15 Uhr Winckelmannsvortrag Dr. Jutta Stroszeck (Athen) Die Entdeckung eines Orakelheiligtums im Kerameikos von Athen H\u00f6rsaal des Akademischen Kunstmuseums Bonn, Am Hofgarten 21, 53113 Bonn Der Kerameikos von Athen, einer der antiken Friedh\u00f6fe der Stadt, wird seit mehr als einem Jahrhundert durch das Deutsche Arch\u00e4ologische Institut\u2026","rel":"","context":"In &quot;Vortr\u00e4ge&quot;","block_context":{"text":"Vortr\u00e4ge","link":"http:\/\/www.av-rheinland.de\/index.php\/category\/vortrage\/"},"img":{"alt_text":"","src":"","width":0,"height":0},"classes":[]},{"id":256,"url":"http:\/\/www.av-rheinland.de\/index.php\/2018\/02\/23\/vortrag-15-3-2018-18-uhr-rahel-otte-m-a-fundmuenzen-aus-dem-bonner-legionslager\/","url_meta":{"origin":829,"position":4},"title":"Vortrag 15.3.2018, 18 Uhr &#8211; Rahel Otte M.A., Fundm\u00fcnzen aus dem Bonner Legionslager","author":"altertumsverein","date":"Februar 23, 2018","format":false,"excerpt":"15. M\u00e4rz 2018, 18:00 c.t. im Akademischen Kunstmuseum, Am Hofgarten Rahel Otte M.A. Fundm\u00fcnzen aus dem Bonner Legionslager In den Jahren 2013 und 2014 wurden Ausgrabungen in der Nordwestecke des ehemaligen Bonner Legionslagers durchgef\u00fchrt. Die dabei gefundenen rund 250 M\u00fcnzen bieten im Vergleich mit den Funden von Geldst\u00fccken anderer Fundorte\u2026","rel":"","context":"In &quot;Vortr\u00e4ge&quot;","block_context":{"text":"Vortr\u00e4ge","link":"http:\/\/www.av-rheinland.de\/index.php\/category\/vortrage\/"},"img":{"alt_text":"","src":"","width":0,"height":0},"classes":[]},{"id":754,"url":"http:\/\/www.av-rheinland.de\/index.php\/2022\/11\/11\/vortrag-19-05-2022-1800-uhr-thomas-stoellner-tod-im-salz-2\/","url_meta":{"origin":829,"position":5},"title":"Vortrag 24.11.2022, 18:00 Uhr Thomas St\u00f6llner, Tod im Salz","author":"altertumsverein","date":"November 11, 2022","format":false,"excerpt":"Donnerstag, 24. November 2022, 18:00 Uhr (urspr\u00fcnglich angek\u00fcndigt f\u00fcr 19. Mai 2022) Klassische Arch\u00e4ologie und Akademisches Kunstmuseums, R\u00f6merstra\u00dfe 164, 53117 Bonn Prof. Dr. Thomas St\u00f6llner (Ruhr-Universit\u00e4t Bochum und Deutsches Bergbau-Museum Bochum) Tod im Salz Einblicke in eine antike Bergbaukatastrophe und in die Wirtschaftsgeschichte des antiken Persien Im Winter 1993 wurden\u2026","rel":"","context":"In &quot;Vortr\u00e4ge&quot;","block_context":{"text":"Vortr\u00e4ge","link":"http:\/\/www.av-rheinland.de\/index.php\/category\/vortrage\/"},"img":{"alt_text":"","src":"","width":0,"height":0},"classes":[]}],"_links":{"self":[{"href":"http:\/\/www.av-rheinland.de\/index.php\/wp-json\/wp\/v2\/posts\/829"}],"collection":[{"href":"http:\/\/www.av-rheinland.de\/index.php\/wp-json\/wp\/v2\/posts"}],"about":[{"href":"http:\/\/www.av-rheinland.de\/index.php\/wp-json\/wp\/v2\/types\/post"}],"author":[{"embeddable":true,"href":"http:\/\/www.av-rheinland.de\/index.php\/wp-json\/wp\/v2\/users\/1"}],"replies":[{"embeddable":true,"href":"http:\/\/www.av-rheinland.de\/index.php\/wp-json\/wp\/v2\/comments?post=829"}],"version-history":[{"count":6,"href":"http:\/\/www.av-rheinland.de\/index.php\/wp-json\/wp\/v2\/posts\/829\/revisions"}],"predecessor-version":[{"id":893,"href":"http:\/\/www.av-rheinland.de\/index.php\/wp-json\/wp\/v2\/posts\/829\/revisions\/893"}],"wp:attachment":[{"href":"http:\/\/www.av-rheinland.de\/index.php\/wp-json\/wp\/v2\/media?parent=829"}],"wp:term":[{"taxonomy":"category","embeddable":true,"href":"http:\/\/www.av-rheinland.de\/index.php\/wp-json\/wp\/v2\/categories?post=829"},{"taxonomy":"post_tag","embeddable":true,"href":"http:\/\/www.av-rheinland.de\/index.php\/wp-json\/wp\/v2\/tags?post=829"}],"curies":[{"name":"wp","href":"https:\/\/api.w.org\/{rel}","templated":true}]}}