{"id":826,"date":"2022-10-06T07:18:10","date_gmt":"2022-10-06T07:18:10","guid":{"rendered":"https:\/\/www.av-rheinland.de\/?p=826"},"modified":"2022-10-10T08:39:08","modified_gmt":"2022-10-10T08:39:08","slug":"vortrag-20-10-2022-1800-uhr-prof-juergen-richter-unser-weg-nach-europa","status":"publish","type":"post","link":"http:\/\/www.av-rheinland.de\/index.php\/2022\/10\/06\/vortrag-20-10-2022-1800-uhr-prof-juergen-richter-unser-weg-nach-europa\/","title":{"rendered":"Vortrag 20.10.2022, 18:00 Uhr Prof. J\u00fcrgen Richter, Unser Weg nach Europa"},"content":{"rendered":"<p><strong><em>Donnerstag, 20. Oktober 2022, 18:00 Uhr<\/em><\/strong><\/p>\n<p>Klassische Arch\u00e4ologie und Akademisches Kunstmuseum, R\u00f6merstra\u00dfe 164, 53117 Bonn<\/p>\n<p><em><strong>Prof. J\u00fcrgen Richter (Universit\u00e4t K\u00f6ln)<\/strong><\/em><\/p>\n<p><strong>Unser Weg nach Europa<\/strong><\/p>\n<p>Warum unsere Vorfahren aus Afrika kamen<\/p>\n<p>Dass wir Menschen urspr\u00fcnglich aus Afrika kommen, ist nach \u00fcber zwanzig Jahren Forschung mehr und mehr zur wissenschaftlichen Tatsache geworden. Nat\u00fcrlich wollen wir nun auch wissen: auf welchen Wegen und unter welchen Umst\u00e4nden hatte sich der Moderne Mensch von Afrika nach Europa ausgebreitet? Zw\u00f6lf Jahre arch\u00e4ologische und geowissenschaftliche Forschungen der Universit\u00e4ten K\u00f6ln, Bonn und Aachen und von vielen anderen internationalen Teams haben viel Neues dazu ergeben \u2026<\/p>\n","protected":false},"excerpt":{"rendered":"<p>Donnerstag, 20. Oktober 2022, 18:00 Uhr Klassische Arch\u00e4ologie und Akademisches Kunstmuseum, R\u00f6merstra\u00dfe 164, 53117 Bonn Prof. J\u00fcrgen Richter (Universit\u00e4t K\u00f6ln) Unser Weg nach Europa Warum unsere Vorfahren aus Afrika kamen Dass wir Menschen urspr\u00fcnglich aus Afrika kommen, ist nach \u00fcber zwanzig Jahren Forschung mehr und mehr zur wissenschaftlichen Tatsache geworden. Nat\u00fcrlich wollen wir nun auch &hellip; <\/p>\n<p class=\"link-more\"><a href=\"http:\/\/www.av-rheinland.de\/index.php\/2022\/10\/06\/vortrag-20-10-2022-1800-uhr-prof-juergen-richter-unser-weg-nach-europa\/\" class=\"more-link\"><span class=\"screen-reader-text\">\u201eVortrag 20.10.2022, 18:00 Uhr Prof. J\u00fcrgen Richter, Unser Weg nach Europa\u201c<\/span> weiterlesen<\/a><\/p>\n","protected":false},"author":1,"featured_media":856,"comment_status":"open","ping_status":"open","sticky":false,"template":"","format":"standard","meta":{"jetpack_post_was_ever_published":false,"_jetpack_newsletter_access":"","_jetpack_newsletter_tier_id":0,"jetpack_publicize_message":"","jetpack_is_tweetstorm":false,"jetpack_publicize_feature_enabled":true,"jetpack_social_post_already_shared":true,"jetpack_social_options":{"image_generator_settings":{"template":"highway","enabled":false}}},"categories":[3],"tags":[],"jetpack_publicize_connections":[],"jetpack_featured_media_url":"https:\/\/i0.wp.com\/www.av-rheinland.de\/wp-content\/uploads\/2022\/10\/Jordanien_Uni-Koeln.png?fit=934%2C1490","jetpack_sharing_enabled":true,"jetpack_shortlink":"https:\/\/wp.me\/p99Kwc-dk","jetpack_likes_enabled":true,"jetpack-related-posts":[{"id":377,"url":"http:\/\/www.av-rheinland.de\/index.php\/2018\/06\/22\/oeffentliches-kolloquium-neues-aus-der-alten-welt-ii-neue-archaeologische-forschungen-in-koeln-und-bonn\/","url_meta":{"origin":826,"position":0},"title":"\u00d6ffentliches Kolloquium: Neues aus der Alten Welt II. Neue arch\u00e4ologische Forschungen in K\u00f6ln und Bonn","author":"altertumsverein","date":"Juni 22, 2018","format":false,"excerpt":"Am 30. Juni findet das \u00f6ffentliche Kolloquium Neues aus der Alten Welt II. Neue arch\u00e4ologische Forschungen in K\u00f6ln und Bonn in K\u00f6ln bei der Fritz Thyssen Stiftung statt. Organisiert wird das Kolloquium von VarI - dem Verbund der arch\u00e4ologischen Institute K\u00f6ln\/Bonn. Das\u00a0 Programm finden Sie weiter unten. Was ist VarI?\u2026","rel":"","context":"In &quot;Vortr\u00e4ge&quot;","block_context":{"text":"Vortr\u00e4ge","link":"http:\/\/www.av-rheinland.de\/index.php\/category\/vortrage\/"},"img":{"alt_text":"","src":"","width":0,"height":0},"classes":[]},{"id":1207,"url":"http:\/\/www.av-rheinland.de\/index.php\/2025\/01\/16\/vortrag-13-02-2025-1815-uhr-prof-toso-prof-rageot-dr-rosenstock-vom-boden-ins-labor\/","url_meta":{"origin":826,"position":1},"title":"&#8211; WIRD KRANKHEITSBEDINGT VERSCHOBEN &#8211; Vortrag 13.02.2025, 18:15 Uhr, Dr. Eva Rosenstock &#8211; Vom Boden ins Labor. Bioarch\u00e4ologie im Rheinland als Schl\u00fcssel zur Vergangenheit","author":"altertumsverein","date":"Januar 16, 2025","format":false,"excerpt":"Krankheitsbedingt muss der Vortrag um eine Woche auf Donnerstag, den 20. Februar 2025 , 18:15 Uhr verschoben werden. Bitte beachten Sie den Veranstaltungsort. Donnerstag, den 13. Februar 2025, 18:15 Uhr Vortragssaal des LVR-LandesMuseums Bonn, Colmantstra\u00dfe 14\u201316 Dr. Eva Rosenstock (Universit\u00e4t Bonn, Bonn Center for ArchaeoSciences) Vom Boden ins Labor Bioarch\u00e4ologie\u2026","rel":"","context":"In &quot;Vortr\u00e4ge&quot;","block_context":{"text":"Vortr\u00e4ge","link":"http:\/\/www.av-rheinland.de\/index.php\/category\/vortrage\/"},"img":{"alt_text":"","src":"https:\/\/i0.wp.com\/www.av-rheinland.de\/wp-content\/uploads\/2025\/02\/Picture1.png?resize=350%2C200","width":350,"height":200},"classes":[]},{"id":829,"url":"http:\/\/www.av-rheinland.de\/index.php\/2022\/10\/21\/vortrag-10-11-2022-1800-uhr-prof-kresimir-matijevic-lateinische-inschriften-in-den-germanischen-provinzen\/","url_meta":{"origin":826,"position":2},"title":"Vortrag 10.11.2022, 18:00 Uhr Kre\u0161imir Matijevi\u0107, Lateinische Inschriften in den germanischen Provinzen","author":"altertumsverein","date":"Oktober 21, 2022","format":false,"excerpt":"Donnerstag, den 10. November 2022, 18:00 Uhr Klassische Arch\u00e4ologie und Akademisches Kunstmuseum, R\u00f6merstr. 164, 53117 Bonn Kre\u0161imir Matijevi\u0107 (Europa-Universit\u00e4t Flensburg) Lateinische Inschriften in den germanischen Provinzen: Auswertung und Edition (CIL) Inschriften erweitern unsere Kenntnis \u00fcber die in den historischen Quellen thematisierte antike Ereignisgeschichte und geben zugleich Auskunft \u00fcber die in\u2026","rel":"","context":"In &quot;Vortr\u00e4ge&quot;","block_context":{"text":"Vortr\u00e4ge","link":"http:\/\/www.av-rheinland.de\/index.php\/category\/vortrage\/"},"img":{"alt_text":"","src":"https:\/\/i0.wp.com\/www.av-rheinland.de\/wp-content\/uploads\/2022\/10\/AE1962_232-300x210.jpg?resize=350%2C200","width":350,"height":200},"classes":[]},{"id":537,"url":"http:\/\/www.av-rheinland.de\/index.php\/2019\/12\/13\/537\/","url_meta":{"origin":826,"position":3},"title":"Vortrag 16. Januar 2020, 18.15 Uhr: Stefan Ardeleanu &#8211; Numidia Romana?","author":"altertumsverein","date":"Dezember 13, 2019","format":false,"excerpt":"Donnerstag, 16. Januar 2020, 18.15 Uhr Stefan Ardeleanu M.\u00a0A. (Universit\u00e4t Heidelberg) Numidia Romana? Nordafrikanische St\u00e4dte zwischen der r\u00f6mischen Republik und der fr\u00fchen Kaiserzeit\u00a0 H\u00f6rsaal des Akademischen Kunstmuseums Bonn, Am Hofgarten 21, 53113 Bonn Nordafrika bildete seit dem dritten vorchristlichen Jahrhundert ein zentrales Interessensgebiet Roms. Dennoch stilisiert die Forschung bis heute\u2026","rel":"","context":"In &quot;Vortr\u00e4ge&quot;","block_context":{"text":"Vortr\u00e4ge","link":"http:\/\/www.av-rheinland.de\/index.php\/category\/vortrage\/"},"img":{"alt_text":"","src":"","width":0,"height":0},"classes":[]},{"id":272,"url":"http:\/\/www.av-rheinland.de\/index.php\/2018\/02\/20\/vortragsreihe-zum-europaeischen-kulturerbejahr-2018-sharing-heritage\/","url_meta":{"origin":826,"position":4},"title":"Vortragsreihe zum Europ\u00e4ischen Kulturerbejahr 2018 (Sharing Heritage)","author":"altertumsverein","date":"Februar 20, 2018","format":false,"excerpt":"Im Fokus des Kulturerbejahres steht das Gemeinschaftliche und Verbindende europ\u00e4ischer Kultur. Gemeinsam werfen wir einen Blick auf unser kulturelles Erbe: Wo erkennen wir das europ\u00e4ische Erbe in unseren St\u00e4dten, D\u00f6rfern und Kulturlandschaften wieder? Was verbindet uns? Was wollen wir ver\u00e4ndern? Was k\u00f6nnen wir lernen? Was entdecken wir neu und \u00fcberrascht\u2026","rel":"","context":"In &quot;Vortr\u00e4ge&quot;","block_context":{"text":"Vortr\u00e4ge","link":"http:\/\/www.av-rheinland.de\/index.php\/category\/vortrage\/"},"img":{"alt_text":"Europ\u00c3\u00a4isches Kulturerbejahr 2018 - Sharing Heritage","src":"https:\/\/i0.wp.com\/www.av-rheinland.de\/wp-content\/uploads\/2018\/01\/SH_A4_wm_p_DEU-1024x723.jpg?resize=350%2C200","width":350,"height":200,"srcset":"https:\/\/i0.wp.com\/www.av-rheinland.de\/wp-content\/uploads\/2018\/01\/SH_A4_wm_p_DEU-1024x723.jpg?resize=350%2C200 1x, https:\/\/i0.wp.com\/www.av-rheinland.de\/wp-content\/uploads\/2018\/01\/SH_A4_wm_p_DEU-1024x723.jpg?resize=525%2C300 1.5x"},"classes":[]},{"id":517,"url":"http:\/\/www.av-rheinland.de\/index.php\/2019\/09\/20\/vortrag-17-10-2019-1815-uhr-prof-dr-roald-docter-thorikos-und-das-silber\/","url_meta":{"origin":826,"position":5},"title":"Vortrag 17.10.2019, 18:15 Uhr: Prof. Dr. Roald Docter &#8211; Thorikos und das Silber","author":"altertumsverein","date":"September 20, 2019","format":false,"excerpt":"Donnerstag 17. Oktober 2019, 18:15 Uhr Prof. Dr. Roald Docter (Universit\u00e4t Gent) Thorikos und das Silber Neue Forschungen in einer Bergbaustadt im S\u00fcden Attikas H\u00f6rsaal des Akademischen Kunstmuseums Bonn, Am Hofgarten 21, 53113 Bonn Thorikos wird seit 1961 von belgischen Arch\u00e4ologen erforscht und hat bereits wichtige Ergebnisse f\u00fcr die Perioden\u2026","rel":"","context":"In &quot;Vortr\u00e4ge&quot;","block_context":{"text":"Vortr\u00e4ge","link":"http:\/\/www.av-rheinland.de\/index.php\/category\/vortrage\/"},"img":{"alt_text":"","src":"","width":0,"height":0},"classes":[]}],"_links":{"self":[{"href":"http:\/\/www.av-rheinland.de\/index.php\/wp-json\/wp\/v2\/posts\/826"}],"collection":[{"href":"http:\/\/www.av-rheinland.de\/index.php\/wp-json\/wp\/v2\/posts"}],"about":[{"href":"http:\/\/www.av-rheinland.de\/index.php\/wp-json\/wp\/v2\/types\/post"}],"author":[{"embeddable":true,"href":"http:\/\/www.av-rheinland.de\/index.php\/wp-json\/wp\/v2\/users\/1"}],"replies":[{"embeddable":true,"href":"http:\/\/www.av-rheinland.de\/index.php\/wp-json\/wp\/v2\/comments?post=826"}],"version-history":[{"count":5,"href":"http:\/\/www.av-rheinland.de\/index.php\/wp-json\/wp\/v2\/posts\/826\/revisions"}],"predecessor-version":[{"id":855,"href":"http:\/\/www.av-rheinland.de\/index.php\/wp-json\/wp\/v2\/posts\/826\/revisions\/855"}],"wp:featuredmedia":[{"embeddable":true,"href":"http:\/\/www.av-rheinland.de\/index.php\/wp-json\/wp\/v2\/media\/856"}],"wp:attachment":[{"href":"http:\/\/www.av-rheinland.de\/index.php\/wp-json\/wp\/v2\/media?parent=826"}],"wp:term":[{"taxonomy":"category","embeddable":true,"href":"http:\/\/www.av-rheinland.de\/index.php\/wp-json\/wp\/v2\/categories?post=826"},{"taxonomy":"post_tag","embeddable":true,"href":"http:\/\/www.av-rheinland.de\/index.php\/wp-json\/wp\/v2\/tags?post=826"}],"curies":[{"name":"wp","href":"https:\/\/api.w.org\/{rel}","templated":true}]}}