{"id":818,"date":"2023-02-24T08:00:05","date_gmt":"2023-02-24T08:00:05","guid":{"rendered":"https:\/\/www.av-rheinland.de\/?p=818"},"modified":"2023-01-06T08:27:50","modified_gmt":"2023-01-06T08:27:50","slug":"vortrag-15-09-2022-1800-uhr-dr-bettina-tremmel-rom-auf-dem-weg-nach-germanien","status":"publish","type":"post","link":"http:\/\/www.av-rheinland.de\/index.php\/2023\/02\/24\/vortrag-15-09-2022-1800-uhr-dr-bettina-tremmel-rom-auf-dem-weg-nach-germanien\/","title":{"rendered":"Vortrag 16.03.2023, 18:00 Uhr Dr. Bettina Tremmel, Rom auf dem Weg nach Germanien"},"content":{"rendered":"<p><strong>Donnerstag, den 16. M\u00e4rz 2023, 18:00 Uhr c. t.<br \/>\n<\/strong>(urspr\u00fcnglich angek\u00fcndigt f\u00fcr 15. September 2022)<\/p>\n<p>Klassische Arch\u00e4ologie und Akademisches Kunstmuseum, R\u00f6merstra\u00dfe 164, 53117 Bonn<\/p>\n<p><strong><em>Dr. Bettina Tremmel (LWL-Arch\u00e4ologie f\u00fcr Westfalen, M\u00fcnster)<\/em><\/strong><\/p>\n<p><strong>Rom auf dem Weg nach Germanien<\/strong><\/p>\n<p>Neues zu den R\u00f6merlagern in Westfalen<\/p>\n<figure id=\"attachment_861\" aria-describedby=\"caption-attachment-861\" style=\"width: 300px\" class=\"wp-caption alignnone\"><img data-attachment-id=\"861\" data-permalink=\"http:\/\/www.av-rheinland.de\/index.php\/2023\/02\/24\/vortrag-15-09-2022-1800-uhr-dr-bettina-tremmel-rom-auf-dem-weg-nach-germanien\/dolch\/\" data-orig-file=\"https:\/\/i0.wp.com\/www.av-rheinland.de\/wp-content\/uploads\/2022\/10\/Dolch-Haltern_LWL-S.-Brentfuehrer.jpg?fit=2100%2C1652\" data-orig-size=\"2100,1652\" data-comments-opened=\"1\" data-image-meta=\"{&quot;aperture&quot;:&quot;11&quot;,&quot;credit&quot;:&quot;Stefan Brentf\\u00fchrer&quot;,&quot;camera&quot;:&quot;P45+&quot;,&quot;caption&quot;:&quot;Dolch&quot;,&quot;created_timestamp&quot;:&quot;1584366289&quot;,&quot;copyright&quot;:&quot;LWL-Arch\\u00e4ologie f\\u00fcr Westfalen\\\/S. Brentf\\u00fchrer&quot;,&quot;focal_length&quot;:&quot;45&quot;,&quot;iso&quot;:&quot;100&quot;,&quot;shutter_speed&quot;:&quot;0.008&quot;,&quot;title&quot;:&quot;Dolch&quot;,&quot;orientation&quot;:&quot;0&quot;}\" data-image-title=\"Dolch von Haltern\" data-image-description=\"&lt;p&gt;Der Dolch von Haltern. Bild LWL, Aufnahme Stefan Brentf\u00fchrer.&lt;\/p&gt;\n\" data-image-caption=\"&lt;p&gt;Der Dolch von Haltern. Bild LWL, Aufnahme Stefan Brentf\u00fchrer.&lt;\/p&gt;\n\" data-medium-file=\"https:\/\/i0.wp.com\/www.av-rheinland.de\/wp-content\/uploads\/2022\/10\/Dolch-Haltern_LWL-S.-Brentfuehrer.jpg?fit=300%2C236\" data-large-file=\"https:\/\/i0.wp.com\/www.av-rheinland.de\/wp-content\/uploads\/2022\/10\/Dolch-Haltern_LWL-S.-Brentfuehrer.jpg?fit=525%2C413\" decoding=\"async\" loading=\"lazy\" class=\"size-medium wp-image-861\" src=\"https:\/\/i0.wp.com\/www.av-rheinland.de\/wp-content\/uploads\/2022\/10\/Dolch-Haltern_LWL-S.-Brentfuehrer.jpg?resize=300%2C236\" alt=\"\" width=\"300\" height=\"236\" srcset=\"https:\/\/i0.wp.com\/www.av-rheinland.de\/wp-content\/uploads\/2022\/10\/Dolch-Haltern_LWL-S.-Brentfuehrer.jpg?resize=300%2C236 300w, https:\/\/i0.wp.com\/www.av-rheinland.de\/wp-content\/uploads\/2022\/10\/Dolch-Haltern_LWL-S.-Brentfuehrer.jpg?resize=1024%2C806 1024w, https:\/\/i0.wp.com\/www.av-rheinland.de\/wp-content\/uploads\/2022\/10\/Dolch-Haltern_LWL-S.-Brentfuehrer.jpg?resize=768%2C604 768w, https:\/\/i0.wp.com\/www.av-rheinland.de\/wp-content\/uploads\/2022\/10\/Dolch-Haltern_LWL-S.-Brentfuehrer.jpg?resize=1536%2C1208 1536w, https:\/\/i0.wp.com\/www.av-rheinland.de\/wp-content\/uploads\/2022\/10\/Dolch-Haltern_LWL-S.-Brentfuehrer.jpg?resize=2048%2C1611 2048w\" sizes=\"(max-width: 300px) 100vw, 300px\" data-recalc-dims=\"1\" \/><figcaption id=\"caption-attachment-861\" class=\"wp-caption-text\">Der Dolch von Haltern. Bild LWL, Aufnahme Stefan Brentf\u00fchrer.<\/figcaption><\/figure>\n<p>Unter Kaiser Augustus geriet Westfalen in den Blick r\u00f6mischer Okkupationspolitik. Im Laufe von achtundzwanzig Jahren legte das r\u00f6mische Heer zahlreiche Truppenstandorte unterschiedlicher Gr\u00f6\u00dfe, Funktion und Dauer an, darunter das erst letztes Jahr entdeckte \u00e4lteste Marschlager von Haltern am See. Highlight des Vortrages wird sicherlich der kunstvoll verzierte Legion\u00e4rsdolch, der 2019 im r\u00f6mischen Gr\u00e4berfeld von Haltern gefunden wurde. Europaweit gibt es keine weitere derart gut erhaltene Kombination von dieser Waffe mit Scheide und dem dazugeh\u00f6rigen G\u00fcrtel.<\/p>\n","protected":false},"excerpt":{"rendered":"<p>Donnerstag, den 16. M\u00e4rz 2023, 18:00 Uhr c. t. (urspr\u00fcnglich angek\u00fcndigt f\u00fcr 15. September 2022) Klassische Arch\u00e4ologie und Akademisches Kunstmuseum, R\u00f6merstra\u00dfe 164, 53117 Bonn Dr. Bettina Tremmel (LWL-Arch\u00e4ologie f\u00fcr Westfalen, M\u00fcnster) Rom auf dem Weg nach Germanien Neues zu den R\u00f6merlagern in Westfalen Unter Kaiser Augustus geriet Westfalen in den Blick r\u00f6mischer Okkupationspolitik. Im Laufe &hellip; <\/p>\n<p class=\"link-more\"><a href=\"http:\/\/www.av-rheinland.de\/index.php\/2023\/02\/24\/vortrag-15-09-2022-1800-uhr-dr-bettina-tremmel-rom-auf-dem-weg-nach-germanien\/\" class=\"more-link\"><span class=\"screen-reader-text\">\u201eVortrag 16.03.2023, 18:00 Uhr Dr. Bettina Tremmel, Rom auf dem Weg nach Germanien\u201c<\/span> weiterlesen<\/a><\/p>\n","protected":false},"author":1,"featured_media":861,"comment_status":"open","ping_status":"open","sticky":false,"template":"","format":"standard","meta":{"jetpack_post_was_ever_published":false,"_jetpack_newsletter_access":"","_jetpack_newsletter_tier_id":0,"jetpack_publicize_message":"","jetpack_is_tweetstorm":false,"jetpack_publicize_feature_enabled":true,"jetpack_social_post_already_shared":true,"jetpack_social_options":{"image_generator_settings":{"template":"highway","enabled":false}}},"categories":[3],"tags":[],"jetpack_publicize_connections":[],"jetpack_featured_media_url":"https:\/\/i0.wp.com\/www.av-rheinland.de\/wp-content\/uploads\/2022\/10\/Dolch-Haltern_LWL-S.-Brentfuehrer.jpg?fit=2100%2C1652","jetpack_sharing_enabled":true,"jetpack_shortlink":"https:\/\/wp.me\/p99Kwc-dc","jetpack_likes_enabled":true,"jetpack-related-posts":[{"id":413,"url":"http:\/\/www.av-rheinland.de\/index.php\/2018\/12\/08\/vortrag-15-1-2019-18-15-dr-barbara-dimde-die-gladiatur-in-germania-superior-und-germania-inferior-und-ihre-verbindung-zum-roemischen-militaer\/","url_meta":{"origin":818,"position":0},"title":"Vortrag 17.1.2019, 18.15: Dr. Barbara Dimde (Hamburg), Die Gladiatur in Germania Superior und Germania Inferior und ihre Verbindung zum r\u00f6mischen Milit\u00e4r","author":"altertumsverein","date":"Dezember 8, 2018","format":false,"excerpt":"Donnerstag 17. Januar 2019, 18:15 Uhr Dr. Barbara Dimde (Universit\u00e4t Hamburg) Die Gladiatur in Germania Superior und Germania Inferior und ihre Verbindung zum r\u00f6mischen Milit\u00e4r H\u00f6rsaal des Akademischen Kunstmuseums Bonn, Am Hofgarten 21, 53113 Bonn In der ersten H\u00e4lfte des ersten nachchristlichen Jahrhunderts brachten Legion\u00e4re aus dem fernen Rom ein\u2026","rel":"","context":"In &quot;Vortr\u00e4ge&quot;","block_context":{"text":"Vortr\u00e4ge","link":"http:\/\/www.av-rheinland.de\/index.php\/category\/vortrage\/"},"img":{"alt_text":"","src":"","width":0,"height":0},"classes":[]},{"id":1098,"url":"http:\/\/www.av-rheinland.de\/index.php\/2024\/01\/24\/vortrag-22-02-2024-1815-uhr-prof-dr-salvatore-ortisi-neues-zur-varusschlacht\/","url_meta":{"origin":818,"position":1},"title":"Vortrag 22.02.2024, 18:15 Uhr Prof. Dr. Salvatore Ortisi, Neues zur Varusschlacht","author":"altertumsverein","date":"Januar 24, 2024","format":false,"excerpt":"Donnerstag, den 22. Februar 2024, 18:15 Uhr H\u00f6rsaal der Klassischen Arch\u00e4ologie, AVZ III, R\u00f6merstra\u00dfe 164, Bonn Prof. Dr. Salvatore Ortisi (M\u00fcnchen)\u00a0 Neues zur Varusschlacht Die Ausgrabungen in Kalkriese 2016 bis 2020 Der Aufbau r\u00f6mischer Herrschaftsstrukturen im rechtsrheinischen Germanien fand 9 n.\u00a0Chr. mit dem Untergang des Statthalters Varus und seiner Armee\u2026","rel":"","context":"In &quot;Vortr\u00e4ge&quot;","block_context":{"text":"Vortr\u00e4ge","link":"http:\/\/www.av-rheinland.de\/index.php\/category\/vortrage\/"},"img":{"alt_text":"","src":"https:\/\/i0.wp.com\/www.av-rheinland.de\/wp-content\/uploads\/2023\/11\/image001-300x202.jpg?resize=350%2C200","width":350,"height":200},"classes":[]},{"id":950,"url":"http:\/\/www.av-rheinland.de\/index.php\/2023\/05\/08\/vortrag-11-05-2023-1800-uhr-michel-redde-die-gliederung-roemischer-legionslager-von-der-republik-zum-fruehen-prinzipat\/","url_meta":{"origin":818,"position":2},"title":"Vortrag 11.05.2023, 18:00 Uhr Michel Redd\u00e9, Die Gliederung r\u00f6mischer Legionslager. Von der Republik zum fr\u00fchen Prinzipat.","author":"altertumsverein","date":"Mai 8, 2023","format":false,"excerpt":"Donnerstag, den 11. Mai 2023, 18:15 Uhr LVR-LandesMuseum Colmantstra\u00dfe 18, 53115 Bonn Michel Redd\u00e9 (Emeritus der \u00c9cole pratique des hautes \u00e9tudes, Paris u. a.) Die Gliederung r\u00f6mischer Legionslager. Von der Republik zum fr\u00fchen Prinzipat. Neue Forschungen haben das Bild von den fr\u00fchen r\u00f6mischen Legionslagern und ihren Funktionen ver\u00e4ndert. Der Vortag\u2026","rel":"","context":"In &quot;Vortr\u00e4ge&quot;","block_context":{"text":"Vortr\u00e4ge","link":"http:\/\/www.av-rheinland.de\/index.php\/category\/vortrage\/"},"img":{"alt_text":"","src":"","width":0,"height":0},"classes":[]},{"id":783,"url":"http:\/\/www.av-rheinland.de\/index.php\/2022\/05\/31\/vortrag-23-06-2022-1800-uhr-dr-anne-kleineberg-kaiserliche-bildnisbuesten-roemischer-zeit\/","url_meta":{"origin":818,"position":3},"title":"Vortrag 23.06.2022, 18:00 Uhr Dr. Anne Kleineberg Kaiserliche Bildnisb\u00fcsten r\u00f6mischer Zeit","author":"altertumsverein","date":"Mai 31, 2022","format":false,"excerpt":"Donnerstag, den 23. Juni 2022, 18:00 Uhr Klassische Arch\u00e4ologie und Akademisches Kunstmuseum, R\u00f6merstra\u00dfe 164, 53117 Bonn Dr. Anne Kleineberg (Universit\u00e4t zu K\u00f6ln, Klassische Arch\u00e4ologie) Kaiserliche Bildnisb\u00fcsten r\u00f6mischer Zeit Funktion - Kontext - medialer Charakter Die plastischen Bildnisse des r\u00f6mischen Kaisers und der Angeh\u00f6rigen des Kaiserhauses waren omnipr\u00e4sent. Dabei ist die\u2026","rel":"","context":"In &quot;Vortr\u00e4ge&quot;","block_context":{"text":"Vortr\u00e4ge","link":"http:\/\/www.av-rheinland.de\/index.php\/category\/vortrage\/"},"img":{"alt_text":"","src":"https:\/\/i0.wp.com\/www.av-rheinland.de\/wp-content\/uploads\/2022\/05\/P1030380_color_abgedunkelter-Hintergr-230x300.jpg?resize=350%2C200","width":350,"height":200},"classes":[]},{"id":797,"url":"http:\/\/www.av-rheinland.de\/index.php\/2022\/06\/24\/vortrag-07-07-2022-1800-uhr-dr-silva-bruder-zur-einrichtung-der-ausstellung-der-untergang-des-roemischen-reiches\/","url_meta":{"origin":818,"position":4},"title":"Vortrag 07.07.2022, 18:00 Uhr, Dr. Silva Bruder, Zur Einrichtung der Ausstellung &#8211; Der Untergang des R\u00f6mischen Reiches","author":"altertumsverein","date":"Juni 24, 2022","format":false,"excerpt":"Donnerstag, den 7. Juli 2022, 18:00 Uhr Klassische Arch\u00e4ologie und Akademisches Kunstmuseum, R\u00f6merstra\u00dfe 164, 53117 Bonn Dr. Silva Bruder (Trier, Rheinisches Landesmuseum) \u00a0 Zur Einrichtung der Ausstellung Der Untergang des R\u00f6mischen Reiches Die rheinland-pf\u00e4lzische Landesausstellung mit dem Titel \u201eDer Untergang des R\u00f6mischen Reiches\u201c er\u00f6ffnet am 25. Juni 2022 in drei\u2026","rel":"","context":"In &quot;Vortr\u00e4ge&quot;","block_context":{"text":"Vortr\u00e4ge","link":"http:\/\/www.av-rheinland.de\/index.php\/category\/vortrage\/"},"img":{"alt_text":"","src":"","width":0,"height":0},"classes":[]},{"id":545,"url":"http:\/\/www.av-rheinland.de\/index.php\/2020\/01\/17\/vortrag-13-februar-2020-dr-jean-krier-roemische-prunkvillen-im-westlichen-treverergebiet\/","url_meta":{"origin":818,"position":5},"title":"Vortrag 13. Februar 2020: Dr. Jean Krier, R\u00f6mische Prunkvillen im westlichen Treverergebiet","author":"altertumsverein","date":"Januar 17, 2020","format":false,"excerpt":"Donnerstag 13. Februar 2020, 18:15 Uhr Dr. Jean Krier (Nationalmuseum f\u00fcr Geschichte und Kunst Luxemburg) R\u00f6mische Prunkvillen im westlichen Treverergebiet H\u00f6rsaal des Akademischen Kunstmuseums Bonn, Am Hofgarten 21, 53113 Bonn Als 1975\/76 im luxemburgischen Echternach eine r\u00f6mische Villenanlage von riesigen Ausma\u00dfen mit ungew\u00f6hnlich prunkvoller Ausstattung ausgegraben wurde, galt diese einige\u2026","rel":"","context":"In &quot;Vortr\u00e4ge&quot;","block_context":{"text":"Vortr\u00e4ge","link":"http:\/\/www.av-rheinland.de\/index.php\/category\/vortrage\/"},"img":{"alt_text":"","src":"","width":0,"height":0},"classes":[]}],"_links":{"self":[{"href":"http:\/\/www.av-rheinland.de\/index.php\/wp-json\/wp\/v2\/posts\/818"}],"collection":[{"href":"http:\/\/www.av-rheinland.de\/index.php\/wp-json\/wp\/v2\/posts"}],"about":[{"href":"http:\/\/www.av-rheinland.de\/index.php\/wp-json\/wp\/v2\/types\/post"}],"author":[{"embeddable":true,"href":"http:\/\/www.av-rheinland.de\/index.php\/wp-json\/wp\/v2\/users\/1"}],"replies":[{"embeddable":true,"href":"http:\/\/www.av-rheinland.de\/index.php\/wp-json\/wp\/v2\/comments?post=818"}],"version-history":[{"count":5,"href":"http:\/\/www.av-rheinland.de\/index.php\/wp-json\/wp\/v2\/posts\/818\/revisions"}],"predecessor-version":[{"id":864,"href":"http:\/\/www.av-rheinland.de\/index.php\/wp-json\/wp\/v2\/posts\/818\/revisions\/864"}],"wp:featuredmedia":[{"embeddable":true,"href":"http:\/\/www.av-rheinland.de\/index.php\/wp-json\/wp\/v2\/media\/861"}],"wp:attachment":[{"href":"http:\/\/www.av-rheinland.de\/index.php\/wp-json\/wp\/v2\/media?parent=818"}],"wp:term":[{"taxonomy":"category","embeddable":true,"href":"http:\/\/www.av-rheinland.de\/index.php\/wp-json\/wp\/v2\/categories?post=818"},{"taxonomy":"post_tag","embeddable":true,"href":"http:\/\/www.av-rheinland.de\/index.php\/wp-json\/wp\/v2\/tags?post=818"}],"curies":[{"name":"wp","href":"https:\/\/api.w.org\/{rel}","templated":true}]}}