{"id":503,"date":"2019-09-17T09:13:55","date_gmt":"2019-09-17T09:13:55","guid":{"rendered":"http:\/\/www.av-rheinland.de\/?p=503"},"modified":"2019-09-17T14:32:07","modified_gmt":"2019-09-17T14:32:07","slug":"vortrag-19-9-2019-1815-uhr-dr-michael-mueller-karpe-vom-handel-mit-antiken-zweifelhafter-herkunft","status":"publish","type":"post","link":"http:\/\/www.av-rheinland.de\/index.php\/2019\/09\/17\/vortrag-19-9-2019-1815-uhr-dr-michael-mueller-karpe-vom-handel-mit-antiken-zweifelhafter-herkunft\/","title":{"rendered":"Vortrag 19.9.2019, 18:15 Uhr: Dr. Michael M\u00fcller-Karpe &#8211; Vom Handel mit Antiken zweifelhafter Herkunft"},"content":{"rendered":"<p><em>Donnerstag 19. September 2019, 18:15 Uhr<\/em><\/p>\n<p><em>Dr. Michael M\u00fcller-Karpe (R\u00f6misch-Germanisches Zentralmuseum Mainz)<\/em><\/p>\n<p><strong>Vom Handel mit Antiken zweifelhafter Herkunft<br \/>\n<\/strong>Die Zerst\u00f6rung einer Erkenntnisquelle<\/p>\n<p>H\u00f6rsaal des Akademischen Kunstmuseums Bonn, Am Hofgarten 21, 53113 Bonn<\/p>\n<p>Arch\u00e4ologen und Kriminalisten nutzen \u00e4hnliche Methoden, um aus erhaltenen Spuren Erkenntnisse \u00fcber Ereignisse der Vergangenheit zu gewinnen. Sie arbeiten im Rahmen der Kriminalarch\u00e4ologie eng zusammen, um Raubgr\u00e4bern und Hehlern von gepl\u00fcnderten Antiken das Handwerk zu legen. Dabei geht es vor allem um Pr\u00e4vention, denn der Handel mit arch\u00e4ologischen Funden zweifelhafter Herkunft bildet den finanzieller Anreiz und Motor f\u00fcr Raubgrabungen. Deren eigentlicher Schaden \u2013 jenseits des Eigentumsdelikts \u2013 ist die unwiederbringliche Zerst\u00f6rung der im Fundkontext im Boden erhaltenen Informationen, der Verlust des arch\u00e4ologischen Erbes als Erkenntnisquelle. Verdeutlicht wird dies im Vortrag anhand spektakul\u00e4rer Kriminalf\u00e4lle, an deren Aufkl\u00e4rung das R\u00f6misch-Germanische Zentralmuseum beteiligt war.<\/p>\n<figure id=\"attachment_505\" aria-describedby=\"caption-attachment-505\" style=\"width: 525px\" class=\"wp-caption alignleft\"><a href=\"http:\/\/www.av-rheinland.de\/index.php\/2019\/09\/17\/vortrag-19-9-2019-1815-uhr-dr-michael-mueller-karpe-vom-handel-mit-antiken-zweifelhafter-herkunft\/zabalam5\/\" rel=\"attachment wp-att-505\"><img data-attachment-id=\"505\" data-permalink=\"http:\/\/www.av-rheinland.de\/index.php\/2019\/09\/17\/vortrag-19-9-2019-1815-uhr-dr-michael-mueller-karpe-vom-handel-mit-antiken-zweifelhafter-herkunft\/zabalam5\/\" data-orig-file=\"https:\/\/i0.wp.com\/www.av-rheinland.de\/wp-content\/uploads\/2019\/07\/Zabalam5.jpg?fit=3008%2C1960\" data-orig-size=\"3008,1960\" data-comments-opened=\"1\" data-image-meta=\"{&quot;aperture&quot;:&quot;8.5&quot;,&quot;credit&quot;:&quot;&quot;,&quot;camera&quot;:&quot;NIKON D1X&quot;,&quot;caption&quot;:&quot;&quot;,&quot;created_timestamp&quot;:&quot;1066311896&quot;,&quot;copyright&quot;:&quot;&quot;,&quot;focal_length&quot;:&quot;28&quot;,&quot;iso&quot;:&quot;0&quot;,&quot;shutter_speed&quot;:&quot;0.003125&quot;,&quot;title&quot;:&quot;&quot;,&quot;orientation&quot;:&quot;0&quot;}\" data-image-title=\"Zabalam5\" data-image-description=\"&lt;p&gt;Sumerische Gro\u00dfst\u00e4dte im S\u00fcdirak, deren Ruinen f\u00fcnftausend Jahre weitgehend unversehrt im Boden \u00fcberdauert hatten, wurden von Pl\u00fcnderern in Mondlandschaften verwandelt, um den nimmersatten internationalen Antikenmarkt mit Hehlerware zu versorgen. Jeder Schatten auf diesem Foto ist eine Raubgrabung. (Foto: Comando Carabinieri Tutela Patrimonio Culturale)&lt;\/p&gt;\n\" data-image-caption=\"&lt;p&gt;Sumerische Gro\u00dfst\u00e4dte im S\u00fcdirak, deren Ruinen f\u00fcnftausend Jahre weitgehend unversehrt im Boden \u00fcberdauert hatten, wurden von Pl\u00fcnderern in Mondlandschaften verwandelt, um den nimmersatten internationalen Antikenmarkt mit Hehlerware zu versorgen. Jeder Schatten auf diesem Foto ist eine Raubgrabung. (Foto: Comando Carabinieri Tutela Patrimonio Culturale)&lt;\/p&gt;\n\" data-medium-file=\"https:\/\/i0.wp.com\/www.av-rheinland.de\/wp-content\/uploads\/2019\/07\/Zabalam5.jpg?fit=300%2C195\" data-large-file=\"https:\/\/i0.wp.com\/www.av-rheinland.de\/wp-content\/uploads\/2019\/07\/Zabalam5.jpg?fit=525%2C342\" decoding=\"async\" loading=\"lazy\" class=\"size-large wp-image-505\" src=\"https:\/\/i0.wp.com\/www.av-rheinland.de\/wp-content\/uploads\/2019\/07\/Zabalam5.jpg?resize=525%2C342\" alt=\"\" width=\"525\" height=\"342\" srcset=\"https:\/\/i0.wp.com\/www.av-rheinland.de\/wp-content\/uploads\/2019\/07\/Zabalam5.jpg?resize=1024%2C667 1024w, https:\/\/i0.wp.com\/www.av-rheinland.de\/wp-content\/uploads\/2019\/07\/Zabalam5.jpg?resize=300%2C195 300w, https:\/\/i0.wp.com\/www.av-rheinland.de\/wp-content\/uploads\/2019\/07\/Zabalam5.jpg?resize=768%2C500 768w, https:\/\/i0.wp.com\/www.av-rheinland.de\/wp-content\/uploads\/2019\/07\/Zabalam5.jpg?w=1575 1575w\" sizes=\"(max-width: 525px) 100vw, 525px\" data-recalc-dims=\"1\" \/><\/a><figcaption id=\"caption-attachment-505\" class=\"wp-caption-text\">Sumerische Gro\u00dfst\u00e4dte im S\u00fcdirak, deren Ruinen f\u00fcnftausend Jahre weitgehend unversehrt im Boden \u00fcberdauert hatten, wurden von Pl\u00fcnderern in Mondlandschaften verwandelt, um den nimmersatten internationalen Antikenmarkt mit Hehlerware zu versorgen. Jeder Schatten auf diesem Foto ist eine Raubgrabung. (Foto: Comando Carabinieri Tutela Patrimonio Culturale)<\/figcaption><\/figure>\n","protected":false},"excerpt":{"rendered":"<p>Donnerstag 19. September 2019, 18:15 Uhr Dr. Michael M\u00fcller-Karpe (R\u00f6misch-Germanisches Zentralmuseum Mainz) Vom Handel mit Antiken zweifelhafter Herkunft Die Zerst\u00f6rung einer Erkenntnisquelle H\u00f6rsaal des Akademischen Kunstmuseums Bonn, Am Hofgarten 21, 53113 Bonn Arch\u00e4ologen und Kriminalisten nutzen \u00e4hnliche Methoden, um aus erhaltenen Spuren Erkenntnisse \u00fcber Ereignisse der Vergangenheit zu gewinnen. Sie arbeiten im Rahmen der Kriminalarch\u00e4ologie &hellip; <\/p>\n<p class=\"link-more\"><a href=\"http:\/\/www.av-rheinland.de\/index.php\/2019\/09\/17\/vortrag-19-9-2019-1815-uhr-dr-michael-mueller-karpe-vom-handel-mit-antiken-zweifelhafter-herkunft\/\" class=\"more-link\"><span class=\"screen-reader-text\">\u201eVortrag 19.9.2019, 18:15 Uhr: Dr. Michael M\u00fcller-Karpe &#8211; Vom Handel mit Antiken zweifelhafter Herkunft\u201c<\/span> weiterlesen<\/a><\/p>\n","protected":false},"author":1,"featured_media":0,"comment_status":"open","ping_status":"open","sticky":false,"template":"","format":"standard","meta":{"jetpack_post_was_ever_published":false,"_jetpack_newsletter_access":"","_jetpack_newsletter_tier_id":0,"jetpack_publicize_message":"","jetpack_is_tweetstorm":false,"jetpack_publicize_feature_enabled":true,"jetpack_social_post_already_shared":true,"jetpack_social_options":{"image_generator_settings":{"template":"highway","enabled":false}}},"categories":[3],"tags":[],"jetpack_publicize_connections":[],"jetpack_featured_media_url":"","jetpack_sharing_enabled":true,"jetpack_shortlink":"https:\/\/wp.me\/p99Kwc-87","jetpack_likes_enabled":true,"jetpack-related-posts":[{"id":47,"url":"http:\/\/www.av-rheinland.de\/index.php\/2016\/08\/06\/vortrag-15-9-2016-18-uhr-schrage-typen-und-andere-merkwurdigkeiten-in-der-colonia-ulpia-traiana-xanten\/","url_meta":{"origin":503,"position":0},"title":"Vortrag, 15.9.2016, 18 Uhr: Schr\u00e4ge Typen und andere Merkw\u00fcrdigkeiten in der Colonia Ulpia Traiana, Xanten","author":"altertumsverein","date":"August 6, 2016","format":false,"excerpt":"Donnerstag, 15. September 2016, 18 Uhr c.t. Dr. Martin M\u00fcller (Xanten) H\u00f6rsaal des Akademischen Kunstmuseums Bonn, Am Hofgarten 21 Schr\u00e4ge Typen und andere Merkw\u00fcrdigkeiten in der Colonia Ulpia Traiana, Xanten. Ergebnisse neuester Untersuchungen in der r\u00f6mischen Gro\u00dfstadt am Niederrhein In den letzten Jahren wurde das Gebiet der r\u00f6mischen Gro\u00dfstadt Colonia\u2026","rel":"","context":"In &quot;Vortr\u00e4ge&quot;","block_context":{"text":"Vortr\u00e4ge","link":"http:\/\/www.av-rheinland.de\/index.php\/category\/vortrage\/"},"img":{"alt_text":"","src":"","width":0,"height":0},"classes":[]},{"id":498,"url":"http:\/\/www.av-rheinland.de\/index.php\/2019\/06\/28\/vortrag-18-7-2019-1815-uhr-dr-dirk-schmitz-eine-roemische-bibliothek-und-andere-ueberraschungen-ausgrabungen-im-antoniterquartier-in-koeln\/","url_meta":{"origin":503,"position":1},"title":"Vortrag 18.7.2019, 18:15 Uhr: Dr. Dirk Schmitz &#8211; Eine r\u00f6mische Bibliothek und andere \u00dcberraschungen. Ausgrabungen im Antoniterquartier in K\u00f6ln","author":"altertumsverein","date":"Juni 28, 2019","format":false,"excerpt":"Donnerstag 18. Juli 2019, 18:15 Uhr Dr. Dirk Schmitz, (R\u00f6misch-Germanisches Museum, K\u00f6ln) Eine r\u00f6mische Bibliothek und andere \u00dcberraschungen. Ausgrabungen im Antoniterquartier in K\u00f6ln H\u00f6rsaal des Akademischen Kunstmuseums Bonn, Am Hofgarten 21, 53113 Bonn Zwischen April und November 2017 f\u00fchrte die Arch\u00e4ologische Bodendenkmalpflege der Stadt K\u00f6ln bauvorgreifende Ausgrabungen s\u00fcdlich der Antoniterkirche\u2026","rel":"","context":"In &quot;Vortr\u00e4ge&quot;","block_context":{"text":"Vortr\u00e4ge","link":"http:\/\/www.av-rheinland.de\/index.php\/category\/vortrage\/"},"img":{"alt_text":"","src":"https:\/\/i0.wp.com\/www.av-rheinland.de\/wp-content\/uploads\/2019\/06\/IMG_4892_Ulrich-Karas-R\u00c3\u00b6misch-Germanisches-Museum-der-Stadt-K\u00c3\u00b6ln-1024x683.jpg?resize=350%2C200","width":350,"height":200,"srcset":"https:\/\/i0.wp.com\/www.av-rheinland.de\/wp-content\/uploads\/2019\/06\/IMG_4892_Ulrich-Karas-R\u00c3\u00b6misch-Germanisches-Museum-der-Stadt-K\u00c3\u00b6ln-1024x683.jpg?resize=350%2C200 1x, https:\/\/i0.wp.com\/www.av-rheinland.de\/wp-content\/uploads\/2019\/06\/IMG_4892_Ulrich-Karas-R\u00c3\u00b6misch-Germanisches-Museum-der-Stadt-K\u00c3\u00b6ln-1024x683.jpg?resize=525%2C300 1.5x"},"classes":[]},{"id":415,"url":"http:\/\/www.av-rheinland.de\/index.php\/2019\/01\/17\/vortrag-14-2-2019-18-15-uhr-dr-wolfgang-haak-jena-die-genetische-herkunft-der-europaeer-migration-in-der-vorgeschichte\/","url_meta":{"origin":503,"position":2},"title":"Vortrag 14.2.2019, 18.15 Uhr: Dr. Wolfgang Haak (Jena), Die genetische Herkunft der Europ\u00e4er. Migration in der Vorgeschichte","author":"altertumsverein","date":"Januar 17, 2019","format":false,"excerpt":"Donnerstag 14. Februar 2019, 18:15 Uhr Dr. Wolfgang Haak (Max-Planck-Institut f\u00fcr Menschheitsgeschichte, Jena) Die genetische Herkunft der Europ\u00e4er. Migration in der Vorgeschichte H\u00f6rsaal des Akademischen Kunstmuseums Bonn, Am Hofgarten 21, 53113 Bonn War der \u00dcbergang von Wildbeutergesellschaften zu fru\u0308hen Ackerbauern am Beginn der europ\u00e4ischen Jungsteinzeit prim\u00e4r mit Weitergabe innovativer Technik\u2026","rel":"","context":"In &quot;Vortr\u00e4ge&quot;","block_context":{"text":"Vortr\u00e4ge","link":"http:\/\/www.av-rheinland.de\/index.php\/category\/vortrage\/"},"img":{"alt_text":"","src":"","width":0,"height":0},"classes":[]},{"id":133,"url":"http:\/\/www.av-rheinland.de\/index.php\/2017\/09\/07\/vortrag-28-9-2017-18-uhr-dr-manuela-mirschenz-bonn-der-rhein-als-europaische-verkehrsachse\/","url_meta":{"origin":503,"position":3},"title":"Vortrag: 28.9.2017, 18 Uhr &#8211; Dr. Manuela Mirschenz (Bonn), Der Rhein als europ\u00e4ische Verkehrsachse","author":"altertumsverein","date":"September 7, 2017","format":false,"excerpt":"Donnerstag, 28. September 2017, 18 Uhr c.t. Ort: H\u00f6rsaal des Akademischen Kunstmuseums Bonn, Am Hofgarten 21 Dr. Manuela Mirschenz (Bonn) Der Rhein als europ\u00e4ische Verkehrsachse Antike und mittelalterliche Flussh\u00e4fen gab es vielerorts, aber sie sind nur selten nachgewiesen. Das Verbundprojekt \"Der Rhein als europ\u00e4ische Verkehrsachse\" im DFG-Schwerpunktprogramm \"H\u00e4fen von der\u2026","rel":"","context":"In &quot;Vortr\u00e4ge&quot;","block_context":{"text":"Vortr\u00e4ge","link":"http:\/\/www.av-rheinland.de\/index.php\/category\/vortrage\/"},"img":{"alt_text":"","src":"","width":0,"height":0},"classes":[]},{"id":407,"url":"http:\/\/www.av-rheinland.de\/index.php\/2018\/10\/26\/vortrag-15-11-2018-1815-uhr-thomas-martin-alte-funde-neu-entdeckt-der-industrielle-eugen-von-boch-und-seine-kollektion-antiker-vasen\/","url_meta":{"origin":503,"position":4},"title":"Vortrag 15.11.2018, 18:15 Uhr: Thomas Martin (Saarbr\u00fccken), Alte Funde neu entdeckt. Der Industrielle Eugen von Boch und seine Kollektion antiker Vasen","author":"altertumsverein","date":"Oktober 26, 2018","format":false,"excerpt":"Donnerstag 15. November 2018, 18:15 Uhr Dipl.-Kult. Thomas Martin (Berlin und Saarbr\u00fccken) Alte Funde neu entdeckt. Der Industrielle Eugen von Boch und seine Kollektion antiker Vasen H\u00f6rsaal des Akademischen Kunstmuseums Bonn, Am Hofgarten 21, 53113 Bonn Eugen von Boch (1809\u20131898), der Generaldirektor von Villeroy & Boch, stellte mit enzyklop\u00e4dischem Anspruch\u2026","rel":"","context":"In &quot;Vortr\u00e4ge&quot;","block_context":{"text":"Vortr\u00e4ge","link":"http:\/\/www.av-rheinland.de\/index.php\/category\/vortrage\/"},"img":{"alt_text":"","src":"","width":0,"height":0},"classes":[]},{"id":1162,"url":"http:\/\/www.av-rheinland.de\/index.php\/2024\/08\/15\/vortrag-12-09-2024-1815-uhr-prof-dr-klaus-grewe-antike-aquaedukte\/","url_meta":{"origin":503,"position":5},"title":"Vortrag 12.09.2024, 18:15 Uhr, Prof. Dr. Klaus Grewe &#8211; Antike Aqu\u00e4dukte","author":"altertumsverein","date":"August 15, 2024","format":false,"excerpt":"Bitte beachten Sie den Veranstaltungsort. Donnerstag, den 12. September 2024, 18:15 Uhr LVR-Landesmuseum Bonn, Colmantstra\u00dfe 14\u201316 \u00a0Prof. Dr. Klaus Grewe (Swisttal) Antike Aqu\u00e4dukte Technische Weltwunder voller Sch\u00f6nheit und R\u00e4tsel Antike Aqu\u00e4dukte durchquerten im ganzen fr\u00fcheren Imperium Romanum weite Landstriche und brachten so kostbares Trinkwasser in die r\u00f6mischen St\u00e4dte. Wer also\u2026","rel":"","context":"In &quot;Vortr\u00e4ge&quot;","block_context":{"text":"Vortr\u00e4ge","link":"http:\/\/www.av-rheinland.de\/index.php\/category\/vortrage\/"},"img":{"alt_text":"","src":"https:\/\/i0.wp.com\/www.av-rheinland.de\/wp-content\/uploads\/2024\/05\/DSC_8476_bearb-300x201.jpg?resize=350%2C200","width":350,"height":200},"classes":[]}],"_links":{"self":[{"href":"http:\/\/www.av-rheinland.de\/index.php\/wp-json\/wp\/v2\/posts\/503"}],"collection":[{"href":"http:\/\/www.av-rheinland.de\/index.php\/wp-json\/wp\/v2\/posts"}],"about":[{"href":"http:\/\/www.av-rheinland.de\/index.php\/wp-json\/wp\/v2\/types\/post"}],"author":[{"embeddable":true,"href":"http:\/\/www.av-rheinland.de\/index.php\/wp-json\/wp\/v2\/users\/1"}],"replies":[{"embeddable":true,"href":"http:\/\/www.av-rheinland.de\/index.php\/wp-json\/wp\/v2\/comments?post=503"}],"version-history":[{"count":3,"href":"http:\/\/www.av-rheinland.de\/index.php\/wp-json\/wp\/v2\/posts\/503\/revisions"}],"predecessor-version":[{"id":532,"href":"http:\/\/www.av-rheinland.de\/index.php\/wp-json\/wp\/v2\/posts\/503\/revisions\/532"}],"wp:attachment":[{"href":"http:\/\/www.av-rheinland.de\/index.php\/wp-json\/wp\/v2\/media?parent=503"}],"wp:term":[{"taxonomy":"category","embeddable":true,"href":"http:\/\/www.av-rheinland.de\/index.php\/wp-json\/wp\/v2\/categories?post=503"},{"taxonomy":"post_tag","embeddable":true,"href":"http:\/\/www.av-rheinland.de\/index.php\/wp-json\/wp\/v2\/tags?post=503"}],"curies":[{"name":"wp","href":"https:\/\/api.w.org\/{rel}","templated":true}]}}