{"id":431,"date":"2018-10-31T16:18:19","date_gmt":"2018-10-31T16:18:19","guid":{"rendered":"http:\/\/www.av-rheinland.de\/?p=431"},"modified":"2018-11-05T12:39:48","modified_gmt":"2018-11-05T12:39:48","slug":"10-11-2018-14-uhr-fuehrung-im-bonner-muenster-nur-mit-anmeldung","status":"publish","type":"post","link":"http:\/\/www.av-rheinland.de\/index.php\/2018\/10\/31\/10-11-2018-14-uhr-fuehrung-im-bonner-muenster-nur-mit-anmeldung\/","title":{"rendered":"10.11.2018, 14 Uhr: F\u00fchrung im Bonner M\u00fcnster &#8211; Ausgebucht"},"content":{"rendered":"<p>F\u00fchrung zu den aktuellen arch\u00e4ologischen Ausgrabungen im Bonner M\u00fcnster<\/p>\n<p>Diese Grabungen sind der \u00d6ffentlichkeit sonst nicht zug\u00e4nglich. Es f\u00fchrt der Grabungsleiter Peter Sch\u00f6nfeld von der Firma Archaeonet.<\/p>\n<p>Wegen der auf zwanzig Personen begrenzten Teilnehmerzahl ist die Veranstaltung bereits ausgebucht.<\/p>\n<p>Es handelt sich um die arch\u00e4ologische Begleitung der Erdarbeiten, die bei der Verlegung neuer Elektrik im Kircheninneren und im Kreuzgang stattfinden, und zwar anl\u00e4sslich der Generalsanierung. Die Arch\u00e4ologen erwarten in einzelnen der Sondagen Aufschl\u00fcsse \u00fcber \u00e4ltere Bauphasen. Die Schnitte werden wohl wenige Tage nach unserer F\u00fchrung verf\u00fcllt werden.<span style=\"font-family: 'Times New Roman',serif;\"><span style=\"color: #000000;\">\u00a0<\/span><\/span><\/p>\n","protected":false},"excerpt":{"rendered":"<p>F\u00fchrung zu den aktuellen arch\u00e4ologischen Ausgrabungen im Bonner M\u00fcnster Diese Grabungen sind der \u00d6ffentlichkeit sonst nicht zug\u00e4nglich. Es f\u00fchrt der Grabungsleiter Peter Sch\u00f6nfeld von der Firma Archaeonet. Wegen der auf zwanzig Personen begrenzten Teilnehmerzahl ist die Veranstaltung bereits ausgebucht. Es handelt sich um die arch\u00e4ologische Begleitung der Erdarbeiten, die bei der Verlegung neuer Elektrik im &hellip; <\/p>\n<p class=\"link-more\"><a href=\"http:\/\/www.av-rheinland.de\/index.php\/2018\/10\/31\/10-11-2018-14-uhr-fuehrung-im-bonner-muenster-nur-mit-anmeldung\/\" class=\"more-link\"><span class=\"screen-reader-text\">\u201e10.11.2018, 14 Uhr: F\u00fchrung im Bonner M\u00fcnster &#8211; Ausgebucht\u201c<\/span> weiterlesen<\/a><\/p>\n","protected":false},"author":1,"featured_media":0,"comment_status":"open","ping_status":"open","sticky":false,"template":"","format":"standard","meta":{"jetpack_post_was_ever_published":false,"_jetpack_newsletter_access":"","_jetpack_newsletter_tier_id":0,"jetpack_publicize_message":"","jetpack_is_tweetstorm":false,"jetpack_publicize_feature_enabled":true,"jetpack_social_post_already_shared":true,"jetpack_social_options":{"image_generator_settings":{"template":"highway","enabled":false}}},"categories":[4],"tags":[],"jetpack_publicize_connections":[],"jetpack_featured_media_url":"","jetpack_sharing_enabled":true,"jetpack_shortlink":"https:\/\/wp.me\/p99Kwc-6X","jetpack_likes_enabled":true,"jetpack-related-posts":[{"id":625,"url":"http:\/\/www.av-rheinland.de\/index.php\/2020\/10\/11\/fuehrung-zum-roemischen-bonn-am-20-oktober-2020-15-uhr\/","url_meta":{"origin":431,"position":0},"title":"F\u00fchrung zum r\u00f6mischen Bonn am 25. Oktober 2020, 15 Uhr","author":"altertumsverein","date":"Oktober 11, 2020","format":false,"excerpt":"Treffpunkt: 25.10.20 um 15 Uhr am Collegium Albertinum, Adenauerallee 17\u201319. Schon in vorr\u00f6mischer Zeit war der Ort des sp\u00e4teren Bonn besiedelt, erst durch die Eburon*innen und sp\u00e4ter durch die Ubier*innen. Im Zuge der r\u00f6mischen Feldz\u00fcge nach Germanien wurden dann die ersten r\u00f6mischen Truppen in Bonn stationiert und seit 43 n.\u2026","rel":"","context":"\u00c4hnlicher Beitrag","block_context":{"text":"\u00c4hnlicher Beitrag","link":""},"img":{"alt_text":"","src":"","width":0,"height":0},"classes":[]},{"id":386,"url":"http:\/\/www.av-rheinland.de\/index.php\/2018\/07\/13\/18-august-2018-sommerexkursion\/","url_meta":{"origin":431,"position":1},"title":"18. August 2018 Sommerexkursion                       nach Haltern und Herne","author":"altertumsverein","date":"Juli 13, 2018","format":false,"excerpt":"Wir treffen uns morgens um 8 Uhr am LVR-LandesMuseum Bonn. Von dort geht es mit dem Bus nach Haltern. Haltern liegt am Ufer der Lippe. Es war\u00a0einer der wichtigsten Milit\u00e4rkomplexe der R\u00f6mer. Heute befindet sich hier das LWL-R\u00f6mermuseum. Vom Legionslager selbst konnte man bis vor kurzem nichts mehr sehen. Dies\u2026","rel":"","context":"In &quot;Exkursionen&quot;","block_context":{"text":"Exkursionen","link":"http:\/\/www.av-rheinland.de\/index.php\/category\/exkursionen\/"},"img":{"alt_text":"","src":"","width":0,"height":0},"classes":[]},{"id":897,"url":"http:\/\/www.av-rheinland.de\/index.php\/2022\/11\/16\/fuehrung-20-11-2022-1500-uhr-fuehrung-zum-roemischen-bonn\/","url_meta":{"origin":431,"position":2},"title":"F\u00fchrung 20.11.2022, 15:00 Uhr F\u00fchrung zum r\u00f6mischen Bonn","author":"altertumsverein","date":"November 16, 2022","format":false,"excerpt":"Sonntag, 20. November 2022, 15:00 Uhr F\u00fchrung zum r\u00f6mischen Bonn Schon in vorr\u00f6mischer Zeit war der Ort des sp\u00e4teren Bonn durch die Eburonen besiedelt. Zu Beginn der r\u00f6mischen Kaiserzeit wechselten die Ubier von der rechtsrheinischen Seite hierher. Im Zuge der r\u00f6mischen Feldz\u00fcge nach Germanien wurden dann die ersten r\u00f6mischen Truppen\u2026","rel":"","context":"In &quot;F\u00fchrungen&quot;","block_context":{"text":"F\u00fchrungen","link":"http:\/\/www.av-rheinland.de\/index.php\/category\/fuhrungen\/"},"img":{"alt_text":"","src":"","width":0,"height":0},"classes":[]},{"id":776,"url":"http:\/\/www.av-rheinland.de\/index.php\/2022\/05\/13\/fuehrung-22-05-2022-1500-uhr-fuehrung-zum-roemischen-bonn\/","url_meta":{"origin":431,"position":3},"title":"F\u00fchrung 22.05.2022, 15:00 Uhr F\u00fchrung zum r\u00f6mischen Bonn","author":"altertumsverein","date":"Mai 13, 2022","format":false,"excerpt":"Sonntag, 22. Mai 2022, 15:00 Uhr F\u00fchrung zum r\u00f6mischen Bonn Schon in vorr\u00f6mischer Zeit war der Ort des sp\u00e4teren Bonn durch die Eburonen besiedelt. Zu Beginn der r\u00f6mischen Kaiserzeit wechselten die Ubier von der rechtsrheinischen Seite hierher. Im Zuge der r\u00f6mischen Feldz\u00fcge nach Germanien wurden dann die ersten r\u00f6mischen Truppen\u2026","rel":"","context":"In &quot;F\u00fchrungen&quot;","block_context":{"text":"F\u00fchrungen","link":"http:\/\/www.av-rheinland.de\/index.php\/category\/fuhrungen\/"},"img":{"alt_text":"","src":"","width":0,"height":0},"classes":[]},{"id":616,"url":"http:\/\/www.av-rheinland.de\/index.php\/2020\/10\/06\/11-10-2020-europaeischer-tag-der-restaurierung-fuehrung-im-lvr-landesmuseum-bonn\/","url_meta":{"origin":431,"position":4},"title":"11.10.2020 Europ\u00e4ischer Tag der Restaurierung &#8211; F\u00fchrung im LVR-LandesMuseum Bonn","author":"altertumsverein","date":"Oktober 6, 2020","format":false,"excerpt":"Am Sonntag, dem 11. Oktober 2020, bieten wir AV-Mitgliedern morgens eine F\u00fchrung durch die Restaurierungswerkst\u00e4tten des LVR-LandesMuseums Bonn. Die Besichtigung findet im Rahmen des Dritten Europ\u00e4ischen Tages der Restaurierung statt. Die Veranstaltung wird in getrennten Kleingruppen zu f\u00fcnf Personen durchgef\u00fchrt. Die maximale Teilnehmerzahl betr\u00e4gt insgesamt zwanzig Personen. Es gilt ein\u2026","rel":"","context":"In &quot;F\u00fchrungen&quot;","block_context":{"text":"F\u00fchrungen","link":"http:\/\/www.av-rheinland.de\/index.php\/category\/fuhrungen\/"},"img":{"alt_text":"","src":"","width":0,"height":0},"classes":[]},{"id":915,"url":"http:\/\/www.av-rheinland.de\/index.php\/2023\/02\/03\/vortrag-23-02-2023-1800-uhr-dominik-maschek-die-belagerung-von-fregellae\/","url_meta":{"origin":431,"position":5},"title":"Vortrag 23.02.2023, 18:00 Uhr Dominik Maschek, Die Belagerung von Fregellae","author":"altertumsverein","date":"Februar 3, 2023","format":false,"excerpt":"Donnerstag, den 23. Februar 2023, 18:00 Uhr c. t. Klassische Arch\u00e4ologie und Akademisches Kunstmuseum, R\u00f6merstra\u00dfe 164, 53117 Bonn Dominik Maschek (Mainz\/Trier) Die Belagerung von Fregellae Neue Forschungen zu einem antiken Schlachtfeld im Umfeld von Ceprano und Arce (Latium) Zerst\u00f6rtes Geh\u00f6ft im n\u00f6rdlichen Umland von Fregellae, Grabung 2022. Foto Dominik Maschek.\u2026","rel":"","context":"In &quot;Vortr\u00e4ge&quot;","block_context":{"text":"Vortr\u00e4ge","link":"http:\/\/www.av-rheinland.de\/index.php\/category\/vortrage\/"},"img":{"alt_text":"","src":"https:\/\/i0.wp.com\/www.av-rheinland.de\/wp-content\/uploads\/2023\/01\/Fregellae_Bonn_2023-scaled.jpg?fit=1200%2C885&resize=350%2C200","width":350,"height":200,"srcset":"https:\/\/i0.wp.com\/www.av-rheinland.de\/wp-content\/uploads\/2023\/01\/Fregellae_Bonn_2023-scaled.jpg?fit=1200%2C885&resize=350%2C200 1x, https:\/\/i0.wp.com\/www.av-rheinland.de\/wp-content\/uploads\/2023\/01\/Fregellae_Bonn_2023-scaled.jpg?fit=1200%2C885&resize=525%2C300 1.5x, https:\/\/i0.wp.com\/www.av-rheinland.de\/wp-content\/uploads\/2023\/01\/Fregellae_Bonn_2023-scaled.jpg?fit=1200%2C885&resize=700%2C400 2x, https:\/\/i0.wp.com\/www.av-rheinland.de\/wp-content\/uploads\/2023\/01\/Fregellae_Bonn_2023-scaled.jpg?fit=1200%2C885&resize=1050%2C600 3x"},"classes":[]}],"_links":{"self":[{"href":"http:\/\/www.av-rheinland.de\/index.php\/wp-json\/wp\/v2\/posts\/431"}],"collection":[{"href":"http:\/\/www.av-rheinland.de\/index.php\/wp-json\/wp\/v2\/posts"}],"about":[{"href":"http:\/\/www.av-rheinland.de\/index.php\/wp-json\/wp\/v2\/types\/post"}],"author":[{"embeddable":true,"href":"http:\/\/www.av-rheinland.de\/index.php\/wp-json\/wp\/v2\/users\/1"}],"replies":[{"embeddable":true,"href":"http:\/\/www.av-rheinland.de\/index.php\/wp-json\/wp\/v2\/comments?post=431"}],"version-history":[{"count":3,"href":"http:\/\/www.av-rheinland.de\/index.php\/wp-json\/wp\/v2\/posts\/431\/revisions"}],"predecessor-version":[{"id":436,"href":"http:\/\/www.av-rheinland.de\/index.php\/wp-json\/wp\/v2\/posts\/431\/revisions\/436"}],"wp:attachment":[{"href":"http:\/\/www.av-rheinland.de\/index.php\/wp-json\/wp\/v2\/media?parent=431"}],"wp:term":[{"taxonomy":"category","embeddable":true,"href":"http:\/\/www.av-rheinland.de\/index.php\/wp-json\/wp\/v2\/categories?post=431"},{"taxonomy":"post_tag","embeddable":true,"href":"http:\/\/www.av-rheinland.de\/index.php\/wp-json\/wp\/v2\/tags?post=431"}],"curies":[{"name":"wp","href":"https:\/\/api.w.org\/{rel}","templated":true}]}}