{"id":410,"date":"2018-11-17T09:55:09","date_gmt":"2018-11-17T09:55:09","guid":{"rendered":"http:\/\/www.av-rheinland.de\/?p=410"},"modified":"2018-11-15T09:43:47","modified_gmt":"2018-11-15T09:43:47","slug":"vortrag-6-12-2018-18-15-uhr-dr-jutta-stroszeck-athen-die-entdeckung-eines-orakelheiligtums-im-kerameikos-von-athen","status":"publish","type":"post","link":"http:\/\/www.av-rheinland.de\/index.php\/2018\/11\/17\/vortrag-6-12-2018-18-15-uhr-dr-jutta-stroszeck-athen-die-entdeckung-eines-orakelheiligtums-im-kerameikos-von-athen\/","title":{"rendered":"Vortrag 6.12.2018, 18.15 Uhr: Dr. Jutta Stroszeck (Athen), Die Entdeckung eines Orakelheiligtums im Kerameikos von Athen"},"content":{"rendered":"<p><em>Donnerstag 6. Dezember 2018, 18:15 Uhr<\/em><\/p>\n<p><strong>Winckelmannsvortrag<\/strong><\/p>\n<p><em>Dr. Jutta Stroszeck (Athen)<\/em><\/p>\n<p><strong>Die Entdeckung eines Orakelheiligtums im Kerameikos von Athen<\/strong><\/p>\n<p>H\u00f6rsaal des Akademischen Kunstmuseums Bonn, Am Hofgarten 21,<br \/>\n53113 Bonn<\/p>\n<p>Der Kerameikos von Athen, einer der antiken Friedh\u00f6fe der Stadt, wird seit mehr als einem Jahrhundert durch das Deutsche Arch\u00e4ologische Institut in Athen erforscht. Bis heute gibt es immer wieder aufregende Neufunde. Bei Nachuntersuchungen an einem bereits 1890 als Heiligtum identifizierten Areal s\u00fcdlich der Gr\u00e4berstra\u00dfe wurde ein Omphalos aus Marmor aufgefunden und gereinigt, der sich seit der Antike an seinem urspr\u00fcnglichen Platz befand. In der \u00e4lteren Forschung wurde er wenig beachtet, weil man ihn f\u00fcr ein r\u00f6misches Monument hielt. Nun wurde darunter ein Brunnen sichtbar. Dort fanden sich einundzwanzig Inschriften, die den Brunnen als Ort eines Wasserorakels des Gottes (Apollon) Paian ausweisen. Damit konnte zum ersten Mal in der Grabungsgeschichte Athens ein Orakelheiligtum nachgewiesen werden. Viele Fragen gibt es: Wer genau ist Paian? Warum befindet sich das Orakel an dieser Stelle? Wann wurde es eingerichtet und wie lange hatte es Bestand? Wie hat es funktioniert? Welche Rolle spielte das Wasser? Wer hat die Orakelst\u00e4tte betrieben? Wer hat das Orakel befragt? Dieser Fund besch\u00e4ftigt inzwischen nicht nur Arch\u00e4ologen, sondern auch Wasserbauer, Epigraphiker, Religionswissenschaftler, Philologen sowie Architekten, Restauratoren, Museumsp\u00e4dagogen und 3-D Spezialisten.<\/p>\n","protected":false},"excerpt":{"rendered":"<p>Donnerstag 6. Dezember 2018, 18:15 Uhr Winckelmannsvortrag Dr. Jutta Stroszeck (Athen) Die Entdeckung eines Orakelheiligtums im Kerameikos von Athen H\u00f6rsaal des Akademischen Kunstmuseums Bonn, Am Hofgarten 21, 53113 Bonn Der Kerameikos von Athen, einer der antiken Friedh\u00f6fe der Stadt, wird seit mehr als einem Jahrhundert durch das Deutsche Arch\u00e4ologische Institut in Athen erforscht. Bis heute &hellip; <\/p>\n<p class=\"link-more\"><a href=\"http:\/\/www.av-rheinland.de\/index.php\/2018\/11\/17\/vortrag-6-12-2018-18-15-uhr-dr-jutta-stroszeck-athen-die-entdeckung-eines-orakelheiligtums-im-kerameikos-von-athen\/\" class=\"more-link\"><span class=\"screen-reader-text\">\u201eVortrag 6.12.2018, 18.15 Uhr: Dr. Jutta Stroszeck (Athen), Die Entdeckung eines Orakelheiligtums im Kerameikos von Athen\u201c<\/span> weiterlesen<\/a><\/p>\n","protected":false},"author":1,"featured_media":0,"comment_status":"open","ping_status":"open","sticky":false,"template":"","format":"standard","meta":{"jetpack_post_was_ever_published":false,"_jetpack_newsletter_access":"","_jetpack_newsletter_tier_id":0,"jetpack_publicize_message":"","jetpack_is_tweetstorm":false,"jetpack_publicize_feature_enabled":true,"jetpack_social_post_already_shared":true,"jetpack_social_options":{"image_generator_settings":{"template":"highway","enabled":false}}},"categories":[3],"tags":[52,36,53,55,54],"jetpack_publicize_connections":[],"jetpack_featured_media_url":"","jetpack_sharing_enabled":true,"jetpack_shortlink":"https:\/\/wp.me\/p99Kwc-6C","jetpack_likes_enabled":true,"jetpack-related-posts":[{"id":696,"url":"http:\/\/www.av-rheinland.de\/index.php\/2021\/11\/19\/winkelmannsvortrag-9-12-2021-1815-uhr\/","url_meta":{"origin":410,"position":0},"title":"Winkelmannsvortrag 9.12.2021, 18:15 Uhr: Johanna Fabricius, Gegen Erbschleicherei und B\u00fcrgerrechtsbetrug","author":"altertumsverein","date":"November 19, 2021","format":false,"excerpt":"Donnerstag 9. Dezember 2021, 18:15 Uhr Ort: Fach Klassische Arch\u00e4ologie und Akademisches Kunstmuseum, R\u00f6merstra\u00dfe 164, 53117 Bonn (neuer vor\u00fcbergehender Dienstsitz) Winckelmannsvortrag Professor Dr. Johanna Fabricius (Freie Universit\u00e4t Berlin) Gegen Erbschleicherei und B\u00fcrgerrechtsbetrug Zur Markierung von Verwandtschaftsbeziehungen durch Lutrophorenmonumente an athenischen Gr\u00e4bern der Klassik Eine neue Deutung der klassischen attischen Marmorlutrophoren\u2026","rel":"","context":"In &quot;Vortr\u00e4ge&quot;","block_context":{"text":"Vortr\u00e4ge","link":"http:\/\/www.av-rheinland.de\/index.php\/category\/vortrage\/"},"img":{"alt_text":"Marmorne Grablutrophore des Hegetor, vom Kerameikos in Athen, um 350\/40 v. Chr., gefunden 1863 (Abguss im Gel\u00c3\u00a4nde).","src":"https:\/\/i0.wp.com\/www.av-rheinland.de\/wp-content\/uploads\/2020\/01\/768px-Kerameikos_13.jpg?resize=350%2C200","width":350,"height":200,"srcset":"https:\/\/i0.wp.com\/www.av-rheinland.de\/wp-content\/uploads\/2020\/01\/768px-Kerameikos_13.jpg?resize=350%2C200 1x, https:\/\/i0.wp.com\/www.av-rheinland.de\/wp-content\/uploads\/2020\/01\/768px-Kerameikos_13.jpg?resize=525%2C300 1.5x, https:\/\/i0.wp.com\/www.av-rheinland.de\/wp-content\/uploads\/2020\/01\/768px-Kerameikos_13.jpg?resize=700%2C400 2x"},"classes":[]},{"id":521,"url":"http:\/\/www.av-rheinland.de\/index.php\/2019\/11\/15\/vortrag-12-12-2019-1815-uhr-prof-dr-eric-moormann-heilige-bilder-botschaft-oder-dekoration\/","url_meta":{"origin":410,"position":1},"title":"Vortrag 12.12.2019, 18:15 Uhr Prof. Dr. Eric Moormann: Heilige Bilder: Botschaft oder Dekoration?","author":"altertumsverein","date":"November 15, 2019","format":false,"excerpt":"Donnerstag 12. Dezember 2019, 18:15 Uhr, Winckelmannsvortrag Prof. Dr. Eric Moormann (Universit\u00e4t Nimwegen) Heilige Bilder: Botschaft oder Dekoration? Die Wandmalerei der Synagoge von Dura Europos in Syrien H\u00f6rsaal des Akademischen Kunstmuseums Bonn, Am Hofgarten 21, 53113 Bonn Auf der Grundlage einer Zusammenstellung der gemalten Dekorationen antiker Heiligt\u00fcmer sollen die vieldiskutierten\u2026","rel":"","context":"In &quot;Vortr\u00e4ge&quot;","block_context":{"text":"Vortr\u00e4ge","link":"http:\/\/www.av-rheinland.de\/index.php\/category\/vortrage\/"},"img":{"alt_text":"","src":"","width":0,"height":0},"classes":[]},{"id":919,"url":"http:\/\/www.av-rheinland.de\/index.php\/2023\/01\/25\/vortrag-02-02-2023-1800-uhr-prof-frank-rumscheid-matronenheiligtum-und-merowingerzeitliche-graeber-in-odendorf\/","url_meta":{"origin":410,"position":2},"title":"Vortrag 02.02.2023, 18:00 Uhr Prof. Frank Rumscheid, Matronenheiligtum und merowingerzeitliche Gr\u00e4ber in Odendorf","author":"altertumsverein","date":"Januar 25, 2023","format":false,"excerpt":"Donnerstag, den 02. Februar 2023, 18:00 Uhr c. t. Klassische Arch\u00e4ologie und Akademisches Kunstmuseum, R\u00f6merstra\u00dfe 164, 53117 Bonn Prof. Dr. Frank Rumscheid (Universit\u00e4t Bonn) Matronenheiligtum und merowingerzeitliche Gr\u00e4ber in Odendorf Entdeckungen bei Lehrgrabungen der Universit\u00e4t Bonn Bei Lehrgrabungen wurden 2015 und 2019 in Odendorf Reste mehrerer Geb\u00e4ude untersucht, die sich\u2026","rel":"","context":"In &quot;Vortr\u00e4ge&quot;","block_context":{"text":"Vortr\u00e4ge","link":"http:\/\/www.av-rheinland.de\/index.php\/category\/vortrage\/"},"img":{"alt_text":"","src":"","width":0,"height":0},"classes":[]},{"id":833,"url":"http:\/\/www.av-rheinland.de\/index.php\/2022\/11\/25\/mittwoch-07-12-2022-1800-uhr-prof-andreas-scholl-donaria-arcis-athenarum\/","url_meta":{"origin":410,"position":3},"title":"Mittwoch, 07.12.2022, 18:00 Uhr Andreas Scholl, Donaria arcis Athenarum","author":"altertumsverein","date":"November 25, 2022","format":false,"excerpt":"Mittwoch, 07. Dezember 2022, 18:00 Uhr (Bitte beachten Sie den abweichenden Wochentag!) Klassische Arch\u00e4ologie und Akademisches Kunstmuseum, R\u00f6merstra\u00dfe 164, 53117 Bonn Prof. Andreas Scholl (Antikensammlung Berlin) Donaria arcis Athenarum Die Weihgeschenke auf der archaischen Akropolis in arch\u00e4ologischer und religionsgeschichtlicher Perspektive Auf die Athener Akropolis wurden zwischen der Zeit Solons und\u2026","rel":"","context":"In &quot;Vortr\u00e4ge&quot;","block_context":{"text":"Vortr\u00e4ge","link":"http:\/\/www.av-rheinland.de\/index.php\/category\/vortrage\/"},"img":{"alt_text":"","src":"","width":0,"height":0},"classes":[]},{"id":342,"url":"http:\/\/www.av-rheinland.de\/index.php\/2018\/04\/20\/vortrag-17-5-2018-18-uhr-christina-leypold-zuerich-das-zweite-volk-im-heiligtum-zur-entwicklung-der-statuenaufstellung-in-olympia\/","url_meta":{"origin":410,"position":4},"title":"Vortrag 17.5.2018, 18 Uhr, Christina Leypold (Z\u00fcrich), Das \u201azweite Volk\u2018 im Heiligtum. Zur Entwicklung der Statuenaufstellung in Olympia","author":"altertumsverein","date":"April 20, 2018","format":false,"excerpt":"Donnerstag\u00a0 17. Mai 2018, 18 Uhr Dr. Christina Leypold (Z\u00fcrich) Das \u201azweite Volk\u2018 im Heiligtum. Zur Entwicklung der Statuenaufstellung in Olympia H\u00f6rsaal des Akademischen Kunstmuseums Bonn, Am Hofgarten 21 Im Zeusheiligtum von Olympia wurden zwischen dem sp\u00e4ten 6. Jh. v. Chr. und dem sp\u00e4ten 3. Jh. n. Chr. zahllose Bildnisse\u2026","rel":"","context":"In &quot;Vortr\u00e4ge&quot;","block_context":{"text":"Vortr\u00e4ge","link":"http:\/\/www.av-rheinland.de\/index.php\/category\/vortrage\/"},"img":{"alt_text":"Zur Entwicklung der Statuenaufstellung in Olympia. Foto: Christina Leypold, Z\u00fcrich.","src":"https:\/\/i0.wp.com\/www.av-rheinland.de\/wp-content\/uploads\/2018\/04\/BildLeypold_V1.jpg?resize=350%2C200","width":350,"height":200},"classes":[]},{"id":1271,"url":"http:\/\/www.av-rheinland.de\/index.php\/2025\/04\/24\/vortrag-15-05-2025-1815-uhr-pd-dr-chiara-blasetti-fantauzzi-die-sakrale-topographie-von-erice\/","url_meta":{"origin":410,"position":5},"title":"Vortrag 15.05.2025, 18:15 Uhr, PD Dr. Chiara Blasetti Fantauzzi &#8211; Die sakrale Topographie von Erice","author":"altertumsverein","date":"April 24, 2025","format":false,"excerpt":"Donnerstag, den 15. Mai 2025, 18:15 Uhr H\u00f6rsaal der Klassischen Arch\u00e4ologie, AVZ III, R\u00f6merstra\u00dfe 164, Bonn PD Dr. Chiara Blasetti Fantauzzi (Freie Universit\u00e4t Berlin) Die sakrale Topographie von Erice Neue Untersuchungen in den Heiligt\u00fcmern der Aphrodite und Demeter Die antike Stadt Eryx (heute Erice) in Westsizilien ist insbesondere f\u00fcr ihr\u2026","rel":"","context":"In &quot;Vortr\u00e4ge&quot;","block_context":{"text":"Vortr\u00e4ge","link":"http:\/\/www.av-rheinland.de\/index.php\/category\/vortrage\/"},"img":{"alt_text":"","src":"","width":0,"height":0},"classes":[]}],"_links":{"self":[{"href":"http:\/\/www.av-rheinland.de\/index.php\/wp-json\/wp\/v2\/posts\/410"}],"collection":[{"href":"http:\/\/www.av-rheinland.de\/index.php\/wp-json\/wp\/v2\/posts"}],"about":[{"href":"http:\/\/www.av-rheinland.de\/index.php\/wp-json\/wp\/v2\/types\/post"}],"author":[{"embeddable":true,"href":"http:\/\/www.av-rheinland.de\/index.php\/wp-json\/wp\/v2\/users\/1"}],"replies":[{"embeddable":true,"href":"http:\/\/www.av-rheinland.de\/index.php\/wp-json\/wp\/v2\/comments?post=410"}],"version-history":[{"count":4,"href":"http:\/\/www.av-rheinland.de\/index.php\/wp-json\/wp\/v2\/posts\/410\/revisions"}],"predecessor-version":[{"id":425,"href":"http:\/\/www.av-rheinland.de\/index.php\/wp-json\/wp\/v2\/posts\/410\/revisions\/425"}],"wp:attachment":[{"href":"http:\/\/www.av-rheinland.de\/index.php\/wp-json\/wp\/v2\/media?parent=410"}],"wp:term":[{"taxonomy":"category","embeddable":true,"href":"http:\/\/www.av-rheinland.de\/index.php\/wp-json\/wp\/v2\/categories?post=410"},{"taxonomy":"post_tag","embeddable":true,"href":"http:\/\/www.av-rheinland.de\/index.php\/wp-json\/wp\/v2\/tags?post=410"}],"curies":[{"name":"wp","href":"https:\/\/api.w.org\/{rel}","templated":true}]}}