{"id":407,"date":"2018-10-26T12:49:07","date_gmt":"2018-10-26T12:49:07","guid":{"rendered":"http:\/\/www.av-rheinland.de\/?p=407"},"modified":"2018-10-29T10:49:37","modified_gmt":"2018-10-29T10:49:37","slug":"vortrag-15-11-2018-1815-uhr-thomas-martin-alte-funde-neu-entdeckt-der-industrielle-eugen-von-boch-und-seine-kollektion-antiker-vasen","status":"publish","type":"post","link":"http:\/\/www.av-rheinland.de\/index.php\/2018\/10\/26\/vortrag-15-11-2018-1815-uhr-thomas-martin-alte-funde-neu-entdeckt-der-industrielle-eugen-von-boch-und-seine-kollektion-antiker-vasen\/","title":{"rendered":"Vortrag 15.11.2018, 18:15 Uhr: Thomas Martin (Saarbr\u00fccken), Alte Funde neu entdeckt. Der Industrielle Eugen von Boch und seine Kollektion antiker Vasen"},"content":{"rendered":"<p><em>Donnerstag 15. November 2018, 18:15 Uhr<\/em><\/p>\n<p>Dipl.-Kult. Thomas Martin (Berlin und Saarbr\u00fccken)<\/p>\n<p><strong>Alte Funde neu entdeckt. <\/strong><strong>Der Industrielle Eugen von Boch und seine Kollektion antiker Vasen<\/strong><\/p>\n<p>H\u00f6rsaal des Akademischen Kunstmuseums Bonn, Am Hofgarten 21,<br \/>\n53113 Bonn<\/p>\n<p>Eugen von Boch (1809\u20131898), der Generaldirektor von Villeroy &amp; Boch, stellte mit enzyklop\u00e4dischem Anspruch eine universelle Privatsammlung der Keramik aller Kulturkreise und Epochen zusammen. Als dilettierender Arch\u00e4ologe stand er in freundschaftlichem Kontakt zum Vorsitzenden des Vereins der Altertumsfreunde im Rheinlande, Ernst aus\u2018m Weerth, und schenkte Funde aus dem F\u00fcrstengrab Weiskirchen II und aus Wallerfangen nach Bonn, so dass sie ins damalige Provinzialmuseum gelangten.<\/p>\n<p>Klassisch-antike Objekte waren f\u00fcr ihn besonders reizvoll. Seine Kollektion war kriegsbedingt zeitweilig ins Zweigwerk Dresden verlegt, kam aber rechtzeitig wieder an die Saar zur\u00fcck und geriet in der Nachkriegszeit im Dachstuhl des Konzernhauptsitzes in Vergessenheit. Ein Teil davon wurde 2016 nach \u00fcber siebzig Jahren wieder in einer Ausstellung in Saarbr\u00fccken gezeigt.<\/p>\n","protected":false},"excerpt":{"rendered":"<p>Donnerstag 15. November 2018, 18:15 Uhr Dipl.-Kult. Thomas Martin (Berlin und Saarbr\u00fccken) Alte Funde neu entdeckt. Der Industrielle Eugen von Boch und seine Kollektion antiker Vasen H\u00f6rsaal des Akademischen Kunstmuseums Bonn, Am Hofgarten 21, 53113 Bonn Eugen von Boch (1809\u20131898), der Generaldirektor von Villeroy &amp; Boch, stellte mit enzyklop\u00e4dischem Anspruch eine universelle Privatsammlung der Keramik &hellip; <\/p>\n<p class=\"link-more\"><a href=\"http:\/\/www.av-rheinland.de\/index.php\/2018\/10\/26\/vortrag-15-11-2018-1815-uhr-thomas-martin-alte-funde-neu-entdeckt-der-industrielle-eugen-von-boch-und-seine-kollektion-antiker-vasen\/\" class=\"more-link\"><span class=\"screen-reader-text\">\u201eVortrag 15.11.2018, 18:15 Uhr: Thomas Martin (Saarbr\u00fccken), Alte Funde neu entdeckt. Der Industrielle Eugen von Boch und seine Kollektion antiker Vasen\u201c<\/span> weiterlesen<\/a><\/p>\n","protected":false},"author":1,"featured_media":0,"comment_status":"open","ping_status":"open","sticky":false,"template":"","format":"standard","meta":{"jetpack_post_was_ever_published":false,"_jetpack_newsletter_access":"","_jetpack_newsletter_tier_id":0,"jetpack_publicize_message":"","jetpack_is_tweetstorm":false,"jetpack_publicize_feature_enabled":true,"jetpack_social_post_already_shared":true,"jetpack_social_options":{"image_generator_settings":{"template":"highway","enabled":false}}},"categories":[3],"tags":[50,51,47,48,49,7],"jetpack_publicize_connections":[],"jetpack_featured_media_url":"","jetpack_sharing_enabled":true,"jetpack_shortlink":"https:\/\/wp.me\/p99Kwc-6z","jetpack_likes_enabled":true,"jetpack-related-posts":[{"id":47,"url":"http:\/\/www.av-rheinland.de\/index.php\/2016\/08\/06\/vortrag-15-9-2016-18-uhr-schrage-typen-und-andere-merkwurdigkeiten-in-der-colonia-ulpia-traiana-xanten\/","url_meta":{"origin":407,"position":0},"title":"Vortrag, 15.9.2016, 18 Uhr: Schr\u00e4ge Typen und andere Merkw\u00fcrdigkeiten in der Colonia Ulpia Traiana, Xanten","author":"altertumsverein","date":"August 6, 2016","format":false,"excerpt":"Donnerstag, 15. September 2016, 18 Uhr c.t. Dr. Martin M\u00fcller (Xanten) H\u00f6rsaal des Akademischen Kunstmuseums Bonn, Am Hofgarten 21 Schr\u00e4ge Typen und andere Merkw\u00fcrdigkeiten in der Colonia Ulpia Traiana, Xanten. Ergebnisse neuester Untersuchungen in der r\u00f6mischen Gro\u00dfstadt am Niederrhein In den letzten Jahren wurde das Gebiet der r\u00f6mischen Gro\u00dfstadt Colonia\u2026","rel":"","context":"In &quot;Vortr\u00e4ge&quot;","block_context":{"text":"Vortr\u00e4ge","link":"http:\/\/www.av-rheinland.de\/index.php\/category\/vortrage\/"},"img":{"alt_text":"","src":"","width":0,"height":0},"classes":[]},{"id":410,"url":"http:\/\/www.av-rheinland.de\/index.php\/2018\/11\/17\/vortrag-6-12-2018-18-15-uhr-dr-jutta-stroszeck-athen-die-entdeckung-eines-orakelheiligtums-im-kerameikos-von-athen\/","url_meta":{"origin":407,"position":1},"title":"Vortrag 6.12.2018, 18.15 Uhr: Dr. Jutta Stroszeck (Athen), Die Entdeckung eines Orakelheiligtums im Kerameikos von Athen","author":"altertumsverein","date":"November 17, 2018","format":false,"excerpt":"Donnerstag 6. Dezember 2018, 18:15 Uhr Winckelmannsvortrag Dr. Jutta Stroszeck (Athen) Die Entdeckung eines Orakelheiligtums im Kerameikos von Athen H\u00f6rsaal des Akademischen Kunstmuseums Bonn, Am Hofgarten 21, 53113 Bonn Der Kerameikos von Athen, einer der antiken Friedh\u00f6fe der Stadt, wird seit mehr als einem Jahrhundert durch das Deutsche Arch\u00e4ologische Institut\u2026","rel":"","context":"In &quot;Vortr\u00e4ge&quot;","block_context":{"text":"Vortr\u00e4ge","link":"http:\/\/www.av-rheinland.de\/index.php\/category\/vortrage\/"},"img":{"alt_text":"","src":"","width":0,"height":0},"classes":[]},{"id":272,"url":"http:\/\/www.av-rheinland.de\/index.php\/2018\/02\/20\/vortragsreihe-zum-europaeischen-kulturerbejahr-2018-sharing-heritage\/","url_meta":{"origin":407,"position":2},"title":"Vortragsreihe zum Europ\u00e4ischen Kulturerbejahr 2018 (Sharing Heritage)","author":"altertumsverein","date":"Februar 20, 2018","format":false,"excerpt":"Im Fokus des Kulturerbejahres steht das Gemeinschaftliche und Verbindende europ\u00e4ischer Kultur. Gemeinsam werfen wir einen Blick auf unser kulturelles Erbe: Wo erkennen wir das europ\u00e4ische Erbe in unseren St\u00e4dten, D\u00f6rfern und Kulturlandschaften wieder? Was verbindet uns? Was wollen wir ver\u00e4ndern? Was k\u00f6nnen wir lernen? Was entdecken wir neu und \u00fcberrascht\u2026","rel":"","context":"In &quot;Vortr\u00e4ge&quot;","block_context":{"text":"Vortr\u00e4ge","link":"http:\/\/www.av-rheinland.de\/index.php\/category\/vortrage\/"},"img":{"alt_text":"Europ\u00c3\u00a4isches Kulturerbejahr 2018 - Sharing Heritage","src":"https:\/\/i0.wp.com\/www.av-rheinland.de\/wp-content\/uploads\/2018\/01\/SH_A4_wm_p_DEU-1024x723.jpg?resize=350%2C200","width":350,"height":200,"srcset":"https:\/\/i0.wp.com\/www.av-rheinland.de\/wp-content\/uploads\/2018\/01\/SH_A4_wm_p_DEU-1024x723.jpg?resize=350%2C200 1x, https:\/\/i0.wp.com\/www.av-rheinland.de\/wp-content\/uploads\/2018\/01\/SH_A4_wm_p_DEU-1024x723.jpg?resize=525%2C300 1.5x"},"classes":[]},{"id":754,"url":"http:\/\/www.av-rheinland.de\/index.php\/2022\/11\/11\/vortrag-19-05-2022-1800-uhr-thomas-stoellner-tod-im-salz-2\/","url_meta":{"origin":407,"position":3},"title":"Vortrag 24.11.2022, 18:00 Uhr Thomas St\u00f6llner, Tod im Salz","author":"altertumsverein","date":"November 11, 2022","format":false,"excerpt":"Donnerstag, 24. November 2022, 18:00 Uhr (urspr\u00fcnglich angek\u00fcndigt f\u00fcr 19. Mai 2022) Klassische Arch\u00e4ologie und Akademisches Kunstmuseums, R\u00f6merstra\u00dfe 164, 53117 Bonn Prof. Dr. Thomas St\u00f6llner (Ruhr-Universit\u00e4t Bochum und Deutsches Bergbau-Museum Bochum) Tod im Salz Einblicke in eine antike Bergbaukatastrophe und in die Wirtschaftsgeschichte des antiken Persien Im Winter 1993 wurden\u2026","rel":"","context":"In &quot;Vortr\u00e4ge&quot;","block_context":{"text":"Vortr\u00e4ge","link":"http:\/\/www.av-rheinland.de\/index.php\/category\/vortrage\/"},"img":{"alt_text":"","src":"","width":0,"height":0},"classes":[]},{"id":498,"url":"http:\/\/www.av-rheinland.de\/index.php\/2019\/06\/28\/vortrag-18-7-2019-1815-uhr-dr-dirk-schmitz-eine-roemische-bibliothek-und-andere-ueberraschungen-ausgrabungen-im-antoniterquartier-in-koeln\/","url_meta":{"origin":407,"position":4},"title":"Vortrag 18.7.2019, 18:15 Uhr: Dr. Dirk Schmitz &#8211; Eine r\u00f6mische Bibliothek und andere \u00dcberraschungen. Ausgrabungen im Antoniterquartier in K\u00f6ln","author":"altertumsverein","date":"Juni 28, 2019","format":false,"excerpt":"Donnerstag 18. Juli 2019, 18:15 Uhr Dr. Dirk Schmitz, (R\u00f6misch-Germanisches Museum, K\u00f6ln) Eine r\u00f6mische Bibliothek und andere \u00dcberraschungen. Ausgrabungen im Antoniterquartier in K\u00f6ln H\u00f6rsaal des Akademischen Kunstmuseums Bonn, Am Hofgarten 21, 53113 Bonn Zwischen April und November 2017 f\u00fchrte die Arch\u00e4ologische Bodendenkmalpflege der Stadt K\u00f6ln bauvorgreifende Ausgrabungen s\u00fcdlich der Antoniterkirche\u2026","rel":"","context":"In &quot;Vortr\u00e4ge&quot;","block_context":{"text":"Vortr\u00e4ge","link":"http:\/\/www.av-rheinland.de\/index.php\/category\/vortrage\/"},"img":{"alt_text":"","src":"https:\/\/i0.wp.com\/www.av-rheinland.de\/wp-content\/uploads\/2019\/06\/IMG_4892_Ulrich-Karas-R\u00c3\u00b6misch-Germanisches-Museum-der-Stadt-K\u00c3\u00b6ln-1024x683.jpg?resize=350%2C200","width":350,"height":200,"srcset":"https:\/\/i0.wp.com\/www.av-rheinland.de\/wp-content\/uploads\/2019\/06\/IMG_4892_Ulrich-Karas-R\u00c3\u00b6misch-Germanisches-Museum-der-Stadt-K\u00c3\u00b6ln-1024x683.jpg?resize=350%2C200 1x, https:\/\/i0.wp.com\/www.av-rheinland.de\/wp-content\/uploads\/2019\/06\/IMG_4892_Ulrich-Karas-R\u00c3\u00b6misch-Germanisches-Museum-der-Stadt-K\u00c3\u00b6ln-1024x683.jpg?resize=525%2C300 1.5x"},"classes":[]},{"id":1098,"url":"http:\/\/www.av-rheinland.de\/index.php\/2024\/01\/24\/vortrag-22-02-2024-1815-uhr-prof-dr-salvatore-ortisi-neues-zur-varusschlacht\/","url_meta":{"origin":407,"position":5},"title":"Vortrag 22.02.2024, 18:15 Uhr Prof. Dr. Salvatore Ortisi, Neues zur Varusschlacht","author":"altertumsverein","date":"Januar 24, 2024","format":false,"excerpt":"Donnerstag, den 22. Februar 2024, 18:15 Uhr H\u00f6rsaal der Klassischen Arch\u00e4ologie, AVZ III, R\u00f6merstra\u00dfe 164, Bonn Prof. Dr. Salvatore Ortisi (M\u00fcnchen)\u00a0 Neues zur Varusschlacht Die Ausgrabungen in Kalkriese 2016 bis 2020 Der Aufbau r\u00f6mischer Herrschaftsstrukturen im rechtsrheinischen Germanien fand 9 n.\u00a0Chr. mit dem Untergang des Statthalters Varus und seiner Armee\u2026","rel":"","context":"In &quot;Vortr\u00e4ge&quot;","block_context":{"text":"Vortr\u00e4ge","link":"http:\/\/www.av-rheinland.de\/index.php\/category\/vortrage\/"},"img":{"alt_text":"","src":"https:\/\/i0.wp.com\/www.av-rheinland.de\/wp-content\/uploads\/2023\/11\/image001-300x202.jpg?resize=350%2C200","width":350,"height":200},"classes":[]}],"_links":{"self":[{"href":"http:\/\/www.av-rheinland.de\/index.php\/wp-json\/wp\/v2\/posts\/407"}],"collection":[{"href":"http:\/\/www.av-rheinland.de\/index.php\/wp-json\/wp\/v2\/posts"}],"about":[{"href":"http:\/\/www.av-rheinland.de\/index.php\/wp-json\/wp\/v2\/types\/post"}],"author":[{"embeddable":true,"href":"http:\/\/www.av-rheinland.de\/index.php\/wp-json\/wp\/v2\/users\/1"}],"replies":[{"embeddable":true,"href":"http:\/\/www.av-rheinland.de\/index.php\/wp-json\/wp\/v2\/comments?post=407"}],"version-history":[{"count":4,"href":"http:\/\/www.av-rheinland.de\/index.php\/wp-json\/wp\/v2\/posts\/407\/revisions"}],"predecessor-version":[{"id":429,"href":"http:\/\/www.av-rheinland.de\/index.php\/wp-json\/wp\/v2\/posts\/407\/revisions\/429"}],"wp:attachment":[{"href":"http:\/\/www.av-rheinland.de\/index.php\/wp-json\/wp\/v2\/media?parent=407"}],"wp:term":[{"taxonomy":"category","embeddable":true,"href":"http:\/\/www.av-rheinland.de\/index.php\/wp-json\/wp\/v2\/categories?post=407"},{"taxonomy":"post_tag","embeddable":true,"href":"http:\/\/www.av-rheinland.de\/index.php\/wp-json\/wp\/v2\/tags?post=407"}],"curies":[{"name":"wp","href":"https:\/\/api.w.org\/{rel}","templated":true}]}}