{"id":377,"date":"2018-06-22T09:24:58","date_gmt":"2018-06-22T09:24:58","guid":{"rendered":"http:\/\/www.av-rheinland.de\/?p=377"},"modified":"2018-06-21T09:35:49","modified_gmt":"2018-06-21T09:35:49","slug":"oeffentliches-kolloquium-neues-aus-der-alten-welt-ii-neue-archaeologische-forschungen-in-koeln-und-bonn","status":"publish","type":"post","link":"http:\/\/www.av-rheinland.de\/index.php\/2018\/06\/22\/oeffentliches-kolloquium-neues-aus-der-alten-welt-ii-neue-archaeologische-forschungen-in-koeln-und-bonn\/","title":{"rendered":"\u00d6ffentliches Kolloquium: Neues aus der Alten Welt II. Neue arch\u00e4ologische Forschungen in K\u00f6ln und Bonn"},"content":{"rendered":"<p>Am 30. Juni findet das \u00f6ffentliche Kolloquium <strong>Neues aus der Alten Welt II. Neue arch\u00e4ologische Forschungen in K\u00f6ln und Bonn<\/strong> in K\u00f6ln bei der Fritz Thyssen Stiftung statt. Organisiert wird das Kolloquium von VarI &#8211; dem Verbund der arch\u00e4ologischen Institute K\u00f6ln\/Bonn. Das\u00a0 Programm finden Sie weiter unten.<\/p>\n<h3><strong>Was ist VarI?<\/strong><\/h3>\n<p>Der Verbund arch\u00e4ologischer Institutionen K\u00f6ln\/Bonn (VarI) ist ein Zusammenschluss von Einrichtungen,\u00a0die weltweit die materiellen Hinterlassenschaften\u00a0fr\u00fcher Kulturen erforschen.\u00a0\u00a0Die Region K\u00f6ln\/Bonn bildet einen der gr\u00f6\u00dften und traditionsreichsten Arch\u00e4ologiestandorte\u00a0Deutschlands, mit dreizehn Instituten und\u00a0 Arbeitsstellen an den Universit\u00e4ten in K\u00f6ln und\u00a0Bonn, die ihrerseits mit anderen regionalen\u00a0Partnern kooperieren: mit der Kommission f\u00fcr\u00a0die Arch\u00e4ologie Au\u00dfereurop\u00e4ischer Kulturen des\u00a0Deutschen Arch\u00e4ologischen Instituts in Bonn,\u00a0dem R\u00f6misch-Germanischen Museum in K\u00f6ln,\u00a0dem Rheinischen Landesmuseum in Bonn sowie\u00a0dem Rheinischen Landesamt f\u00fcr Bodendenkmalpflege. Das zeitliche Spektrum reicht vom\u00a0Pal\u00e4olithikum bis ins sp\u00e4te Mittelalter. Regionale\u00a0Schwerpunkte liegen in der Arch\u00e4ologie des<br \/>\nRheinlands und Europas, den Kulturen \u00c4gyptens\u00a0und des Mittelmeerraums, der Arch\u00e4ologie S\u00fcd- und\u00a0Mittelamerikas sowie Zentral- und S\u00fcdostasiens.<br \/>\nDas Kolloquium gibt einen \u00dcberblick \u00fcber die\u00a0Vielfalt der laufenden arch\u00e4ologischen Forschungen\u00a0in Bonn und K\u00f6ln.<\/p>\n<h2>Kolloquium<\/h2>\n<p><strong>Wann<\/strong>: 30. Juni 2018<\/p>\n<p><strong>Ort:<\/strong><br \/>\nim Vortragsraum der<br \/>\nFritz Thyssen Stiftung<br \/>\nApostelnkloster 13-15<br \/>\n50672 K\u00f6ln<\/p>\n<p>Flyer zum Download:\u00a0<a href=\"http:\/\/www.av-rheinland.de\/?attachment_id=378\" rel=\"attachment wp-att-378\">Programmflyer Kolloquium<\/a><\/p>\n<p>Plakat zum Download:\u00a0<a href=\"http:\/\/www.av-rheinland.de\/?attachment_id=379\" rel=\"attachment wp-att-379\">Plakat<\/a><\/p>\n<p>&nbsp;<\/p>\n<p>Programm:<\/p>\n<p><strong>09:00<\/strong>\u00a0Prof. Dr. Silviane Scharl (Universit\u00e4t zu K\u00f6ln, Ur- und Fr\u00fchgeschichte) Die bandkeramische Siedlung von Borschemich, Tagebau Garzweiler \u2013 Erste Ergebnisse der Prospektionen und Grabungen<\/p>\n<p><strong>09:30\u00a0<\/strong>Prof. Dr. Richard Bussmann (Universit\u00e4t zu K\u00f6ln, \u00c4gyptologie) Pyramide, Siedlung, Grab: Arch\u00e4ologie einer alt\u00e4gyptischen Provinzhauptstadt<\/p>\n<p><strong>10:00<\/strong>\u00a0Prof. Dr. Ludwig Morenz (Universit\u00e4t Bonn, \u00c4gyptologie) Die Bonner Grabungen in Assuan. Ergebnisse und Perspektiven<\/p>\n<p><strong>Kaffeepause<\/strong><\/p>\n<p><strong>11:00<\/strong>\u00a0Florian Jordan M.A. (Universit\u00e4t Bonn, Fr\u00fchchristliche Arch\u00e4ologie) Neue Ausgrabungen der Christlichen Arch\u00e4ologie in Elusa, Israel<\/p>\n<p><strong>11:30<\/strong>\u00a0Prof. Dr. J\u00fcrgen Hammerstaedt (Universit\u00e4t zu K\u00f6ln, Papyrologie) \u00dcberlegungen zur Rekonstruktion der Inschriftenstoa des Diogenes von Oinoanda mithilfe von Epigraphik, Bauforschung und Arch\u00e4ologie<\/p>\n<p><strong>Mittagspause<\/strong><\/p>\n<p><strong>14:00<\/strong>\u00a0Prof. Dr. Frank Rumscheid (Universit\u00e4t Bonn, Klassische Arch\u00e4ologie) G\u00f6ttliche Ungerechtigkeit? Zur Ausstellung antiker und fr\u00fchchristlicher Kunst im Akademischen Kunstmuseum der Universit\u00e4t Bonn<\/p>\n<p><strong>14:30\u00a0<\/strong>Christian Briesack M.A. (Universit\u00e4t Bonn, Klassische Arch\u00e4ologie) Die Monte Abatone-Nekropole in Cerveteri. Ein gemeinsames Projekt der Universit\u00e4t Bonn und der Universit\u00e0 degli Studi della Campania Luigi Vanvitelli<\/p>\n<p><strong>Kaffeepause<\/strong><\/p>\n<p><strong>15:30<\/strong>\u00a0Jun.-Prof. Dr. Thoralf Schr\u00f6der (Universit\u00e4t zu K\u00f6ln, Klassische Arch\u00e4ologie) Skulpturen aus der Sammlung Este in Modena und Sassuolo. Ein Werkstattbericht<\/p>\n<p><strong>16:00<\/strong> Prof. Dr. Michael Heinzelmann (Universit\u00e4t zu K\u00f6ln, Klassische Arch\u00e4ologie) 152 Tonnen Bronze \u2013 Das Dachwerk \u00fcber der Vorhalle des Pantheon in Rom<\/p>\n<p><strong>VarI \u2013 Verbund arch\u00e4ologischer Institutionen<\/strong><br \/>\nAnsprechpartner: Prof. Dr. Dietrich Boschung<br \/>\nUniversit\u00e4t zu K\u00f6ln, Arch\u00e4ologisches Institut<br \/>\nAlbertus-Magnus-Platz, 50923 K\u00f6ln<br \/>\nTel. +49 (0)221 470-1291<\/p>\n<p>Prof. Dr. Frank Rumscheid Universit\u00e4t Bonn, Abteilung Klassische Arch\u00e4ologie, Am Hofgarten 21, 53113 Bonn<br \/>\nTel. +49 (0)228 73-7734<br \/>\n<a href=\"http:\/\/www.varinst.de\">www.varinst.de<\/a><\/p>\n<p>Eintritt frei, Anmeldung nicht erfolderlich.<\/p>\n","protected":false},"excerpt":{"rendered":"<p>Am 30. Juni findet das \u00f6ffentliche Kolloquium Neues aus der Alten Welt II. Neue arch\u00e4ologische Forschungen in K\u00f6ln und Bonn in K\u00f6ln bei der Fritz Thyssen Stiftung statt. Organisiert wird das Kolloquium von VarI &#8211; dem Verbund der arch\u00e4ologischen Institute K\u00f6ln\/Bonn. Das\u00a0 Programm finden Sie weiter unten. Was ist VarI? Der Verbund arch\u00e4ologischer Institutionen K\u00f6ln\/Bonn &hellip; <\/p>\n<p class=\"link-more\"><a href=\"http:\/\/www.av-rheinland.de\/index.php\/2018\/06\/22\/oeffentliches-kolloquium-neues-aus-der-alten-welt-ii-neue-archaeologische-forschungen-in-koeln-und-bonn\/\" class=\"more-link\"><span class=\"screen-reader-text\">\u201e\u00d6ffentliches Kolloquium: Neues aus der Alten Welt II. Neue arch\u00e4ologische Forschungen in K\u00f6ln und Bonn\u201c<\/span> weiterlesen<\/a><\/p>\n","protected":false},"author":1,"featured_media":0,"comment_status":"open","ping_status":"open","sticky":false,"template":"","format":"standard","meta":{"jetpack_post_was_ever_published":false,"_jetpack_newsletter_access":"","_jetpack_newsletter_tier_id":0,"jetpack_publicize_message":"","jetpack_is_tweetstorm":false,"jetpack_publicize_feature_enabled":true,"jetpack_social_post_already_shared":true,"jetpack_social_options":{"image_generator_settings":{"template":"highway","enabled":false}}},"categories":[3],"tags":[45,46,44],"jetpack_publicize_connections":[],"jetpack_featured_media_url":"","jetpack_sharing_enabled":true,"jetpack_shortlink":"https:\/\/wp.me\/p99Kwc-65","jetpack_likes_enabled":true,"jetpack-related-posts":[{"id":498,"url":"http:\/\/www.av-rheinland.de\/index.php\/2019\/06\/28\/vortrag-18-7-2019-1815-uhr-dr-dirk-schmitz-eine-roemische-bibliothek-und-andere-ueberraschungen-ausgrabungen-im-antoniterquartier-in-koeln\/","url_meta":{"origin":377,"position":0},"title":"Vortrag 18.7.2019, 18:15 Uhr: Dr. Dirk Schmitz &#8211; Eine r\u00f6mische Bibliothek und andere \u00dcberraschungen. Ausgrabungen im Antoniterquartier in K\u00f6ln","author":"altertumsverein","date":"Juni 28, 2019","format":false,"excerpt":"Donnerstag 18. Juli 2019, 18:15 Uhr Dr. Dirk Schmitz, (R\u00f6misch-Germanisches Museum, K\u00f6ln) Eine r\u00f6mische Bibliothek und andere \u00dcberraschungen. Ausgrabungen im Antoniterquartier in K\u00f6ln H\u00f6rsaal des Akademischen Kunstmuseums Bonn, Am Hofgarten 21, 53113 Bonn Zwischen April und November 2017 f\u00fchrte die Arch\u00e4ologische Bodendenkmalpflege der Stadt K\u00f6ln bauvorgreifende Ausgrabungen s\u00fcdlich der Antoniterkirche\u2026","rel":"","context":"In &quot;Vortr\u00e4ge&quot;","block_context":{"text":"Vortr\u00e4ge","link":"http:\/\/www.av-rheinland.de\/index.php\/category\/vortrage\/"},"img":{"alt_text":"","src":"https:\/\/i0.wp.com\/www.av-rheinland.de\/wp-content\/uploads\/2019\/06\/IMG_4892_Ulrich-Karas-R\u00c3\u00b6misch-Germanisches-Museum-der-Stadt-K\u00c3\u00b6ln-1024x683.jpg?resize=350%2C200","width":350,"height":200,"srcset":"https:\/\/i0.wp.com\/www.av-rheinland.de\/wp-content\/uploads\/2019\/06\/IMG_4892_Ulrich-Karas-R\u00c3\u00b6misch-Germanisches-Museum-der-Stadt-K\u00c3\u00b6ln-1024x683.jpg?resize=350%2C200 1x, https:\/\/i0.wp.com\/www.av-rheinland.de\/wp-content\/uploads\/2019\/06\/IMG_4892_Ulrich-Karas-R\u00c3\u00b6misch-Germanisches-Museum-der-Stadt-K\u00c3\u00b6ln-1024x683.jpg?resize=525%2C300 1.5x"},"classes":[]},{"id":826,"url":"http:\/\/www.av-rheinland.de\/index.php\/2022\/10\/06\/vortrag-20-10-2022-1800-uhr-prof-juergen-richter-unser-weg-nach-europa\/","url_meta":{"origin":377,"position":1},"title":"Vortrag 20.10.2022, 18:00 Uhr Prof. J\u00fcrgen Richter, Unser Weg nach Europa","author":"altertumsverein","date":"Oktober 6, 2022","format":false,"excerpt":"Donnerstag, 20. Oktober 2022, 18:00 Uhr Klassische Arch\u00e4ologie und Akademisches Kunstmuseum, R\u00f6merstra\u00dfe 164, 53117 Bonn Prof. J\u00fcrgen Richter (Universit\u00e4t K\u00f6ln) Unser Weg nach Europa Warum unsere Vorfahren aus Afrika kamen Dass wir Menschen urspr\u00fcnglich aus Afrika kommen, ist nach \u00fcber zwanzig Jahren Forschung mehr und mehr zur wissenschaftlichen Tatsache geworden.\u2026","rel":"","context":"In &quot;Vortr\u00e4ge&quot;","block_context":{"text":"Vortr\u00e4ge","link":"http:\/\/www.av-rheinland.de\/index.php\/category\/vortrage\/"},"img":{"alt_text":"","src":"https:\/\/i0.wp.com\/www.av-rheinland.de\/wp-content\/uploads\/2022\/10\/Jordanien_Uni-Koeln.png?fit=752%2C1200&resize=350%2C200","width":350,"height":200,"srcset":"https:\/\/i0.wp.com\/www.av-rheinland.de\/wp-content\/uploads\/2022\/10\/Jordanien_Uni-Koeln.png?fit=752%2C1200&resize=350%2C200 1x, https:\/\/i0.wp.com\/www.av-rheinland.de\/wp-content\/uploads\/2022\/10\/Jordanien_Uni-Koeln.png?fit=752%2C1200&resize=525%2C300 1.5x, https:\/\/i0.wp.com\/www.av-rheinland.de\/wp-content\/uploads\/2022\/10\/Jordanien_Uni-Koeln.png?fit=752%2C1200&resize=700%2C400 2x"},"classes":[]},{"id":139,"url":"http:\/\/www.av-rheinland.de\/index.php\/2017\/09\/29\/vortrag-26-10-2017-18-uhr\/","url_meta":{"origin":377,"position":2},"title":"Vortrag: 26.10.2017, 18 Uhr &#8211; Dr. Ulrike Ehmig (Heidelberg), Von Garum bis Farbstoff: Mediterrane Importe nach K\u00f6ln im Licht der tituli dort gefundenener Amphoren","author":"altertumsverein","date":"September 29, 2017","format":false,"excerpt":"Donnerstag, 26. Oktober 2017, 18 Uhr c.t. Dr. Ulrike Ehmig (Heidelberg) Ort: H\u00f6rsaal des Akademischen Kunstmuseums Bonn, Am Hofgarten 21 Von Garum bis Farbstoff: Mediterrane Importe nach K\u00f6ln im Licht der tituli dort gefundenener Amphoren Keine andere Fundstelle in den nordwestlichen Provinzen des r\u00f6mischen Reiches hat so viele Amphorenscherben mit\u2026","rel":"","context":"In &quot;Vortr\u00e4ge&quot;","block_context":{"text":"Vortr\u00e4ge","link":"http:\/\/www.av-rheinland.de\/index.php\/category\/vortrage\/"},"img":{"alt_text":"","src":"","width":0,"height":0},"classes":[]},{"id":902,"url":"http:\/\/www.av-rheinland.de\/index.php\/2022\/12\/08\/vortrag-19-01-2023-1815-uhr-stefan-pircher-xanten-graeber-und-strasse\/","url_meta":{"origin":377,"position":3},"title":"Vortrag 19.01.2023, 18:15 Uhr Stefan Pircher, Xanten \u2013 Gr\u00e4ber und Stra\u00dfe","author":"altertumsverein","date":"Dezember 8, 2022","format":false,"excerpt":"Donnerstag, den 19. Januar 2023, 18:15 Uhr KIassische Arch\u00e4ologie und Akademisches Kunstmuseum, R\u00f6merstra\u00dfe 164, 53117 Bonn Dr. des. Stefan Pircher, M\u00fchldorf im M\u00f6lltal (K\u00e4rnten) und K\u00f6ln Xanten \u2013 Gr\u00e4ber und Stra\u00dfe Bestattungen des ersten Jahrhunderts im sp\u00e4teren Stadtgebiet Kaiser Trajan erhob um das Jahr 98 nach Christus eine junge r\u00f6mische\u2026","rel":"","context":"In &quot;Vortr\u00e4ge&quot;","block_context":{"text":"Vortr\u00e4ge","link":"http:\/\/www.av-rheinland.de\/index.php\/category\/vortrage\/"},"img":{"alt_text":"","src":"https:\/\/i0.wp.com\/www.av-rheinland.de\/wp-content\/uploads\/2022\/11\/Roemisches-Brandgrab.jpg?fit=1200%2C791&resize=350%2C200","width":350,"height":200,"srcset":"https:\/\/i0.wp.com\/www.av-rheinland.de\/wp-content\/uploads\/2022\/11\/Roemisches-Brandgrab.jpg?fit=1200%2C791&resize=350%2C200 1x, https:\/\/i0.wp.com\/www.av-rheinland.de\/wp-content\/uploads\/2022\/11\/Roemisches-Brandgrab.jpg?fit=1200%2C791&resize=525%2C300 1.5x, https:\/\/i0.wp.com\/www.av-rheinland.de\/wp-content\/uploads\/2022\/11\/Roemisches-Brandgrab.jpg?fit=1200%2C791&resize=700%2C400 2x, https:\/\/i0.wp.com\/www.av-rheinland.de\/wp-content\/uploads\/2022\/11\/Roemisches-Brandgrab.jpg?fit=1200%2C791&resize=1050%2C600 3x"},"classes":[]},{"id":359,"url":"http:\/\/www.av-rheinland.de\/index.php\/2018\/09\/22\/vortrag-25-10-2018-1815-uhr-dr-des-louise-rokohl-xanten-von-koeln-nach-westen-roemisches-reisen-entlang-der-via-belgica\/","url_meta":{"origin":377,"position":4},"title":"Vortrag 25.10.2018, 18:15 Uhr, Dr. des. Louise Rokohl (Mainz) Von K\u00f6ln nach Westen. R\u00f6misches Reisen entlang der Via Belgica","author":"altertumsverein","date":"September 22, 2018","format":false,"excerpt":"Donnerstag 25. Oktober 2018, 18:15 Uhr Dr. des. Louise Rokohl (Mainz) Von K\u00f6ln nach Westen. R\u00f6misches Reisen entlang der Via Belgica H\u00f6rsaal des Akademischen Kunstmuseums Bonn, Am Hofgarten 21, 53113 Bonn Die Via Belgica gilt als zentrale Verbindung zwischen der Colonia Claudia Ara Agrippinensium, dem K\u00f6lner Hinterland und den gallischen\u2026","rel":"","context":"In &quot;Vortr\u00e4ge&quot;","block_context":{"text":"Vortr\u00e4ge","link":"http:\/\/www.av-rheinland.de\/index.php\/category\/vortrage\/"},"img":{"alt_text":"","src":"","width":0,"height":0},"classes":[]},{"id":1386,"url":"http:\/\/www.av-rheinland.de\/index.php\/2026\/04\/17\/vortrag-30-04-2026-1815-uhr-prof-dr-ortwin-dally-forschungen-zur-topographie-des-kapitols\/","url_meta":{"origin":377,"position":5},"title":"Vortrag 30.04.2026, 18:15 Uhr, Prof. Dr. Ortwin Dally &#8211; Forschungen zur Topographie des Kapitols","author":"altertumsverein","date":"April 17, 2026","format":false,"excerpt":"Donnerstag, den 30. April 2026, 18:15 Uhr H\u00f6rsaal der Klassischen Arch\u00e4ologie, AVZ III, R\u00f6merstra\u00dfe 164, Bonn Prof. Dr. Ortwin Dally (DAI Rom) Forschungen zur Topographie des Kapitols. Neue Einblicke in die Stadtgeschichte Roms in Antike, Mittelalter und Neuzeit Der Vortrag stellt die vorl\u00e4ufigen Ergebnisse des Forschungsprojekts der Sovrintendenza Capitolina ai\u2026","rel":"","context":"\u00c4hnlicher Beitrag","block_context":{"text":"\u00c4hnlicher Beitrag","link":""},"img":{"alt_text":"","src":"https:\/\/i0.wp.com\/www.av-rheinland.de\/wp-content\/uploads\/2026\/04\/Bildschirmfoto-2026-04-17-um-08.37.43-256x300.png?resize=350%2C200","width":350,"height":200,"srcset":"https:\/\/i0.wp.com\/www.av-rheinland.de\/wp-content\/uploads\/2026\/04\/Bildschirmfoto-2026-04-17-um-08.37.43-256x300.png?resize=350%2C200 1x, https:\/\/i0.wp.com\/www.av-rheinland.de\/wp-content\/uploads\/2026\/04\/Bildschirmfoto-2026-04-17-um-08.37.43-256x300.png?resize=525%2C300 1.5x"},"classes":[]}],"_links":{"self":[{"href":"http:\/\/www.av-rheinland.de\/index.php\/wp-json\/wp\/v2\/posts\/377"}],"collection":[{"href":"http:\/\/www.av-rheinland.de\/index.php\/wp-json\/wp\/v2\/posts"}],"about":[{"href":"http:\/\/www.av-rheinland.de\/index.php\/wp-json\/wp\/v2\/types\/post"}],"author":[{"embeddable":true,"href":"http:\/\/www.av-rheinland.de\/index.php\/wp-json\/wp\/v2\/users\/1"}],"replies":[{"embeddable":true,"href":"http:\/\/www.av-rheinland.de\/index.php\/wp-json\/wp\/v2\/comments?post=377"}],"version-history":[{"count":2,"href":"http:\/\/www.av-rheinland.de\/index.php\/wp-json\/wp\/v2\/posts\/377\/revisions"}],"predecessor-version":[{"id":381,"href":"http:\/\/www.av-rheinland.de\/index.php\/wp-json\/wp\/v2\/posts\/377\/revisions\/381"}],"wp:attachment":[{"href":"http:\/\/www.av-rheinland.de\/index.php\/wp-json\/wp\/v2\/media?parent=377"}],"wp:term":[{"taxonomy":"category","embeddable":true,"href":"http:\/\/www.av-rheinland.de\/index.php\/wp-json\/wp\/v2\/categories?post=377"},{"taxonomy":"post_tag","embeddable":true,"href":"http:\/\/www.av-rheinland.de\/index.php\/wp-json\/wp\/v2\/tags?post=377"}],"curies":[{"name":"wp","href":"https:\/\/api.w.org\/{rel}","templated":true}]}}