{"id":342,"date":"2018-04-20T10:48:26","date_gmt":"2018-04-20T10:48:26","guid":{"rendered":"http:\/\/www.av-rheinland.de\/?p=342"},"modified":"2018-04-19T15:48:54","modified_gmt":"2018-04-19T15:48:54","slug":"vortrag-17-5-2018-18-uhr-christina-leypold-zuerich-das-zweite-volk-im-heiligtum-zur-entwicklung-der-statuenaufstellung-in-olympia","status":"publish","type":"post","link":"http:\/\/www.av-rheinland.de\/index.php\/2018\/04\/20\/vortrag-17-5-2018-18-uhr-christina-leypold-zuerich-das-zweite-volk-im-heiligtum-zur-entwicklung-der-statuenaufstellung-in-olympia\/","title":{"rendered":"Vortrag 17.5.2018, 18 Uhr, Christina Leypold (Z\u00fcrich), Das \u201azweite Volk\u2018 im Heiligtum. Zur Entwicklung der Statuenaufstellung in Olympia"},"content":{"rendered":"<p>Donnerstag\u00a0 17. Mai 2018, 18 Uhr<\/p>\n<p>Dr. Christina Leypold (Z\u00fcrich)<strong><br \/>\n<\/strong><strong>Das \u201azweite Volk\u2018 im Heiligtum. Zur Entwicklung der Statuenaufstellung in Olympia<br \/>\n<\/strong>H\u00f6rsaal des Akademischen Kunstmuseums Bonn, Am Hofgarten 21<strong><br \/>\n<\/strong><\/p>\n<p>Im Zeusheiligtum von Olympia wurden zwischen dem sp\u00e4ten 6. Jh. v. Chr. und dem sp\u00e4ten 3. Jh. n. Chr. zahllose Bildnisse von G\u00f6ttern, Heroen und Ehrenm\u00e4nnern als Weihgeschenke in den Vorhallen der Tempel und unter freiem Himmel aufgestellt. Von den zumeist bronzenen Statuen zeugen heute noch ihre steinernen Sockel und deren Fundamente. Das Projekt, welches in dem Vortrag vorgestellt wird, untersucht ausgehend von der detaillierten Analyse der in situ liegenden Befunde die topographische Entwicklung der Statuenaufstellung \u00fcber die Jahrhunderte. Ausgew\u00e4hlte Heiligtumsbereiche werden in ihrer Bedeutung als Aufstellungskontext der Weihestatuen n\u00e4her betrachtet und der Umgang mit den Denkm\u00e4lern w\u00e4hrend dieses langen Zeitraums aufgezeigt.<\/p>\n<figure id=\"attachment_343\" aria-describedby=\"caption-attachment-343\" style=\"width: 425px\" class=\"wp-caption aligncenter\"><a href=\"http:\/\/www.av-rheinland.de\/?attachment_id=343\" rel=\"attachment wp-att-343\"><img data-attachment-id=\"343\" data-permalink=\"http:\/\/www.av-rheinland.de\/index.php\/2018\/04\/20\/vortrag-17-5-2018-18-uhr-christina-leypold-zuerich-das-zweite-volk-im-heiligtum-zur-entwicklung-der-statuenaufstellung-in-olympia\/bildleypold_v1\/\" data-orig-file=\"https:\/\/i0.wp.com\/www.av-rheinland.de\/wp-content\/uploads\/2018\/04\/BildLeypold_V1.jpg?fit=425%2C638\" data-orig-size=\"425,638\" data-comments-opened=\"1\" data-image-meta=\"{&quot;aperture&quot;:&quot;3.9&quot;,&quot;credit&quot;:&quot;&quot;,&quot;camera&quot;:&quot;DMC-TZ3&quot;,&quot;caption&quot;:&quot;&quot;,&quot;created_timestamp&quot;:&quot;1250507994&quot;,&quot;copyright&quot;:&quot;&quot;,&quot;focal_length&quot;:&quot;6.5&quot;,&quot;iso&quot;:&quot;100&quot;,&quot;shutter_speed&quot;:&quot;0.00125&quot;,&quot;title&quot;:&quot;&quot;,&quot;orientation&quot;:&quot;1&quot;}\" data-image-title=\"BildLeypold_V1\" data-image-description=\"&lt;p&gt;Zur Entwicklung der Statuenaufstellung in Olympia. Foto: Christina Leypold, Z\u00fcrich.&lt;\/p&gt;\n\" data-image-caption=\"&lt;p&gt;Zur Entwicklung der Statuenaufstellung in Olympia. Foto: Christina Leypold, Z\u00fcrich.&lt;\/p&gt;\n\" data-medium-file=\"https:\/\/i0.wp.com\/www.av-rheinland.de\/wp-content\/uploads\/2018\/04\/BildLeypold_V1.jpg?fit=200%2C300\" data-large-file=\"https:\/\/i0.wp.com\/www.av-rheinland.de\/wp-content\/uploads\/2018\/04\/BildLeypold_V1.jpg?fit=425%2C638\" decoding=\"async\" loading=\"lazy\" class=\"wp-image-343 size-full\" src=\"https:\/\/i0.wp.com\/www.av-rheinland.de\/wp-content\/uploads\/2018\/04\/BildLeypold_V1.jpg?resize=425%2C638\" alt=\"Zur Entwicklung der Statuenaufstellung in Olympia. Foto: Christina Leypold, Z\u00fcrich.\" width=\"425\" height=\"638\" srcset=\"https:\/\/i0.wp.com\/www.av-rheinland.de\/wp-content\/uploads\/2018\/04\/BildLeypold_V1.jpg?w=425 425w, https:\/\/i0.wp.com\/www.av-rheinland.de\/wp-content\/uploads\/2018\/04\/BildLeypold_V1.jpg?resize=200%2C300 200w\" sizes=\"(max-width: 425px) 100vw, 425px\" data-recalc-dims=\"1\" \/><\/a><figcaption id=\"caption-attachment-343\" class=\"wp-caption-text\">Zur Entwicklung der Statuenaufstellung in Olympia. Foto: Christina Leypold, Z\u00fcrich.<\/figcaption><\/figure>\n","protected":false},"excerpt":{"rendered":"<p>Donnerstag\u00a0 17. Mai 2018, 18 Uhr Dr. Christina Leypold (Z\u00fcrich) Das \u201azweite Volk\u2018 im Heiligtum. Zur Entwicklung der Statuenaufstellung in Olympia H\u00f6rsaal des Akademischen Kunstmuseums Bonn, Am Hofgarten 21 Im Zeusheiligtum von Olympia wurden zwischen dem sp\u00e4ten 6. Jh. v. Chr. und dem sp\u00e4ten 3. Jh. n. Chr. zahllose Bildnisse von G\u00f6ttern, Heroen und Ehrenm\u00e4nnern &hellip; <\/p>\n<p class=\"link-more\"><a href=\"http:\/\/www.av-rheinland.de\/index.php\/2018\/04\/20\/vortrag-17-5-2018-18-uhr-christina-leypold-zuerich-das-zweite-volk-im-heiligtum-zur-entwicklung-der-statuenaufstellung-in-olympia\/\" class=\"more-link\"><span class=\"screen-reader-text\">\u201eVortrag 17.5.2018, 18 Uhr, Christina Leypold (Z\u00fcrich), Das \u201azweite Volk\u2018 im Heiligtum. Zur Entwicklung der Statuenaufstellung in Olympia\u201c<\/span> weiterlesen<\/a><\/p>\n","protected":false},"author":1,"featured_media":0,"comment_status":"open","ping_status":"open","sticky":false,"template":"","format":"standard","meta":{"jetpack_post_was_ever_published":false,"_jetpack_newsletter_access":"","_jetpack_newsletter_tier_id":0,"jetpack_publicize_message":"","jetpack_is_tweetstorm":false,"jetpack_publicize_feature_enabled":true,"jetpack_social_post_already_shared":true,"jetpack_social_options":{"image_generator_settings":{"template":"highway","enabled":false}}},"categories":[3],"tags":[39,41,38,36,37,40,35],"jetpack_publicize_connections":[],"jetpack_featured_media_url":"","jetpack_sharing_enabled":true,"jetpack_shortlink":"https:\/\/wp.me\/p99Kwc-5w","jetpack_likes_enabled":true,"jetpack-related-posts":[{"id":1271,"url":"http:\/\/www.av-rheinland.de\/index.php\/2025\/04\/24\/vortrag-15-05-2025-1815-uhr-pd-dr-chiara-blasetti-fantauzzi-die-sakrale-topographie-von-erice\/","url_meta":{"origin":342,"position":0},"title":"Vortrag 15.05.2025, 18:15 Uhr, PD Dr. Chiara Blasetti Fantauzzi &#8211; Die sakrale Topographie von Erice","author":"altertumsverein","date":"April 24, 2025","format":false,"excerpt":"Donnerstag, den 15. Mai 2025, 18:15 Uhr H\u00f6rsaal der Klassischen Arch\u00e4ologie, AVZ III, R\u00f6merstra\u00dfe 164, Bonn PD Dr. Chiara Blasetti Fantauzzi (Freie Universit\u00e4t Berlin) Die sakrale Topographie von Erice Neue Untersuchungen in den Heiligt\u00fcmern der Aphrodite und Demeter Die antike Stadt Eryx (heute Erice) in Westsizilien ist insbesondere f\u00fcr ihr\u2026","rel":"","context":"In &quot;Vortr\u00e4ge&quot;","block_context":{"text":"Vortr\u00e4ge","link":"http:\/\/www.av-rheinland.de\/index.php\/category\/vortrage\/"},"img":{"alt_text":"","src":"","width":0,"height":0},"classes":[]},{"id":988,"url":"http:\/\/www.av-rheinland.de\/index.php\/2023\/06\/19\/vortrag-13-07-2023-1815-uhr-dr-paul-scheding-der-unrasierte-gott\/","url_meta":{"origin":342,"position":1},"title":"Vortrag 13.07.2023, 18:15 Uhr Dr. Paul Scheding, Der unrasierte Gott","author":"altertumsverein","date":"Juni 19, 2023","format":false,"excerpt":"Donnerstag 13. Juli 2023, 18:15 h KIassische Arch\u00e4ologie und Akademisches Kunstmuseum, R\u00f6merstra\u00dfe 164, 53117 Bonn \u00a0Dr. Paul Scheding (M\u00fcnchen)\u00a0 Der unrasierte Gott Ausgrabungen im sogenannten Heiligtum des Iuppiter Anxur in Terracina Die Stadt Terracina liegt an der K\u00fcste Mittelitaliens ungef\u00e4hr auf halber Strecke zwischen Rom und Neapel. Sie ist aus\u2026","rel":"","context":"In &quot;Vortr\u00e4ge&quot;","block_context":{"text":"Vortr\u00e4ge","link":"http:\/\/www.av-rheinland.de\/index.php\/category\/vortrage\/"},"img":{"alt_text":"","src":"https:\/\/i0.wp.com\/www.av-rheinland.de\/wp-content\/uploads\/2023\/06\/Heiligtum_Iupiter_Anxur-300x196.jpg?resize=350%2C200","width":350,"height":200},"classes":[]},{"id":919,"url":"http:\/\/www.av-rheinland.de\/index.php\/2023\/01\/25\/vortrag-02-02-2023-1800-uhr-prof-frank-rumscheid-matronenheiligtum-und-merowingerzeitliche-graeber-in-odendorf\/","url_meta":{"origin":342,"position":2},"title":"Vortrag 02.02.2023, 18:00 Uhr Prof. Frank Rumscheid, Matronenheiligtum und merowingerzeitliche Gr\u00e4ber in Odendorf","author":"altertumsverein","date":"Januar 25, 2023","format":false,"excerpt":"Donnerstag, den 02. Februar 2023, 18:00 Uhr c. t. Klassische Arch\u00e4ologie und Akademisches Kunstmuseum, R\u00f6merstra\u00dfe 164, 53117 Bonn Prof. Dr. Frank Rumscheid (Universit\u00e4t Bonn) Matronenheiligtum und merowingerzeitliche Gr\u00e4ber in Odendorf Entdeckungen bei Lehrgrabungen der Universit\u00e4t Bonn Bei Lehrgrabungen wurden 2015 und 2019 in Odendorf Reste mehrerer Geb\u00e4ude untersucht, die sich\u2026","rel":"","context":"In &quot;Vortr\u00e4ge&quot;","block_context":{"text":"Vortr\u00e4ge","link":"http:\/\/www.av-rheinland.de\/index.php\/category\/vortrage\/"},"img":{"alt_text":"","src":"","width":0,"height":0},"classes":[]},{"id":410,"url":"http:\/\/www.av-rheinland.de\/index.php\/2018\/11\/17\/vortrag-6-12-2018-18-15-uhr-dr-jutta-stroszeck-athen-die-entdeckung-eines-orakelheiligtums-im-kerameikos-von-athen\/","url_meta":{"origin":342,"position":3},"title":"Vortrag 6.12.2018, 18.15 Uhr: Dr. Jutta Stroszeck (Athen), Die Entdeckung eines Orakelheiligtums im Kerameikos von Athen","author":"altertumsverein","date":"November 17, 2018","format":false,"excerpt":"Donnerstag 6. Dezember 2018, 18:15 Uhr Winckelmannsvortrag Dr. Jutta Stroszeck (Athen) Die Entdeckung eines Orakelheiligtums im Kerameikos von Athen H\u00f6rsaal des Akademischen Kunstmuseums Bonn, Am Hofgarten 21, 53113 Bonn Der Kerameikos von Athen, einer der antiken Friedh\u00f6fe der Stadt, wird seit mehr als einem Jahrhundert durch das Deutsche Arch\u00e4ologische Institut\u2026","rel":"","context":"In &quot;Vortr\u00e4ge&quot;","block_context":{"text":"Vortr\u00e4ge","link":"http:\/\/www.av-rheinland.de\/index.php\/category\/vortrage\/"},"img":{"alt_text":"","src":"","width":0,"height":0},"classes":[]},{"id":325,"url":"http:\/\/www.av-rheinland.de\/index.php\/2018\/07\/15\/vortrag-20-9-2018-18-uhr-dr-anita-rieche-koeln-roemisch-genug-fuer-das-publikum\/","url_meta":{"origin":342,"position":4},"title":"Vortrag 20.9.2018, 18 Uhr, Dr. Anita Rieche (K\u00f6ln) &#8211; R\u00f6misch genug f\u00fcr das Publikum","author":"altertumsverein","date":"Juli 15, 2018","format":false,"excerpt":"Donnerstag 20. September 2018, 18 Uhr\u00a0 Dr. Anita Rieche (K\u00f6ln) \u00bbR\u00f6misch genug f\u00fcr das Publikum\u00ab Statuen in Rekonstruktionen und Ausgrabungsst\u00e4tten H\u00f6rsaal des Akademischen Kunstmuseums Bonn, Am Hofgarten 21, 53113 Bonn Im Rahmen moderner architektonischer Inszenierungen und Rekonstruktionen der Antike werden zur Erl\u00e4uterung oder Versch\u00f6nerung Statuen aufgestellt. H\u00e4ufig kommen sie den\u2026","rel":"","context":"In &quot;Vortr\u00e4ge&quot;","block_context":{"text":"Vortr\u00e4ge","link":"http:\/\/www.av-rheinland.de\/index.php\/category\/vortrage\/"},"img":{"alt_text":"","src":"","width":0,"height":0},"classes":[]},{"id":91,"url":"http:\/\/www.av-rheinland.de\/index.php\/2017\/06\/11\/vortrag-27-4-2017-18-uhr-martin-guggisberg-kontakt-austausch-abwehr\/","url_meta":{"origin":342,"position":5},"title":"Vortrag: 27.4.2017, 18 Uhr Martin Guggisberg &#8211; Kontakt, Austausch, Abwehr","author":"altertumsverein","date":"Juni 11, 2017","format":false,"excerpt":"Donnerstag, 27. April 2017, 18 Uhr c.t. Martin Guggisberg (Universit\u00e4t Basel) H\u00f6rsaal des Akademischen Kunstmuseums Bonn, Am Hofgarten 21 Kontakt,\u00a0Austausch, Abwehr: Einheimische und Griechen im Spiegel der eisenzeitlichen\u00a0Nekropole von Francavilla Marittima bei Sybaris, Kalabrien Die am\u00a0Golf von Tarent gelegene eisenzeitliche Siedlung von Francavilla Marittima\u00a0spielt als Etappenort und Anlaufstelle von Seefahrern,\u2026","rel":"","context":"In &quot;Vortr\u00e4ge&quot;","block_context":{"text":"Vortr\u00e4ge","link":"http:\/\/www.av-rheinland.de\/index.php\/category\/vortrage\/"},"img":{"alt_text":"","src":"","width":0,"height":0},"classes":[]}],"_links":{"self":[{"href":"http:\/\/www.av-rheinland.de\/index.php\/wp-json\/wp\/v2\/posts\/342"}],"collection":[{"href":"http:\/\/www.av-rheinland.de\/index.php\/wp-json\/wp\/v2\/posts"}],"about":[{"href":"http:\/\/www.av-rheinland.de\/index.php\/wp-json\/wp\/v2\/types\/post"}],"author":[{"embeddable":true,"href":"http:\/\/www.av-rheinland.de\/index.php\/wp-json\/wp\/v2\/users\/1"}],"replies":[{"embeddable":true,"href":"http:\/\/www.av-rheinland.de\/index.php\/wp-json\/wp\/v2\/comments?post=342"}],"version-history":[{"count":1,"href":"http:\/\/www.av-rheinland.de\/index.php\/wp-json\/wp\/v2\/posts\/342\/revisions"}],"predecessor-version":[{"id":344,"href":"http:\/\/www.av-rheinland.de\/index.php\/wp-json\/wp\/v2\/posts\/342\/revisions\/344"}],"wp:attachment":[{"href":"http:\/\/www.av-rheinland.de\/index.php\/wp-json\/wp\/v2\/media?parent=342"}],"wp:term":[{"taxonomy":"category","embeddable":true,"href":"http:\/\/www.av-rheinland.de\/index.php\/wp-json\/wp\/v2\/categories?post=342"},{"taxonomy":"post_tag","embeddable":true,"href":"http:\/\/www.av-rheinland.de\/index.php\/wp-json\/wp\/v2\/tags?post=342"}],"curies":[{"name":"wp","href":"https:\/\/api.w.org\/{rel}","templated":true}]}}