{"id":300,"date":"2018-07-01T15:46:03","date_gmt":"2018-07-01T15:46:03","guid":{"rendered":"http:\/\/www.av-rheinland.de\/?p=300"},"modified":"2018-06-21T09:24:52","modified_gmt":"2018-06-21T09:24:52","slug":"vortrag-12-7-2018-prof-dr-michael-schmauder-bonn-welten-in-bewegung-vom-rhein-zum-schwarzen-meer","status":"publish","type":"post","link":"http:\/\/www.av-rheinland.de\/index.php\/2018\/07\/01\/vortrag-12-7-2018-prof-dr-michael-schmauder-bonn-welten-in-bewegung-vom-rhein-zum-schwarzen-meer\/","title":{"rendered":"Vortrag 12.7.2018, Prof. Dr. Michael Schmauder (Bonn) &#8211; Welten in Bewegung. Vom Rhein zum Schwarzen Meer"},"content":{"rendered":"<p><em>Donnerstag 12. Juli 2018, 18 Uhr<br \/>\n<\/em><\/p>\n<p>Prof. Dr. Michael Schmauder (Bonn)<br \/>\n<strong>Welten in Bewegung. V<\/strong><strong>om Rhein zum Schwarzen Meer<br \/>\n<\/strong>Europa am Beginn der V\u00f6lkerwanderung<\/p>\n<p>H\u00f6rsaal des Akademischen Kunstmuseums Bonn, Am Hofgarten 21,<br \/>\n53113 Bonn<\/p>\n<p>Im Jahr 2013 wurde auf einem Baugrundst\u00fcck in der Bonner K\u00f6lnstra\u00dfe ein sp\u00e4tantikes Gr\u00e4berfeld angeschnitten, das unweit der S\u00fcdwestecke des r\u00f6mischen Legionslagers angelegt wurde. Mehrere Beisetzungen enthielten Gegenst\u00e4nde, das eindeutig s\u00fcdosteurop\u00e4ische Bez\u00fcge aufweist. Das Fundgut dieser Bestattungen f\u00fchren in den Raum, wo die V\u00f6lkerwanderung ihren Ausgangspunkt nahm: das n\u00f6rdliche Schwarzmeergebiet. Den Protagonisten dieser historischen Vorg\u00e4nge und ihren arch\u00e4ologischen Hinterlassenschaften sp\u00fcrt der Vortrag nach.<\/p>\n","protected":false},"excerpt":{"rendered":"<p>Donnerstag 12. Juli 2018, 18 Uhr Prof. Dr. Michael Schmauder (Bonn) Welten in Bewegung. Vom Rhein zum Schwarzen Meer Europa am Beginn der V\u00f6lkerwanderung H\u00f6rsaal des Akademischen Kunstmuseums Bonn, Am Hofgarten 21, 53113 Bonn Im Jahr 2013 wurde auf einem Baugrundst\u00fcck in der Bonner K\u00f6lnstra\u00dfe ein sp\u00e4tantikes Gr\u00e4berfeld angeschnitten, das unweit der S\u00fcdwestecke des r\u00f6mischen &hellip; <\/p>\n<p class=\"link-more\"><a href=\"http:\/\/www.av-rheinland.de\/index.php\/2018\/07\/01\/vortrag-12-7-2018-prof-dr-michael-schmauder-bonn-welten-in-bewegung-vom-rhein-zum-schwarzen-meer\/\" class=\"more-link\"><span class=\"screen-reader-text\">\u201eVortrag 12.7.2018, Prof. Dr. Michael Schmauder (Bonn) &#8211; Welten in Bewegung. Vom Rhein zum Schwarzen Meer\u201c<\/span> weiterlesen<\/a><\/p>\n","protected":false},"author":1,"featured_media":0,"comment_status":"open","ping_status":"open","sticky":false,"template":"","format":"standard","meta":{"jetpack_post_was_ever_published":false,"_jetpack_newsletter_access":"","_jetpack_newsletter_tier_id":0,"jetpack_publicize_message":"","jetpack_is_tweetstorm":false,"jetpack_publicize_feature_enabled":true,"jetpack_social_post_already_shared":true,"jetpack_social_options":{"image_generator_settings":{"template":"highway","enabled":false}}},"categories":[3],"tags":[33],"jetpack_publicize_connections":[],"jetpack_featured_media_url":"","jetpack_sharing_enabled":true,"jetpack_shortlink":"https:\/\/wp.me\/p99Kwc-4Q","jetpack_likes_enabled":true,"jetpack-related-posts":[{"id":377,"url":"http:\/\/www.av-rheinland.de\/index.php\/2018\/06\/22\/oeffentliches-kolloquium-neues-aus-der-alten-welt-ii-neue-archaeologische-forschungen-in-koeln-und-bonn\/","url_meta":{"origin":300,"position":0},"title":"\u00d6ffentliches Kolloquium: Neues aus der Alten Welt II. Neue arch\u00e4ologische Forschungen in K\u00f6ln und Bonn","author":"altertumsverein","date":"Juni 22, 2018","format":false,"excerpt":"Am 30. Juni findet das \u00f6ffentliche Kolloquium Neues aus der Alten Welt II. Neue arch\u00e4ologische Forschungen in K\u00f6ln und Bonn in K\u00f6ln bei der Fritz Thyssen Stiftung statt. Organisiert wird das Kolloquium von VarI - dem Verbund der arch\u00e4ologischen Institute K\u00f6ln\/Bonn. Das\u00a0 Programm finden Sie weiter unten. Was ist VarI?\u2026","rel":"","context":"In &quot;Vortr\u00e4ge&quot;","block_context":{"text":"Vortr\u00e4ge","link":"http:\/\/www.av-rheinland.de\/index.php\/category\/vortrage\/"},"img":{"alt_text":"","src":"","width":0,"height":0},"classes":[]},{"id":133,"url":"http:\/\/www.av-rheinland.de\/index.php\/2017\/09\/07\/vortrag-28-9-2017-18-uhr-dr-manuela-mirschenz-bonn-der-rhein-als-europaische-verkehrsachse\/","url_meta":{"origin":300,"position":1},"title":"Vortrag: 28.9.2017, 18 Uhr &#8211; Dr. Manuela Mirschenz (Bonn), Der Rhein als europ\u00e4ische Verkehrsachse","author":"altertumsverein","date":"September 7, 2017","format":false,"excerpt":"Donnerstag, 28. September 2017, 18 Uhr c.t. Ort: H\u00f6rsaal des Akademischen Kunstmuseums Bonn, Am Hofgarten 21 Dr. Manuela Mirschenz (Bonn) Der Rhein als europ\u00e4ische Verkehrsachse Antike und mittelalterliche Flussh\u00e4fen gab es vielerorts, aber sie sind nur selten nachgewiesen. Das Verbundprojekt \"Der Rhein als europ\u00e4ische Verkehrsachse\" im DFG-Schwerpunktprogramm \"H\u00e4fen von der\u2026","rel":"","context":"In &quot;Vortr\u00e4ge&quot;","block_context":{"text":"Vortr\u00e4ge","link":"http:\/\/www.av-rheinland.de\/index.php\/category\/vortrage\/"},"img":{"alt_text":"","src":"","width":0,"height":0},"classes":[]},{"id":521,"url":"http:\/\/www.av-rheinland.de\/index.php\/2019\/11\/15\/vortrag-12-12-2019-1815-uhr-prof-dr-eric-moormann-heilige-bilder-botschaft-oder-dekoration\/","url_meta":{"origin":300,"position":2},"title":"Vortrag 12.12.2019, 18:15 Uhr Prof. Dr. Eric Moormann: Heilige Bilder: Botschaft oder Dekoration?","author":"altertumsverein","date":"November 15, 2019","format":false,"excerpt":"Donnerstag 12. Dezember 2019, 18:15 Uhr, Winckelmannsvortrag Prof. Dr. Eric Moormann (Universit\u00e4t Nimwegen) Heilige Bilder: Botschaft oder Dekoration? Die Wandmalerei der Synagoge von Dura Europos in Syrien H\u00f6rsaal des Akademischen Kunstmuseums Bonn, Am Hofgarten 21, 53113 Bonn Auf der Grundlage einer Zusammenstellung der gemalten Dekorationen antiker Heiligt\u00fcmer sollen die vieldiskutierten\u2026","rel":"","context":"In &quot;Vortr\u00e4ge&quot;","block_context":{"text":"Vortr\u00e4ge","link":"http:\/\/www.av-rheinland.de\/index.php\/category\/vortrage\/"},"img":{"alt_text":"","src":"","width":0,"height":0},"classes":[]},{"id":272,"url":"http:\/\/www.av-rheinland.de\/index.php\/2018\/02\/20\/vortragsreihe-zum-europaeischen-kulturerbejahr-2018-sharing-heritage\/","url_meta":{"origin":300,"position":3},"title":"Vortragsreihe zum Europ\u00e4ischen Kulturerbejahr 2018 (Sharing Heritage)","author":"altertumsverein","date":"Februar 20, 2018","format":false,"excerpt":"Im Fokus des Kulturerbejahres steht das Gemeinschaftliche und Verbindende europ\u00e4ischer Kultur. Gemeinsam werfen wir einen Blick auf unser kulturelles Erbe: Wo erkennen wir das europ\u00e4ische Erbe in unseren St\u00e4dten, D\u00f6rfern und Kulturlandschaften wieder? Was verbindet uns? Was wollen wir ver\u00e4ndern? Was k\u00f6nnen wir lernen? Was entdecken wir neu und \u00fcberrascht\u2026","rel":"","context":"In &quot;Vortr\u00e4ge&quot;","block_context":{"text":"Vortr\u00e4ge","link":"http:\/\/www.av-rheinland.de\/index.php\/category\/vortrage\/"},"img":{"alt_text":"Europ\u00c3\u00a4isches Kulturerbejahr 2018 - Sharing Heritage","src":"https:\/\/i0.wp.com\/www.av-rheinland.de\/wp-content\/uploads\/2018\/01\/SH_A4_wm_p_DEU-1024x723.jpg?resize=350%2C200","width":350,"height":200,"srcset":"https:\/\/i0.wp.com\/www.av-rheinland.de\/wp-content\/uploads\/2018\/01\/SH_A4_wm_p_DEU-1024x723.jpg?resize=350%2C200 1x, https:\/\/i0.wp.com\/www.av-rheinland.de\/wp-content\/uploads\/2018\/01\/SH_A4_wm_p_DEU-1024x723.jpg?resize=525%2C300 1.5x"},"classes":[]},{"id":1207,"url":"http:\/\/www.av-rheinland.de\/index.php\/2025\/01\/16\/vortrag-13-02-2025-1815-uhr-prof-toso-prof-rageot-dr-rosenstock-vom-boden-ins-labor\/","url_meta":{"origin":300,"position":4},"title":"&#8211; WIRD KRANKHEITSBEDINGT VERSCHOBEN &#8211; Vortrag 13.02.2025, 18:15 Uhr, Dr. Eva Rosenstock &#8211; Vom Boden ins Labor. Bioarch\u00e4ologie im Rheinland als Schl\u00fcssel zur Vergangenheit","author":"altertumsverein","date":"Januar 16, 2025","format":false,"excerpt":"Krankheitsbedingt muss der Vortrag um eine Woche auf Donnerstag, den 20. Februar 2025 , 18:15 Uhr verschoben werden. Bitte beachten Sie den Veranstaltungsort. Donnerstag, den 13. Februar 2025, 18:15 Uhr Vortragssaal des LVR-LandesMuseums Bonn, Colmantstra\u00dfe 14\u201316 Dr. Eva Rosenstock (Universit\u00e4t Bonn, Bonn Center for ArchaeoSciences) Vom Boden ins Labor Bioarch\u00e4ologie\u2026","rel":"","context":"In &quot;Vortr\u00e4ge&quot;","block_context":{"text":"Vortr\u00e4ge","link":"http:\/\/www.av-rheinland.de\/index.php\/category\/vortrage\/"},"img":{"alt_text":"","src":"https:\/\/i0.wp.com\/www.av-rheinland.de\/wp-content\/uploads\/2025\/02\/Picture1.png?resize=350%2C200","width":350,"height":200},"classes":[]},{"id":1098,"url":"http:\/\/www.av-rheinland.de\/index.php\/2024\/01\/24\/vortrag-22-02-2024-1815-uhr-prof-dr-salvatore-ortisi-neues-zur-varusschlacht\/","url_meta":{"origin":300,"position":5},"title":"Vortrag 22.02.2024, 18:15 Uhr Prof. Dr. Salvatore Ortisi, Neues zur Varusschlacht","author":"altertumsverein","date":"Januar 24, 2024","format":false,"excerpt":"Donnerstag, den 22. Februar 2024, 18:15 Uhr H\u00f6rsaal der Klassischen Arch\u00e4ologie, AVZ III, R\u00f6merstra\u00dfe 164, Bonn Prof. Dr. Salvatore Ortisi (M\u00fcnchen)\u00a0 Neues zur Varusschlacht Die Ausgrabungen in Kalkriese 2016 bis 2020 Der Aufbau r\u00f6mischer Herrschaftsstrukturen im rechtsrheinischen Germanien fand 9 n.\u00a0Chr. mit dem Untergang des Statthalters Varus und seiner Armee\u2026","rel":"","context":"In &quot;Vortr\u00e4ge&quot;","block_context":{"text":"Vortr\u00e4ge","link":"http:\/\/www.av-rheinland.de\/index.php\/category\/vortrage\/"},"img":{"alt_text":"","src":"https:\/\/i0.wp.com\/www.av-rheinland.de\/wp-content\/uploads\/2023\/11\/image001-300x202.jpg?resize=350%2C200","width":350,"height":200},"classes":[]}],"_links":{"self":[{"href":"http:\/\/www.av-rheinland.de\/index.php\/wp-json\/wp\/v2\/posts\/300"}],"collection":[{"href":"http:\/\/www.av-rheinland.de\/index.php\/wp-json\/wp\/v2\/posts"}],"about":[{"href":"http:\/\/www.av-rheinland.de\/index.php\/wp-json\/wp\/v2\/types\/post"}],"author":[{"embeddable":true,"href":"http:\/\/www.av-rheinland.de\/index.php\/wp-json\/wp\/v2\/users\/1"}],"replies":[{"embeddable":true,"href":"http:\/\/www.av-rheinland.de\/index.php\/wp-json\/wp\/v2\/comments?post=300"}],"version-history":[{"count":4,"href":"http:\/\/www.av-rheinland.de\/index.php\/wp-json\/wp\/v2\/posts\/300\/revisions"}],"predecessor-version":[{"id":328,"href":"http:\/\/www.av-rheinland.de\/index.php\/wp-json\/wp\/v2\/posts\/300\/revisions\/328"}],"wp:attachment":[{"href":"http:\/\/www.av-rheinland.de\/index.php\/wp-json\/wp\/v2\/media?parent=300"}],"wp:term":[{"taxonomy":"category","embeddable":true,"href":"http:\/\/www.av-rheinland.de\/index.php\/wp-json\/wp\/v2\/categories?post=300"},{"taxonomy":"post_tag","embeddable":true,"href":"http:\/\/www.av-rheinland.de\/index.php\/wp-json\/wp\/v2\/tags?post=300"}],"curies":[{"name":"wp","href":"https:\/\/api.w.org\/{rel}","templated":true}]}}