{"id":262,"date":"2018-03-17T09:33:08","date_gmt":"2018-03-17T09:33:08","guid":{"rendered":"http:\/\/www.av-rheinland.de\/?p=262"},"modified":"2018-01-30T09:35:00","modified_gmt":"2018-01-30T09:35:00","slug":"vortrag-19-4-2018-18-uhr-prof-dr-michael-sommer-oldenburg-die-oasenstadt-als-global-player","status":"publish","type":"post","link":"http:\/\/www.av-rheinland.de\/index.php\/2018\/03\/17\/vortrag-19-4-2018-18-uhr-prof-dr-michael-sommer-oldenburg-die-oasenstadt-als-global-player\/","title":{"rendered":"Vortrag 19.4.2018, 18 Uhr, Prof. Dr. Michael Sommer (Oldenburg) &#8211; Die Oasenstadt als Global Player"},"content":{"rendered":"<p><em>Donnerstag 19. April 2018, 18 Uhr<\/em><\/p>\n<p>Prof. Dr. Michael Sommer (Oldenburg)<br \/>\n<strong>Die Oasenstadt als Global Player\u00a0<\/strong><br \/>\nH\u00f6rsaal des Akademischen Kunstmuseums Bonn, Am Hofgarten 21<\/p>\n<p>Beschreibung folgt<\/p>\n","protected":false},"excerpt":{"rendered":"<p>Donnerstag 19. April 2018, 18 Uhr Prof. Dr. Michael Sommer (Oldenburg) Die Oasenstadt als Global Player\u00a0 H\u00f6rsaal des Akademischen Kunstmuseums Bonn, Am Hofgarten 21 Beschreibung folgt<\/p>\n","protected":false},"author":1,"featured_media":0,"comment_status":"open","ping_status":"open","sticky":false,"template":"","format":"standard","meta":{"jetpack_post_was_ever_published":false,"_jetpack_newsletter_access":"","_jetpack_newsletter_tier_id":0,"jetpack_publicize_message":"","jetpack_is_tweetstorm":false,"jetpack_publicize_feature_enabled":true,"jetpack_social_post_already_shared":true,"jetpack_social_options":{"image_generator_settings":{"template":"highway","enabled":false}}},"categories":[3],"tags":[24,23],"jetpack_publicize_connections":[],"jetpack_featured_media_url":"","jetpack_sharing_enabled":true,"jetpack_shortlink":"https:\/\/wp.me\/p99Kwc-4e","jetpack_likes_enabled":true,"jetpack-related-posts":[{"id":300,"url":"http:\/\/www.av-rheinland.de\/index.php\/2018\/07\/01\/vortrag-12-7-2018-prof-dr-michael-schmauder-bonn-welten-in-bewegung-vom-rhein-zum-schwarzen-meer\/","url_meta":{"origin":262,"position":0},"title":"Vortrag 12.7.2018, Prof. Dr. Michael Schmauder (Bonn) &#8211; Welten in Bewegung. Vom Rhein zum Schwarzen Meer","author":"altertumsverein","date":"Juli 1, 2018","format":false,"excerpt":"Donnerstag 12. Juli 2018, 18 Uhr Prof. Dr. Michael Schmauder (Bonn) Welten in Bewegung. Vom Rhein zum Schwarzen Meer Europa am Beginn der V\u00f6lkerwanderung H\u00f6rsaal des Akademischen Kunstmuseums Bonn, Am Hofgarten 21, 53113 Bonn Im Jahr 2013 wurde auf einem Baugrundst\u00fcck in der Bonner K\u00f6lnstra\u00dfe ein sp\u00e4tantikes Gr\u00e4berfeld angeschnitten, das\u2026","rel":"","context":"In &quot;Vortr\u00e4ge&quot;","block_context":{"text":"Vortr\u00e4ge","link":"http:\/\/www.av-rheinland.de\/index.php\/category\/vortrage\/"},"img":{"alt_text":"","src":"","width":0,"height":0},"classes":[]},{"id":260,"url":"http:\/\/www.av-rheinland.de\/index.php\/2018\/01\/30\/vortrag-22-2-2018-18-uhr-alexander-heising-freiburg-neue-forschungen-zum-legionslager-von-mainz\/","url_meta":{"origin":262,"position":1},"title":"Vortrag 22.2.2018, 18 Uhr, Prof. Dr. Alexander Heising (Freiburg) &#8211; Neue Forschungen zum Legionslager von Mainz","author":"altertumsverein","date":"Januar 30, 2018","format":false,"excerpt":"Donnerstag 22. Februar 2018, 18 Uhr Prof. Dr. Alexander Heising (Freiburg) Neue Forschungen zum Legionslager von Mainz H\u00f6rsaal des Akademischen Kunstmuseums Bonn, Am Hofgarten 21 Das Legionslager von Mainz wurde im Zuge der augusteischen Germanienkriege gegr\u00fcndet und war fast vier Jahrhunderte einer der wichtigsten Milit\u00e4rpl\u00e4tze am Rhein. Konkret wissen wir\u2026","rel":"","context":"In &quot;Vortr\u00e4ge&quot;","block_context":{"text":"Vortr\u00e4ge","link":"http:\/\/www.av-rheinland.de\/index.php\/category\/vortrage\/"},"img":{"alt_text":"Bild: Legionslager Mainz, sogenannter Soldatensockel mit Legion\u00e4ren. Reliefblock aus dem Umfeld der Zentralbauten (?), als Spolie in der sp\u00e4tantiken Stadtmauer verbaut. Landesmuseum Mainz, Foto Alexander Heising.","src":"https:\/\/i0.wp.com\/www.av-rheinland.de\/wp-content\/uploads\/2018\/01\/Mainz_Soldatensockel_2.jpg?resize=350%2C200","width":350,"height":200,"srcset":"https:\/\/i0.wp.com\/www.av-rheinland.de\/wp-content\/uploads\/2018\/01\/Mainz_Soldatensockel_2.jpg?resize=350%2C200 1x, https:\/\/i0.wp.com\/www.av-rheinland.de\/wp-content\/uploads\/2018\/01\/Mainz_Soldatensockel_2.jpg?resize=525%2C300 1.5x, https:\/\/i0.wp.com\/www.av-rheinland.de\/wp-content\/uploads\/2018\/01\/Mainz_Soldatensockel_2.jpg?resize=700%2C400 2x"},"classes":[]},{"id":264,"url":"http:\/\/www.av-rheinland.de\/index.php\/2018\/05\/18\/vortrag-21-6-2018-18-uhr-prof-dr-marietta-horster-mainz-augustus-erinnerung-an-augustus-auf-stadtroemischen-muenzen-der-kaiserzeit\/","url_meta":{"origin":262,"position":2},"title":"Vortrag 21.6.2018, 18 Uhr, Prof. Dr. Marietta Horster (Mainz) &#8211; Augustus? Erinnerung an Augustus auf stadtr\u00f6mischen M\u00fcnzen der Kaiserzeit","author":"altertumsverein","date":"Mai 18, 2018","format":false,"excerpt":"Donnerstag 21. Juni 2018, 18 Uhr Prof. Dr. Marietta Horster (Mainz) Augustus? Erinnerung an Augustus auf stadtr\u00f6mischen M\u00fcnzen der Kaiserzeit H\u00f6rsaal des Akademischen Kunstmuseums Bonn, Am Hofgarten 21 Die moderne Forschung hat einige deutliche und noch mehr versteckte Hinweise auf Augustus in der sp\u00e4teren kaiserzeitlichen M\u00fcnzpr\u00e4gung entdeckt: Mal ist es\u2026","rel":"","context":"In &quot;Vortr\u00e4ge&quot;","block_context":{"text":"Vortr\u00e4ge","link":"http:\/\/www.av-rheinland.de\/index.php\/category\/vortrage\/"},"img":{"alt_text":"","src":"","width":0,"height":0},"classes":[]},{"id":503,"url":"http:\/\/www.av-rheinland.de\/index.php\/2019\/09\/17\/vortrag-19-9-2019-1815-uhr-dr-michael-mueller-karpe-vom-handel-mit-antiken-zweifelhafter-herkunft\/","url_meta":{"origin":262,"position":3},"title":"Vortrag 19.9.2019, 18:15 Uhr: Dr. Michael M\u00fcller-Karpe &#8211; Vom Handel mit Antiken zweifelhafter Herkunft","author":"altertumsverein","date":"September 17, 2019","format":false,"excerpt":"Donnerstag 19. September 2019, 18:15 Uhr Dr. Michael M\u00fcller-Karpe (R\u00f6misch-Germanisches Zentralmuseum Mainz) Vom Handel mit Antiken zweifelhafter Herkunft Die Zerst\u00f6rung einer Erkenntnisquelle H\u00f6rsaal des Akademischen Kunstmuseums Bonn, Am Hofgarten 21, 53113 Bonn Arch\u00e4ologen und Kriminalisten nutzen \u00e4hnliche Methoden, um aus erhaltenen Spuren Erkenntnisse \u00fcber Ereignisse der Vergangenheit zu gewinnen. Sie\u2026","rel":"","context":"In &quot;Vortr\u00e4ge&quot;","block_context":{"text":"Vortr\u00e4ge","link":"http:\/\/www.av-rheinland.de\/index.php\/category\/vortrage\/"},"img":{"alt_text":"","src":"https:\/\/i0.wp.com\/www.av-rheinland.de\/wp-content\/uploads\/2019\/07\/Zabalam5-1024x667.jpg?resize=350%2C200","width":350,"height":200,"srcset":"https:\/\/i0.wp.com\/www.av-rheinland.de\/wp-content\/uploads\/2019\/07\/Zabalam5-1024x667.jpg?resize=350%2C200 1x, https:\/\/i0.wp.com\/www.av-rheinland.de\/wp-content\/uploads\/2019\/07\/Zabalam5-1024x667.jpg?resize=525%2C300 1.5x"},"classes":[]},{"id":1098,"url":"http:\/\/www.av-rheinland.de\/index.php\/2024\/01\/24\/vortrag-22-02-2024-1815-uhr-prof-dr-salvatore-ortisi-neues-zur-varusschlacht\/","url_meta":{"origin":262,"position":4},"title":"Vortrag 22.02.2024, 18:15 Uhr Prof. Dr. Salvatore Ortisi, Neues zur Varusschlacht","author":"altertumsverein","date":"Januar 24, 2024","format":false,"excerpt":"Donnerstag, den 22. Februar 2024, 18:15 Uhr H\u00f6rsaal der Klassischen Arch\u00e4ologie, AVZ III, R\u00f6merstra\u00dfe 164, Bonn Prof. Dr. Salvatore Ortisi (M\u00fcnchen)\u00a0 Neues zur Varusschlacht Die Ausgrabungen in Kalkriese 2016 bis 2020 Der Aufbau r\u00f6mischer Herrschaftsstrukturen im rechtsrheinischen Germanien fand 9 n.\u00a0Chr. mit dem Untergang des Statthalters Varus und seiner Armee\u2026","rel":"","context":"In &quot;Vortr\u00e4ge&quot;","block_context":{"text":"Vortr\u00e4ge","link":"http:\/\/www.av-rheinland.de\/index.php\/category\/vortrage\/"},"img":{"alt_text":"","src":"https:\/\/i0.wp.com\/www.av-rheinland.de\/wp-content\/uploads\/2023\/11\/image001-300x202.jpg?resize=350%2C200","width":350,"height":200},"classes":[]},{"id":1266,"url":"http:\/\/www.av-rheinland.de\/index.php\/2025\/03\/17\/vortrag-24-04-2025-1815-uhr-prof-dr-eckhard-wirbelauer-der-28-oktober-312-und-seine-folgen-eine-wende-in-rom\/","url_meta":{"origin":262,"position":5},"title":"Vortrag 24.04.2025, 18:15 Uhr, Prof. Dr. Eckhard Wirbelauer &#8211; Der 28. Oktober 312 und seine Folgen: Eine Wende in Rom","author":"altertumsverein","date":"M\u00e4rz 17, 2025","format":false,"excerpt":"Donnerstag, den 24. April 2025, 18:15 Uhr H\u00f6rsaal der Klassischen Arch\u00e4ologie, AVZ III, R\u00f6merstra\u00dfe 164, Bonn Prof. Dr. Eckhard Wirbelauer (Universit\u00e4t Strasbourg) Der 28. Oktober 312 und seine Folgen Eine Wende in Rom Als Maxentius an der Milvischen Br\u00fccke Schlacht und Leben verlor, brach f\u00fcr die R\u00f6mer eine Welt zusammen,\u2026","rel":"","context":"In &quot;Vortr\u00e4ge&quot;","block_context":{"text":"Vortr\u00e4ge","link":"http:\/\/www.av-rheinland.de\/index.php\/category\/vortrage\/"},"img":{"alt_text":"","src":"https:\/\/i0.wp.com\/www.av-rheinland.de\/wp-content\/uploads\/2025\/03\/Konstantinsbogen_vom_Kolosseum-300x237.jpg?resize=350%2C200","width":350,"height":200},"classes":[]}],"_links":{"self":[{"href":"http:\/\/www.av-rheinland.de\/index.php\/wp-json\/wp\/v2\/posts\/262"}],"collection":[{"href":"http:\/\/www.av-rheinland.de\/index.php\/wp-json\/wp\/v2\/posts"}],"about":[{"href":"http:\/\/www.av-rheinland.de\/index.php\/wp-json\/wp\/v2\/types\/post"}],"author":[{"embeddable":true,"href":"http:\/\/www.av-rheinland.de\/index.php\/wp-json\/wp\/v2\/users\/1"}],"replies":[{"embeddable":true,"href":"http:\/\/www.av-rheinland.de\/index.php\/wp-json\/wp\/v2\/comments?post=262"}],"version-history":[{"count":1,"href":"http:\/\/www.av-rheinland.de\/index.php\/wp-json\/wp\/v2\/posts\/262\/revisions"}],"predecessor-version":[{"id":263,"href":"http:\/\/www.av-rheinland.de\/index.php\/wp-json\/wp\/v2\/posts\/262\/revisions\/263"}],"wp:attachment":[{"href":"http:\/\/www.av-rheinland.de\/index.php\/wp-json\/wp\/v2\/media?parent=262"}],"wp:term":[{"taxonomy":"category","embeddable":true,"href":"http:\/\/www.av-rheinland.de\/index.php\/wp-json\/wp\/v2\/categories?post=262"},{"taxonomy":"post_tag","embeddable":true,"href":"http:\/\/www.av-rheinland.de\/index.php\/wp-json\/wp\/v2\/tags?post=262"}],"curies":[{"name":"wp","href":"https:\/\/api.w.org\/{rel}","templated":true}]}}