{"id":1328,"date":"2025-09-25T20:00:20","date_gmt":"2025-09-25T20:00:20","guid":{"rendered":"https:\/\/www.av-rheinland.de\/?p=1328"},"modified":"2025-09-10T13:48:20","modified_gmt":"2025-09-10T13:48:20","slug":"vortrag-30-10-2025-1815-uhr-pd-dr-christoph-michels-marc-aurel-in-seinen-briefen","status":"publish","type":"post","link":"http:\/\/www.av-rheinland.de\/index.php\/2025\/09\/25\/vortrag-30-10-2025-1815-uhr-pd-dr-christoph-michels-marc-aurel-in-seinen-briefen\/","title":{"rendered":"Vortrag 30.10.2025, 18:15 Uhr, PD Dr. Christoph Michels &#8211; Marc Aurel in seinen Briefen"},"content":{"rendered":"<p><strong>Donnerstag, den 30. Oktober 2025, 18:15 Uhr<\/strong><\/p>\n<p>Vortragssaal des LVR-LandesMuseums Bonn, Colmantstra\u00dfe 14\u201316<\/p>\n<p><em><strong>PD Dr. Christoph Michels (M\u00fcnster)<\/strong><\/em><\/p>\n<h1>Marc Aurel in seinen Briefen<\/h1>\n<p>Vom \u201aPrinzen\u2018 zum Kaiser<\/p>\n<p>Der \u201ePhilosophenkaiser\u201c Marc Aurel sticht unter den r\u00f6mischen Principes auch deswegen hervor, da zu ihm gleich zwei einzigartige Quellen vorliegen: seine Selbstbetrachtungen und die Briefe, die Marcus mit seinem Rhetoriklehrer M. Cornelius Fronto zun\u00e4chst als Sch\u00fcler und \u201aPrinz\u2018, dann als Herrscher austauschte. Beide Quellen erm\u00f6glichen auf den ersten Blick einen \u00fcberaus \u201aprivaten\u2018 Zugriff auf die Person des Kaisers. Wie sein \u201aphilosophisches Tagebuch\u2018, muss jedoch auch seine \u00fcber ein Vierteljahrhundert reichende Korrespondenz genau interpretiert werden, um belastbare Aussagen f\u00fcr die Entwicklung des Kaisers gewinnen zu k\u00f6nnen.<\/p>\n<p><img data-attachment-id=\"1331\" data-permalink=\"http:\/\/www.av-rheinland.de\/index.php\/2025\/09\/25\/vortrag-30-10-2025-1815-uhr-pd-dr-christoph-michels-marc-aurel-in-seinen-briefen\/marc-aurel\/\" data-orig-file=\"https:\/\/i0.wp.com\/www.av-rheinland.de\/wp-content\/uploads\/2025\/08\/Marc-Aurel.jpg?fit=1628%2C1262\" data-orig-size=\"1628,1262\" data-comments-opened=\"1\" data-image-meta=\"{&quot;aperture&quot;:&quot;0&quot;,&quot;credit&quot;:&quot;&quot;,&quot;camera&quot;:&quot;&quot;,&quot;caption&quot;:&quot;&quot;,&quot;created_timestamp&quot;:&quot;0&quot;,&quot;copyright&quot;:&quot;&quot;,&quot;focal_length&quot;:&quot;0&quot;,&quot;iso&quot;:&quot;0&quot;,&quot;shutter_speed&quot;:&quot;0&quot;,&quot;title&quot;:&quot;&quot;,&quot;orientation&quot;:&quot;0&quot;}\" data-image-title=\"Marc Aurel\" data-image-description=\"\" data-image-caption=\"\" data-medium-file=\"https:\/\/i0.wp.com\/www.av-rheinland.de\/wp-content\/uploads\/2025\/08\/Marc-Aurel.jpg?fit=300%2C233\" data-large-file=\"https:\/\/i0.wp.com\/www.av-rheinland.de\/wp-content\/uploads\/2025\/08\/Marc-Aurel.jpg?fit=525%2C407\" decoding=\"async\" loading=\"lazy\" class=\"alignnone size-medium wp-image-1331\" src=\"https:\/\/i0.wp.com\/www.av-rheinland.de\/wp-content\/uploads\/2025\/08\/Marc-Aurel.jpg?resize=300%2C233\" alt=\"\" width=\"300\" height=\"233\" srcset=\"https:\/\/i0.wp.com\/www.av-rheinland.de\/wp-content\/uploads\/2025\/08\/Marc-Aurel.jpg?resize=300%2C233 300w, https:\/\/i0.wp.com\/www.av-rheinland.de\/wp-content\/uploads\/2025\/08\/Marc-Aurel.jpg?resize=1024%2C794 1024w, https:\/\/i0.wp.com\/www.av-rheinland.de\/wp-content\/uploads\/2025\/08\/Marc-Aurel.jpg?resize=768%2C595 768w, https:\/\/i0.wp.com\/www.av-rheinland.de\/wp-content\/uploads\/2025\/08\/Marc-Aurel.jpg?resize=1536%2C1191 1536w, https:\/\/i0.wp.com\/www.av-rheinland.de\/wp-content\/uploads\/2025\/08\/Marc-Aurel.jpg?w=1628 1628w\" sizes=\"(max-width: 300px) 100vw, 300px\" data-recalc-dims=\"1\" \/><\/p>\n","protected":false},"excerpt":{"rendered":"<p>Donnerstag, den 30. Oktober 2025, 18:15 Uhr Vortragssaal des LVR-LandesMuseums Bonn, Colmantstra\u00dfe 14\u201316 PD Dr. Christoph Michels (M\u00fcnster) Marc Aurel in seinen Briefen Vom \u201aPrinzen\u2018 zum Kaiser Der \u201ePhilosophenkaiser\u201c Marc Aurel sticht unter den r\u00f6mischen Principes auch deswegen hervor, da zu ihm gleich zwei einzigartige Quellen vorliegen: seine Selbstbetrachtungen und die Briefe, die Marcus mit &hellip; <\/p>\n<p class=\"link-more\"><a href=\"http:\/\/www.av-rheinland.de\/index.php\/2025\/09\/25\/vortrag-30-10-2025-1815-uhr-pd-dr-christoph-michels-marc-aurel-in-seinen-briefen\/\" class=\"more-link\"><span class=\"screen-reader-text\">\u201eVortrag 30.10.2025, 18:15 Uhr, PD Dr. Christoph Michels &#8211; Marc Aurel in seinen Briefen\u201c<\/span> weiterlesen<\/a><\/p>\n","protected":false},"author":1,"featured_media":0,"comment_status":"open","ping_status":"open","sticky":false,"template":"","format":"standard","meta":{"jetpack_post_was_ever_published":false,"_jetpack_newsletter_access":"","_jetpack_newsletter_tier_id":0,"jetpack_publicize_message":"","jetpack_is_tweetstorm":false,"jetpack_publicize_feature_enabled":true,"jetpack_social_post_already_shared":true,"jetpack_social_options":{"image_generator_settings":{"template":"highway","enabled":false}}},"categories":[3],"tags":[],"jetpack_publicize_connections":[],"jetpack_featured_media_url":"","jetpack_sharing_enabled":true,"jetpack_shortlink":"https:\/\/wp.me\/p99Kwc-lq","jetpack_likes_enabled":true,"jetpack-related-posts":[{"id":1317,"url":"http:\/\/www.av-rheinland.de\/index.php\/2025\/07\/11\/vortrag-25-09-2025-1815-uhr-helena-huber-m-a-mark-aurel-kaiser-feldherr-und-philosoph-im-blick-der-trierer-landesausstellung-2025\/","url_meta":{"origin":1328,"position":0},"title":"Vortrag 25.09.2025, 18:15 Uhr, Helena Huber M.A. &#8211; Mark Aurel  Kaiser, Feldherr und Philosoph im Blick der Trierer Landesausstellung 2025","author":"altertumsverein","date":"Juli 11, 2025","format":false,"excerpt":"Donnerstag, den 25. September 2025, 18:15 Uhr Vortragssaal im LVR-Landesmuseum Bonn, Colmantstra\u00dfe 14-16 Helena Huber M.A. (Rheinisches Landesmuseum Trier) Mark Aurel Kaiser, Feldherr und Philosoph im Blick der Trierer Landesausstellung 2025 Vom 15. Juni bis zum 23. November 2025 findet die rheinland-pf\u00e4lzische Landesausstellung \u201eMarc Aurel\u201c in Trier statt. In zwei\u2026","rel":"","context":"\u00c4hnlicher Beitrag","block_context":{"text":"\u00c4hnlicher Beitrag","link":""},"img":{"alt_text":"","src":"https:\/\/i0.wp.com\/www.av-rheinland.de\/wp-content\/uploads\/2025\/08\/1_Plakat_Landesausstellung_Marc_Aurel_2025.jpg?resize=350%2C200","width":350,"height":200},"classes":[]},{"id":496,"url":"http:\/\/www.av-rheinland.de\/index.php\/2019\/06\/11\/vortrag-27-6-2019-1815-uhr-prof-dr-heinrich-schlange-schoeningen-galen-von-pergamon-und-mark-aurel\/","url_meta":{"origin":1328,"position":1},"title":"Vortrag 27.6.2019, 18:15 Uhr: Prof. Dr. Heinrich Schlange-Sch\u00f6ningen &#8211; Galen von Pergamon und Mark Aurel","author":"altertumsverein","date":"Juni 11, 2019","format":false,"excerpt":"Donnerstag 27. Juni 2019, 18:15 Uhr Prof. Dr. Heinrich Schlange-Sch\u00f6ningen (Universit\u00e4t des Saarlandes, Saarbr\u00fccken) Galen von Pergamon und Mark Aurel H\u00f6rsaal des Akademischen Kunstmuseums Bonn, Am Hofgarten 21, 53113 Bonn Galen kam nach langen Studienjahren und ersten \u00e4rztlichen Erfahrungen in Pergamon um 160 n. Chr. nach Rom, wo er aufsehenerregende\u2026","rel":"","context":"In &quot;Vortr\u00e4ge&quot;","block_context":{"text":"Vortr\u00e4ge","link":"http:\/\/www.av-rheinland.de\/index.php\/category\/vortrage\/"},"img":{"alt_text":"","src":"","width":0,"height":0},"classes":[]},{"id":950,"url":"http:\/\/www.av-rheinland.de\/index.php\/2023\/05\/08\/vortrag-11-05-2023-1800-uhr-michel-redde-die-gliederung-roemischer-legionslager-von-der-republik-zum-fruehen-prinzipat\/","url_meta":{"origin":1328,"position":2},"title":"Vortrag 11.05.2023, 18:00 Uhr Michel Redd\u00e9, Die Gliederung r\u00f6mischer Legionslager. Von der Republik zum fr\u00fchen Prinzipat.","author":"altertumsverein","date":"Mai 8, 2023","format":false,"excerpt":"Donnerstag, den 11. Mai 2023, 18:15 Uhr LVR-LandesMuseum Colmantstra\u00dfe 18, 53115 Bonn Michel Redd\u00e9 (Emeritus der \u00c9cole pratique des hautes \u00e9tudes, Paris u. a.) Die Gliederung r\u00f6mischer Legionslager. Von der Republik zum fr\u00fchen Prinzipat. Neue Forschungen haben das Bild von den fr\u00fchen r\u00f6mischen Legionslagern und ihren Funktionen ver\u00e4ndert. Der Vortag\u2026","rel":"","context":"In &quot;Vortr\u00e4ge&quot;","block_context":{"text":"Vortr\u00e4ge","link":"http:\/\/www.av-rheinland.de\/index.php\/category\/vortrage\/"},"img":{"alt_text":"","src":"","width":0,"height":0},"classes":[]},{"id":1271,"url":"http:\/\/www.av-rheinland.de\/index.php\/2025\/04\/24\/vortrag-15-05-2025-1815-uhr-pd-dr-chiara-blasetti-fantauzzi-die-sakrale-topographie-von-erice\/","url_meta":{"origin":1328,"position":3},"title":"Vortrag 15.05.2025, 18:15 Uhr, PD Dr. Chiara Blasetti Fantauzzi &#8211; Die sakrale Topographie von Erice","author":"altertumsverein","date":"April 24, 2025","format":false,"excerpt":"Donnerstag, den 15. Mai 2025, 18:15 Uhr H\u00f6rsaal der Klassischen Arch\u00e4ologie, AVZ III, R\u00f6merstra\u00dfe 164, Bonn PD Dr. Chiara Blasetti Fantauzzi (Freie Universit\u00e4t Berlin) Die sakrale Topographie von Erice Neue Untersuchungen in den Heiligt\u00fcmern der Aphrodite und Demeter Die antike Stadt Eryx (heute Erice) in Westsizilien ist insbesondere f\u00fcr ihr\u2026","rel":"","context":"In &quot;Vortr\u00e4ge&quot;","block_context":{"text":"Vortr\u00e4ge","link":"http:\/\/www.av-rheinland.de\/index.php\/category\/vortrage\/"},"img":{"alt_text":"","src":"","width":0,"height":0},"classes":[]},{"id":718,"url":"http:\/\/www.av-rheinland.de\/index.php\/2022\/01\/21\/vortrag-10-2-2022-1815-uhr-gunnar-seelentag-feindschaft-opposition-konkurrenz\/","url_meta":{"origin":1328,"position":4},"title":"Vortrag 10.2.2022, 18:15 Uhr Gunnar Seelentag, Feindschaft &#8211; Opposition &#8211; Konkurrenz?","author":"altertumsverein","date":"Januar 21, 2022","format":false,"excerpt":"Donnerstag 10. Februar 2022, 18:15 Uhr Prof. Dr. Gunnar Seelentag (Universit\u00e4t Hannover) Anschrift: R\u00f6merstra\u00dfe 164, AVZ-III, 53117 Bonn Feindschaft \u2013 Opposition \u2013 Konkurrenz? Ein neues Konzept des Verh\u00e4ltnisses von Senatoren und Monarchen im fr\u00fchen Prinzipat Anders als die Dauer des r\u00f6mischen Prinzipats es vermuten l\u00e4sst, war die Stellung der einzelnen\u2026","rel":"","context":"In &quot;Vortr\u00e4ge&quot;","block_context":{"text":"Vortr\u00e4ge","link":"http:\/\/www.av-rheinland.de\/index.php\/category\/vortrage\/"},"img":{"alt_text":"","src":"","width":0,"height":0},"classes":[]},{"id":1126,"url":"http:\/\/www.av-rheinland.de\/index.php\/2024\/04\/11\/vortrag-16-05-2024-1815-uhr-dr-simone-michel-von-dungern-zeugnisse-der-antike\/","url_meta":{"origin":1328,"position":5},"title":"Vortrag 16.05.2024, 18:15 Uhr, Dr. Simone Michel &#8211; von Dungern, Zeugnisse der Antike?","author":"altertumsverein","date":"April 11, 2024","format":false,"excerpt":"Donnerstag, den 16. Mai 2024, 18:15 Uhr H\u00f6rsaal der Klassischen Arch\u00e4ologie, AVZ III, R\u00f6merstra\u00dfe 164, Bonn Dr. Simone Michel\u00a0- von Dungern (Marktbreit) Zeugnisse der Antike? Zur Problematik der Kategorisierung magischer Gemmen Als \u203amagische Gemmen\u2039 bezeichnet man positiv geschnittene Halbedelsteine, die eng mit dem antiken Amulett- und Zauberwesen korrespondieren. Sie zeigen\u2026","rel":"","context":"In &quot;Vortr\u00e4ge&quot;","block_context":{"text":"Vortr\u00e4ge","link":"http:\/\/www.av-rheinland.de\/index.php\/category\/vortrage\/"},"img":{"alt_text":"","src":"https:\/\/i0.wp.com\/www.av-rheinland.de\/wp-content\/uploads\/2024\/02\/Neu_Baltimore_Michel_Bonn-300x216.jpg?resize=350%2C200","width":350,"height":200},"classes":[]}],"_links":{"self":[{"href":"http:\/\/www.av-rheinland.de\/index.php\/wp-json\/wp\/v2\/posts\/1328"}],"collection":[{"href":"http:\/\/www.av-rheinland.de\/index.php\/wp-json\/wp\/v2\/posts"}],"about":[{"href":"http:\/\/www.av-rheinland.de\/index.php\/wp-json\/wp\/v2\/types\/post"}],"author":[{"embeddable":true,"href":"http:\/\/www.av-rheinland.de\/index.php\/wp-json\/wp\/v2\/users\/1"}],"replies":[{"embeddable":true,"href":"http:\/\/www.av-rheinland.de\/index.php\/wp-json\/wp\/v2\/comments?post=1328"}],"version-history":[{"count":4,"href":"http:\/\/www.av-rheinland.de\/index.php\/wp-json\/wp\/v2\/posts\/1328\/revisions"}],"predecessor-version":[{"id":1336,"href":"http:\/\/www.av-rheinland.de\/index.php\/wp-json\/wp\/v2\/posts\/1328\/revisions\/1336"}],"wp:attachment":[{"href":"http:\/\/www.av-rheinland.de\/index.php\/wp-json\/wp\/v2\/media?parent=1328"}],"wp:term":[{"taxonomy":"category","embeddable":true,"href":"http:\/\/www.av-rheinland.de\/index.php\/wp-json\/wp\/v2\/categories?post=1328"},{"taxonomy":"post_tag","embeddable":true,"href":"http:\/\/www.av-rheinland.de\/index.php\/wp-json\/wp\/v2\/tags?post=1328"}],"curies":[{"name":"wp","href":"https:\/\/api.w.org\/{rel}","templated":true}]}}