{"id":1156,"date":"2024-05-16T20:00:51","date_gmt":"2024-05-16T20:00:51","guid":{"rendered":"https:\/\/www.av-rheinland.de\/?p=1156"},"modified":"2024-05-07T10:40:22","modified_gmt":"2024-05-07T10:40:22","slug":"vortrag-13-06-2024-1815-uhr-dr-petra-tutlies-die-mitteleisenzeitliche-siedlung-bei-weilerswist","status":"publish","type":"post","link":"http:\/\/www.av-rheinland.de\/index.php\/2024\/05\/16\/vortrag-13-06-2024-1815-uhr-dr-petra-tutlies-die-mitteleisenzeitliche-siedlung-bei-weilerswist\/","title":{"rendered":"Vortrag 13.06.2024, 18:15 Uhr, Dr. Petra Tutlies &#8211; Die mitteleisenzeitliche Siedlung bei Weilerswist"},"content":{"rendered":"<p><strong><u>Bitte beachten Sie den Veranstaltungsort.<\/u><\/strong><\/p>\n<p><strong>Donnerstag, den 13. Juni 2024, 18:15 Uhr<\/strong><\/p>\n<p>LVR-Landesmuseum Bonn, Colmantstra\u00dfe 14\u201316<\/p>\n<p><strong>Dr. Petra Tutlies (Amt f\u00fcr Bodendenkmalpflege im Rheinland)<\/strong><\/p>\n<h1>Die mitteleisenzeitliche Siedlung bei Weilerswist<\/h1>\n<p>Eine Art Raiffeisen-Zentrale?<\/p>\n<p>Die Siedlungslandschaft der mittleren vorr\u00f6mischen Eisenzeit schien im n\u00f6rdlichen Rheinland bislang recht uniform: Stets geht es um mehrteilige Kleingeh\u00f6fte innerhalb ihres landwirtschaftlichen Nutzraumes. Hierzu stehen die Ergebnisse von Weilerswist in deutlichem Gegensatz: Auf der Ausgrabungsfl\u00e4che kamen zahlreiche Vorratsgruben und Speichergeb\u00e4ude f\u00fcr Produkte der Landwirtschaft zum Vorschein. Offenbar wurde hier Agrar-\u00dcberschuss gelagert und wohl auch verhandelt. Die verkehrsg\u00fcnstige Lage des Ortes l\u00e4dt zum Vergleich mit \u00e4hnlichen gleichzeitigen Orten in Mitteleuropa und zur kulturhistorischen Bewertung ein.<\/p>\n<figure id=\"attachment_1158\" aria-describedby=\"caption-attachment-1158\" style=\"width: 300px\" class=\"wp-caption alignnone\"><img data-attachment-id=\"1158\" data-permalink=\"http:\/\/www.av-rheinland.de\/index.php\/2024\/05\/16\/vortrag-13-06-2024-1815-uhr-dr-petra-tutlies-die-mitteleisenzeitliche-siedlung-bei-weilerswist\/nw_2011_0005_0046_0009_002\/\" data-orig-file=\"https:\/\/i0.wp.com\/www.av-rheinland.de\/wp-content\/uploads\/2024\/05\/NW_2011_0005_0046_0009_002-scaled.jpg?fit=2560%2C1920\" data-orig-size=\"2560,1920\" data-comments-opened=\"1\" data-image-meta=\"{&quot;aperture&quot;:&quot;4.7&quot;,&quot;credit&quot;:&quot;&quot;,&quot;camera&quot;:&quot;Caplio500Gwide&quot;,&quot;caption&quot;:&quot;&quot;,&quot;created_timestamp&quot;:&quot;1302780294&quot;,&quot;copyright&quot;:&quot;(C) Caplio 500G wide User&quot;,&quot;focal_length&quot;:&quot;5.8&quot;,&quot;iso&quot;:&quot;64&quot;,&quot;shutter_speed&quot;:&quot;0.0028571428571429&quot;,&quot;title&quot;:&quot;&quot;,&quot;orientation&quot;:&quot;1&quot;}\" data-image-title=\"NW_2011_0005_0046_0009_002\" data-image-description=\"\" data-image-caption=\"&lt;p&gt;Weilerswist-Vernich. Mehrere nebeneinander liegende Silogruben bilden eine Speicherbatterie, in der mehrere Hektoliter Getreide gelagert werden konnten. Foto Amt f\u00fcr Bodendenkmalpflege im Rheinland, Ausf\u00fchrung Ernst-Joachim Altmiks&lt;\/p&gt;\n\" data-medium-file=\"https:\/\/i0.wp.com\/www.av-rheinland.de\/wp-content\/uploads\/2024\/05\/NW_2011_0005_0046_0009_002-scaled.jpg?fit=300%2C225\" data-large-file=\"https:\/\/i0.wp.com\/www.av-rheinland.de\/wp-content\/uploads\/2024\/05\/NW_2011_0005_0046_0009_002-scaled.jpg?fit=525%2C394\" decoding=\"async\" loading=\"lazy\" class=\"wp-image-1158 size-medium\" src=\"https:\/\/i0.wp.com\/www.av-rheinland.de\/wp-content\/uploads\/2024\/05\/NW_2011_0005_0046_0009_002.jpg?resize=300%2C225\" alt=\"\" width=\"300\" height=\"225\" srcset=\"https:\/\/i0.wp.com\/www.av-rheinland.de\/wp-content\/uploads\/2024\/05\/NW_2011_0005_0046_0009_002-scaled.jpg?resize=300%2C225 300w, https:\/\/i0.wp.com\/www.av-rheinland.de\/wp-content\/uploads\/2024\/05\/NW_2011_0005_0046_0009_002-scaled.jpg?resize=1024%2C768 1024w, https:\/\/i0.wp.com\/www.av-rheinland.de\/wp-content\/uploads\/2024\/05\/NW_2011_0005_0046_0009_002-scaled.jpg?resize=768%2C576 768w, https:\/\/i0.wp.com\/www.av-rheinland.de\/wp-content\/uploads\/2024\/05\/NW_2011_0005_0046_0009_002-scaled.jpg?resize=1536%2C1152 1536w, https:\/\/i0.wp.com\/www.av-rheinland.de\/wp-content\/uploads\/2024\/05\/NW_2011_0005_0046_0009_002-scaled.jpg?resize=2048%2C1536 2048w\" sizes=\"(max-width: 300px) 100vw, 300px\" data-recalc-dims=\"1\" \/><figcaption id=\"caption-attachment-1158\" class=\"wp-caption-text\">Weilerswist-Vernich. Mehrere nebeneinander liegende Silogruben bilden eine Speicherbatterie, in der mehrere Hektoliter Getreide gelagert werden konnten. (Foto Amt f\u00fcr Bodendenkmalpflege im Rheinland, Ausf\u00fchrung Ernst-Joachim Altmiks)<\/figcaption><\/figure>\n","protected":false},"excerpt":{"rendered":"<p>Bitte beachten Sie den Veranstaltungsort. Donnerstag, den 13. Juni 2024, 18:15 Uhr LVR-Landesmuseum Bonn, Colmantstra\u00dfe 14\u201316 Dr. Petra Tutlies (Amt f\u00fcr Bodendenkmalpflege im Rheinland) Die mitteleisenzeitliche Siedlung bei Weilerswist Eine Art Raiffeisen-Zentrale? Die Siedlungslandschaft der mittleren vorr\u00f6mischen Eisenzeit schien im n\u00f6rdlichen Rheinland bislang recht uniform: Stets geht es um mehrteilige Kleingeh\u00f6fte innerhalb ihres landwirtschaftlichen Nutzraumes. &hellip; <\/p>\n<p class=\"link-more\"><a href=\"http:\/\/www.av-rheinland.de\/index.php\/2024\/05\/16\/vortrag-13-06-2024-1815-uhr-dr-petra-tutlies-die-mitteleisenzeitliche-siedlung-bei-weilerswist\/\" class=\"more-link\"><span class=\"screen-reader-text\">\u201eVortrag 13.06.2024, 18:15 Uhr, Dr. Petra Tutlies &#8211; Die mitteleisenzeitliche Siedlung bei Weilerswist\u201c<\/span> weiterlesen<\/a><\/p>\n","protected":false},"author":1,"featured_media":0,"comment_status":"open","ping_status":"open","sticky":false,"template":"","format":"standard","meta":{"jetpack_post_was_ever_published":false,"_jetpack_newsletter_access":"","_jetpack_newsletter_tier_id":0,"jetpack_publicize_message":"","jetpack_is_tweetstorm":false,"jetpack_publicize_feature_enabled":true,"jetpack_social_post_already_shared":true,"jetpack_social_options":{"image_generator_settings":{"template":"highway","enabled":false}}},"categories":[3],"tags":[],"jetpack_publicize_connections":[],"jetpack_featured_media_url":"","jetpack_sharing_enabled":true,"jetpack_shortlink":"https:\/\/wp.me\/p99Kwc-iE","jetpack_likes_enabled":true,"jetpack-related-posts":[{"id":972,"url":"http:\/\/www.av-rheinland.de\/index.php\/2023\/05\/12\/vortrag-15-06-2023-1815-uhr-axel-filges-steinreihen-unguentarien-und-tanzende-maedchen\/","url_meta":{"origin":1156,"position":0},"title":"Vortrag 15.06.2023, 18:15 Uhr Axel Filges, Steinreihen, Unguentarien und tanzende M\u00e4dchen","author":"altertumsverein","date":"Mai 12, 2023","format":false,"excerpt":"Donnerstag, den 15. Juni 2023, 18:15 Uhr KIassische Arch\u00e4ologie und Akademisches Kunstmuseum, R\u00f6merstra\u00dfe 164, 53117 Bonn Dr. Axel Filges (Frankfurt) Steinreihen, Unguentarien und tanzende M\u00e4dchen Neue Forschungen in einem unbekannten Priene Priene gilt als eine Art Musterstadt im antiken Kleinasien mit ber\u00fchmten Bauten, strikt orthogonalem Stra\u00dfensystem und landschaftlich beeindruckender Lage\u2026","rel":"","context":"In &quot;Vortr\u00e4ge&quot;","block_context":{"text":"Vortr\u00e4ge","link":"http:\/\/www.av-rheinland.de\/index.php\/category\/vortrage\/"},"img":{"alt_text":"","src":"https:\/\/i0.wp.com\/www.av-rheinland.de\/wp-content\/uploads\/2023\/05\/Luftbild-1-300x228.jpg?resize=350%2C200","width":350,"height":200},"classes":[]},{"id":754,"url":"http:\/\/www.av-rheinland.de\/index.php\/2022\/11\/11\/vortrag-19-05-2022-1800-uhr-thomas-stoellner-tod-im-salz-2\/","url_meta":{"origin":1156,"position":1},"title":"Vortrag 24.11.2022, 18:00 Uhr Thomas St\u00f6llner, Tod im Salz","author":"altertumsverein","date":"November 11, 2022","format":false,"excerpt":"Donnerstag, 24. November 2022, 18:00 Uhr (urspr\u00fcnglich angek\u00fcndigt f\u00fcr 19. Mai 2022) Klassische Arch\u00e4ologie und Akademisches Kunstmuseums, R\u00f6merstra\u00dfe 164, 53117 Bonn Prof. Dr. Thomas St\u00f6llner (Ruhr-Universit\u00e4t Bochum und Deutsches Bergbau-Museum Bochum) Tod im Salz Einblicke in eine antike Bergbaukatastrophe und in die Wirtschaftsgeschichte des antiken Persien Im Winter 1993 wurden\u2026","rel":"","context":"In &quot;Vortr\u00e4ge&quot;","block_context":{"text":"Vortr\u00e4ge","link":"http:\/\/www.av-rheinland.de\/index.php\/category\/vortrage\/"},"img":{"alt_text":"","src":"","width":0,"height":0},"classes":[]},{"id":1117,"url":"http:\/\/www.av-rheinland.de\/index.php\/2024\/03\/14\/vortrag-11-04-2024-1815-uhr-prof-dr-oliver-stoll-terror-mord-und-versklavung-eine-typisch-roemische-belagerung\/","url_meta":{"origin":1156,"position":2},"title":"Vortrag 11.04.2024, 18:15 Uhr, Prof. Dr. Oliver Stoll, Terror, Mord und Versklavung &#8211; eine typisch r\u00f6mische Belagerung?","author":"altertumsverein","date":"M\u00e4rz 14, 2024","format":false,"excerpt":"Donnerstag, den 11. April 2024, 18:15 Uhr H\u00f6rsaal der Klassischen Arch\u00e4ologie, AVZ III, R\u00f6merstra\u00dfe 164, Bonn Prof. Dr. Oliver Stoll (Universit\u00e4t Passau) Terror, Mord und Versklavung - eine typisch r\u00f6mische Belagerung? Die Eroberung der nordgalil\u00e4ischen Siedlung Jotapata 67 n. Chr. bei Flavius Josephus Im Bellum ludaicum bietet Flavius Josephus eine\u2026","rel":"","context":"In &quot;Vortr\u00e4ge&quot;","block_context":{"text":"Vortr\u00e4ge","link":"http:\/\/www.av-rheinland.de\/index.php\/category\/vortrage\/"},"img":{"alt_text":"","src":"https:\/\/i0.wp.com\/www.av-rheinland.de\/wp-content\/uploads\/2024\/02\/Jotapata-300x217.jpg?resize=350%2C200","width":350,"height":200},"classes":[]},{"id":656,"url":"http:\/\/www.av-rheinland.de\/index.php\/2021\/07\/15\/vortrag-2-9-2021-1815-uhr-jan-schuster-kein-prunk-ohne-rom\/","url_meta":{"origin":1156,"position":3},"title":"Vortrag 2.9.2021, 18:15 Uhr Jan Schuster, Kein Prunk ohne Rom","author":"altertumsverein","date":"Juli 15, 2021","format":false,"excerpt":"Donnerstag 2. September 2021, 18:15 Uhr Ort: LVR-LandesMuseum Bonn, Colmantstra\u00dfe 14-16, 53115 Bonn \u00a0Dr. Jan Schuster (Universit\u00e4t \u0141\u00f3d\u017a) Kein Prunk ohne Rom Die abh\u00e4ngigen germanischen Eliten in der R\u00f6mischen Kaiserzeit Das Bild der Forschung von den Spitzen der sozialen Hierarchie in der Germania magna ist stark von der Auseinandersetzung der\u2026","rel":"","context":"In &quot;Vortr\u00e4ge&quot;","block_context":{"text":"Vortr\u00e4ge","link":"http:\/\/www.av-rheinland.de\/index.php\/category\/vortrage\/"},"img":{"alt_text":"Alle bekannten r\u00f6mischen Kessel, auf denen Germanen mit Suebenknoten dargestellt sind, wurden au\u00dferhalb des R\u00f6mischen Reiches gefunden und waren vermutlich meist als Geschenk dorthin gekommen. Hier die Attasche des St\u00fcckes von Czarn\u00f3wko (Polen), Grab R430, aus der zweiten H\u00e4lfte des zweiten Jahrhunderts. Foto: Jan Schuster.","src":"https:\/\/i0.wp.com\/www.av-rheinland.de\/wp-content\/uploads\/2021\/07\/IMG_3983-scaled.jpg?fit=1200%2C800&resize=350%2C200","width":350,"height":200,"srcset":"https:\/\/i0.wp.com\/www.av-rheinland.de\/wp-content\/uploads\/2021\/07\/IMG_3983-scaled.jpg?fit=1200%2C800&resize=350%2C200 1x, https:\/\/i0.wp.com\/www.av-rheinland.de\/wp-content\/uploads\/2021\/07\/IMG_3983-scaled.jpg?fit=1200%2C800&resize=525%2C300 1.5x, https:\/\/i0.wp.com\/www.av-rheinland.de\/wp-content\/uploads\/2021\/07\/IMG_3983-scaled.jpg?fit=1200%2C800&resize=700%2C400 2x, https:\/\/i0.wp.com\/www.av-rheinland.de\/wp-content\/uploads\/2021\/07\/IMG_3983-scaled.jpg?fit=1200%2C800&resize=1050%2C600 3x"},"classes":[]},{"id":988,"url":"http:\/\/www.av-rheinland.de\/index.php\/2023\/06\/19\/vortrag-13-07-2023-1815-uhr-dr-paul-scheding-der-unrasierte-gott\/","url_meta":{"origin":1156,"position":4},"title":"Vortrag 13.07.2023, 18:15 Uhr Dr. Paul Scheding, Der unrasierte Gott","author":"altertumsverein","date":"Juni 19, 2023","format":false,"excerpt":"Donnerstag 13. Juli 2023, 18:15 h KIassische Arch\u00e4ologie und Akademisches Kunstmuseum, R\u00f6merstra\u00dfe 164, 53117 Bonn \u00a0Dr. Paul Scheding (M\u00fcnchen)\u00a0 Der unrasierte Gott Ausgrabungen im sogenannten Heiligtum des Iuppiter Anxur in Terracina Die Stadt Terracina liegt an der K\u00fcste Mittelitaliens ungef\u00e4hr auf halber Strecke zwischen Rom und Neapel. Sie ist aus\u2026","rel":"","context":"In &quot;Vortr\u00e4ge&quot;","block_context":{"text":"Vortr\u00e4ge","link":"http:\/\/www.av-rheinland.de\/index.php\/category\/vortrage\/"},"img":{"alt_text":"","src":"https:\/\/i0.wp.com\/www.av-rheinland.de\/wp-content\/uploads\/2023\/06\/Heiligtum_Iupiter_Anxur-300x196.jpg?resize=350%2C200","width":350,"height":200},"classes":[]},{"id":1198,"url":"http:\/\/www.av-rheinland.de\/index.php\/2024\/12\/12\/vortrag-16-01-2025-1815-uhr-prof-dr-hartmut-matthaeus-prinias-ein-urbanes-zentrum-des-fruehen-ersten-jahrtausends-v-chr-auf-der-insel-kreta\/","url_meta":{"origin":1156,"position":5},"title":"Vortrag 16.01.2025, 18:15 Uhr, Prof. Dr. Hartmut Matth\u00e4us &#8211; Prinias: ein urbanes Zentrum des fr\u00fchen ersten Jahrtausends v. Chr. auf der Insel Kreta","author":"altertumsverein","date":"Dezember 12, 2024","format":false,"excerpt":"Donnerstag, den 16. Januar 2025, 18:15 Uhr H\u00f6rsaal der Klassischen Arch\u00e4ologie, AVZ III, R\u00f6merstra\u00dfe 164, Bonn Prof. Dr. Hartmut Matth\u00e4us (Universit\u00e4t Erlangen) Prinias: ein urbanes Zentrum des fr\u00fchen ersten Jahrtausends v. Chr. auf der Insel Kreta Stadtanlage, Nekropole, transmaritime Beziehungen w\u00e4hrend der ,Dark Ages\u02bb Prinias liegt an strategisch g\u00fcnstiger Position\u2026","rel":"","context":"In &quot;Vortr\u00e4ge&quot;","block_context":{"text":"Vortr\u00e4ge","link":"http:\/\/www.av-rheinland.de\/index.php\/category\/vortrage\/"},"img":{"alt_text":"","src":"https:\/\/i0.wp.com\/www.av-rheinland.de\/wp-content\/uploads\/2024\/12\/IMG_4685-300x200.jpg?resize=350%2C200","width":350,"height":200},"classes":[]}],"_links":{"self":[{"href":"http:\/\/www.av-rheinland.de\/index.php\/wp-json\/wp\/v2\/posts\/1156"}],"collection":[{"href":"http:\/\/www.av-rheinland.de\/index.php\/wp-json\/wp\/v2\/posts"}],"about":[{"href":"http:\/\/www.av-rheinland.de\/index.php\/wp-json\/wp\/v2\/types\/post"}],"author":[{"embeddable":true,"href":"http:\/\/www.av-rheinland.de\/index.php\/wp-json\/wp\/v2\/users\/1"}],"replies":[{"embeddable":true,"href":"http:\/\/www.av-rheinland.de\/index.php\/wp-json\/wp\/v2\/comments?post=1156"}],"version-history":[{"count":3,"href":"http:\/\/www.av-rheinland.de\/index.php\/wp-json\/wp\/v2\/posts\/1156\/revisions"}],"predecessor-version":[{"id":1161,"href":"http:\/\/www.av-rheinland.de\/index.php\/wp-json\/wp\/v2\/posts\/1156\/revisions\/1161"}],"wp:attachment":[{"href":"http:\/\/www.av-rheinland.de\/index.php\/wp-json\/wp\/v2\/media?parent=1156"}],"wp:term":[{"taxonomy":"category","embeddable":true,"href":"http:\/\/www.av-rheinland.de\/index.php\/wp-json\/wp\/v2\/categories?post=1156"},{"taxonomy":"post_tag","embeddable":true,"href":"http:\/\/www.av-rheinland.de\/index.php\/wp-json\/wp\/v2\/tags?post=1156"}],"curies":[{"name":"wp","href":"https:\/\/api.w.org\/{rel}","templated":true}]}}