{"id":1020,"date":"2023-08-11T09:30:39","date_gmt":"2023-08-11T09:30:39","guid":{"rendered":"https:\/\/www.av-rheinland.de\/?p=1020"},"modified":"2023-08-03T09:38:33","modified_gmt":"2023-08-03T09:38:33","slug":"vortrag-21-09-2023-1815-uhr-dr-elke-nieveler-kriegereliten-im-rheinland","status":"publish","type":"post","link":"http:\/\/www.av-rheinland.de\/index.php\/2023\/08\/11\/vortrag-21-09-2023-1815-uhr-dr-elke-nieveler-kriegereliten-im-rheinland\/","title":{"rendered":"Vortrag 21.09.2023, 18:15 Uhr Dr. Elke Nieveler, Kriegereliten im Rheinland"},"content":{"rendered":"<p><strong>Donnerstag, 21.09.2023, 18:15 Uhr<\/strong><\/p>\n<p>LVR-Landesmuseum Bonn, Colmantstra\u00dfe 14\u201316<\/p>\n<p><strong>Dr. Elke Nieveler\u00a0<\/strong><\/p>\n<p><strong>Kriegereliten im Rheinland<\/strong><\/p>\n<p>Nach der Konsolidierungsphase des Fr\u00e4nkischen Reiches war die zweite H\u00e4lfte des sechsten Jahrhunderts durch Machtk\u00e4mpfe im Inneren und weitere Expansionsbestrebungen nach au\u00dfen gekennzeichnet. In den arch\u00e4ologischen Quellen wird dies besonders gut fassbar an Grabbeigaben, die die Bestatteten als schwerbewaffnete, meist berittene Krieger mit internationalen Verbindungen erkennen lassen. Unter anderem ausgehend von der Bearbeitung des Grabes\u00a039 aus Wesel-Bislich, dem Grab des Bodi, werden Methoden der Forschung, ihre Ergebnisse und Perspektiven dargestellt.<\/p>\n<p><img data-attachment-id=\"1023\" data-permalink=\"http:\/\/www.av-rheinland.de\/index.php\/2023\/08\/11\/vortrag-21-09-2023-1815-uhr-dr-elke-nieveler-kriegereliten-im-rheinland\/panzer-rekonstruktion4\/\" data-orig-file=\"https:\/\/i0.wp.com\/www.av-rheinland.de\/wp-content\/uploads\/2023\/08\/Panzer-Rekonstruktion4.jpg?fit=2500%2C1878\" data-orig-size=\"2500,1878\" data-comments-opened=\"1\" data-image-meta=\"{&quot;aperture&quot;:&quot;16&quot;,&quot;credit&quot;:&quot;J\\u00fcrgen Vogel\\\/LandesMuseum Bonn&quot;,&quot;camera&quot;:&quot;IQ180&quot;,&quot;caption&quot;:&quot;&quot;,&quot;created_timestamp&quot;:&quot;1666001793&quot;,&quot;copyright&quot;:&quot;&quot;,&quot;focal_length&quot;:&quot;120&quot;,&quot;iso&quot;:&quot;50&quot;,&quot;shutter_speed&quot;:&quot;0.008&quot;,&quot;title&quot;:&quot;&quot;,&quot;orientation&quot;:&quot;1&quot;}\" data-image-title=\"Panzer-Rekonstruktion#4\" data-image-description=\"\" data-image-caption=\"\" data-medium-file=\"https:\/\/i0.wp.com\/www.av-rheinland.de\/wp-content\/uploads\/2023\/08\/Panzer-Rekonstruktion4.jpg?fit=300%2C225\" data-large-file=\"https:\/\/i0.wp.com\/www.av-rheinland.de\/wp-content\/uploads\/2023\/08\/Panzer-Rekonstruktion4.jpg?fit=525%2C394\" decoding=\"async\" loading=\"lazy\" class=\"alignnone size-medium wp-image-1023\" src=\"https:\/\/i0.wp.com\/www.av-rheinland.de\/wp-content\/uploads\/2023\/08\/Panzer-Rekonstruktion4.jpg?resize=300%2C225\" alt=\"\" width=\"300\" height=\"225\" srcset=\"https:\/\/i0.wp.com\/www.av-rheinland.de\/wp-content\/uploads\/2023\/08\/Panzer-Rekonstruktion4.jpg?resize=300%2C225 300w, https:\/\/i0.wp.com\/www.av-rheinland.de\/wp-content\/uploads\/2023\/08\/Panzer-Rekonstruktion4.jpg?resize=1024%2C769 1024w, https:\/\/i0.wp.com\/www.av-rheinland.de\/wp-content\/uploads\/2023\/08\/Panzer-Rekonstruktion4.jpg?resize=768%2C577 768w, https:\/\/i0.wp.com\/www.av-rheinland.de\/wp-content\/uploads\/2023\/08\/Panzer-Rekonstruktion4.jpg?resize=1536%2C1154 1536w, https:\/\/i0.wp.com\/www.av-rheinland.de\/wp-content\/uploads\/2023\/08\/Panzer-Rekonstruktion4.jpg?resize=2048%2C1538 2048w\" sizes=\"(max-width: 300px) 100vw, 300px\" data-recalc-dims=\"1\" \/><\/p>\n<p>Bildunterschrift: Wesel-Bislich Grab 39, Detailansicht der Brustpanzerung.\u00a0\u2013 Bildrechte: \u00a0LVR-Landesmuseum Bonn, Ausf\u00fchrung J\u00fcrgen Vogel.<\/p>\n","protected":false},"excerpt":{"rendered":"<p>Donnerstag, 21.09.2023, 18:15 Uhr LVR-Landesmuseum Bonn, Colmantstra\u00dfe 14\u201316 Dr. Elke Nieveler\u00a0 Kriegereliten im Rheinland Nach der Konsolidierungsphase des Fr\u00e4nkischen Reiches war die zweite H\u00e4lfte des sechsten Jahrhunderts durch Machtk\u00e4mpfe im Inneren und weitere Expansionsbestrebungen nach au\u00dfen gekennzeichnet. In den arch\u00e4ologischen Quellen wird dies besonders gut fassbar an Grabbeigaben, die die Bestatteten als schwerbewaffnete, meist berittene &hellip; <\/p>\n<p class=\"link-more\"><a href=\"http:\/\/www.av-rheinland.de\/index.php\/2023\/08\/11\/vortrag-21-09-2023-1815-uhr-dr-elke-nieveler-kriegereliten-im-rheinland\/\" class=\"more-link\"><span class=\"screen-reader-text\">\u201eVortrag 21.09.2023, 18:15 Uhr Dr. Elke Nieveler, Kriegereliten im Rheinland\u201c<\/span> weiterlesen<\/a><\/p>\n","protected":false},"author":1,"featured_media":0,"comment_status":"open","ping_status":"open","sticky":false,"template":"","format":"standard","meta":{"jetpack_post_was_ever_published":false,"_jetpack_newsletter_access":"","_jetpack_newsletter_tier_id":0,"jetpack_publicize_message":"","jetpack_is_tweetstorm":false,"jetpack_publicize_feature_enabled":true,"jetpack_social_post_already_shared":true,"jetpack_social_options":{"image_generator_settings":{"template":"highway","enabled":false}}},"categories":[1,3],"tags":[],"jetpack_publicize_connections":[],"jetpack_featured_media_url":"","jetpack_sharing_enabled":true,"jetpack_shortlink":"https:\/\/wp.me\/p99Kwc-gs","jetpack_likes_enabled":true,"jetpack-related-posts":[{"id":272,"url":"http:\/\/www.av-rheinland.de\/index.php\/2018\/02\/20\/vortragsreihe-zum-europaeischen-kulturerbejahr-2018-sharing-heritage\/","url_meta":{"origin":1020,"position":0},"title":"Vortragsreihe zum Europ\u00e4ischen Kulturerbejahr 2018 (Sharing Heritage)","author":"altertumsverein","date":"Februar 20, 2018","format":false,"excerpt":"Im Fokus des Kulturerbejahres steht das Gemeinschaftliche und Verbindende europ\u00e4ischer Kultur. Gemeinsam werfen wir einen Blick auf unser kulturelles Erbe: Wo erkennen wir das europ\u00e4ische Erbe in unseren St\u00e4dten, D\u00f6rfern und Kulturlandschaften wieder? Was verbindet uns? Was wollen wir ver\u00e4ndern? Was k\u00f6nnen wir lernen? Was entdecken wir neu und \u00fcberrascht\u2026","rel":"","context":"In &quot;Vortr\u00e4ge&quot;","block_context":{"text":"Vortr\u00e4ge","link":"http:\/\/www.av-rheinland.de\/index.php\/category\/vortrage\/"},"img":{"alt_text":"Europ\u00c3\u00a4isches Kulturerbejahr 2018 - Sharing Heritage","src":"https:\/\/i0.wp.com\/www.av-rheinland.de\/wp-content\/uploads\/2018\/01\/SH_A4_wm_p_DEU-1024x723.jpg?resize=350%2C200","width":350,"height":200,"srcset":"https:\/\/i0.wp.com\/www.av-rheinland.de\/wp-content\/uploads\/2018\/01\/SH_A4_wm_p_DEU-1024x723.jpg?resize=350%2C200 1x, https:\/\/i0.wp.com\/www.av-rheinland.de\/wp-content\/uploads\/2018\/01\/SH_A4_wm_p_DEU-1024x723.jpg?resize=525%2C300 1.5x"},"classes":[]},{"id":1000,"url":"http:\/\/www.av-rheinland.de\/index.php\/2023\/07\/18\/vortrag-10-08-2023-1800-uhr-egon-wamers-panzerreiter-im-svea-reich\/","url_meta":{"origin":1020,"position":1},"title":"Vortrag 10.08.2023, 18:15 Uhr Egon Wamers, Panzerreiter im Svea-Reich","author":"altertumsverein","date":"Juli 18, 2023","format":false,"excerpt":"Donnerstag, 10.08.2023, 18:15 Uhr LVR-Landesmuseum Bonn, Colmantstr. 18, 53115 Bonn Prof. Dr. Egon Wamers (Frankfurt) Panzerreiter im Svea-Reich Die martialischen Bootgr\u00e4ber von Valsg\u00e4rde und Vendel und die altschwedische K\u00f6nigsresidenz von Gamla Uppsala In der Mitte des sechsten nachchristlichen Jahrhunderts tritt im schwedischen M\u00e4larsee-Gebiet eine neue Form von aristokratischen Kriegergr\u00e4bern auf.\u2026","rel":"","context":"In &quot;Vortr\u00e4ge&quot;","block_context":{"text":"Vortr\u00e4ge","link":"http:\/\/www.av-rheinland.de\/index.php\/category\/vortrage\/"},"img":{"alt_text":"","src":"https:\/\/i0.wp.com\/www.av-rheinland.de\/wp-content\/uploads\/2023\/07\/Illu-Valsgaerde-7_J.Andersson_klein.jpg?resize=350%2C200","width":350,"height":200,"srcset":"https:\/\/i0.wp.com\/www.av-rheinland.de\/wp-content\/uploads\/2023\/07\/Illu-Valsgaerde-7_J.Andersson_klein.jpg?resize=350%2C200 1x, https:\/\/i0.wp.com\/www.av-rheinland.de\/wp-content\/uploads\/2023\/07\/Illu-Valsgaerde-7_J.Andersson_klein.jpg?resize=525%2C300 1.5x"},"classes":[]},{"id":656,"url":"http:\/\/www.av-rheinland.de\/index.php\/2021\/07\/15\/vortrag-2-9-2021-1815-uhr-jan-schuster-kein-prunk-ohne-rom\/","url_meta":{"origin":1020,"position":2},"title":"Vortrag 2.9.2021, 18:15 Uhr Jan Schuster, Kein Prunk ohne Rom","author":"altertumsverein","date":"Juli 15, 2021","format":false,"excerpt":"Donnerstag 2. September 2021, 18:15 Uhr Ort: LVR-LandesMuseum Bonn, Colmantstra\u00dfe 14-16, 53115 Bonn \u00a0Dr. Jan Schuster (Universit\u00e4t \u0141\u00f3d\u017a) Kein Prunk ohne Rom Die abh\u00e4ngigen germanischen Eliten in der R\u00f6mischen Kaiserzeit Das Bild der Forschung von den Spitzen der sozialen Hierarchie in der Germania magna ist stark von der Auseinandersetzung der\u2026","rel":"","context":"In &quot;Vortr\u00e4ge&quot;","block_context":{"text":"Vortr\u00e4ge","link":"http:\/\/www.av-rheinland.de\/index.php\/category\/vortrage\/"},"img":{"alt_text":"Alle bekannten r\u00f6mischen Kessel, auf denen Germanen mit Suebenknoten dargestellt sind, wurden au\u00dferhalb des R\u00f6mischen Reiches gefunden und waren vermutlich meist als Geschenk dorthin gekommen. Hier die Attasche des St\u00fcckes von Czarn\u00f3wko (Polen), Grab R430, aus der zweiten H\u00e4lfte des zweiten Jahrhunderts. Foto: Jan Schuster.","src":"https:\/\/i0.wp.com\/www.av-rheinland.de\/wp-content\/uploads\/2021\/07\/IMG_3983-scaled.jpg?fit=1200%2C800&resize=350%2C200","width":350,"height":200,"srcset":"https:\/\/i0.wp.com\/www.av-rheinland.de\/wp-content\/uploads\/2021\/07\/IMG_3983-scaled.jpg?fit=1200%2C800&resize=350%2C200 1x, https:\/\/i0.wp.com\/www.av-rheinland.de\/wp-content\/uploads\/2021\/07\/IMG_3983-scaled.jpg?fit=1200%2C800&resize=525%2C300 1.5x, https:\/\/i0.wp.com\/www.av-rheinland.de\/wp-content\/uploads\/2021\/07\/IMG_3983-scaled.jpg?fit=1200%2C800&resize=700%2C400 2x, https:\/\/i0.wp.com\/www.av-rheinland.de\/wp-content\/uploads\/2021\/07\/IMG_3983-scaled.jpg?fit=1200%2C800&resize=1050%2C600 3x"},"classes":[]},{"id":1375,"url":"http:\/\/www.av-rheinland.de\/index.php\/2026\/01\/27\/vortrag-26-02-2026-1815-uhr-julia-ruecker-lisa-meffire-frank-willer-neue-erkenntnisse-zur-bronzezeit\/","url_meta":{"origin":1020,"position":3},"title":"Vortrag 26.02.2026, 18:15 Uhr, Julia R\u00fccker, Lisa Meffire, Frank Willer &#8211; Neue Erkenntnisse zur Bronzezeit","author":"altertumsverein","date":"Januar 27, 2026","format":false,"excerpt":"Donnerstag, den 26. Februar 2026, 18:15 Uhr Vortragssaal des LVR-LandesMuseums Bonn Julia R\u00fccker, Lisa Meffire und Frank Willer Neue Erkenntnisse zur Bronzezeit \u2013 Der Lanzenspitzenhort von Voerde Spellen, Kr. Wesel Im Jahr 2019 wurde dem LVR-Amt f\u00fcr Bodendenkmalpflege im Rheinland ein au\u00dfergew\u00f6hnlicher sp\u00e4tbronzezeitlicher Hortfund (900 bis 800 v. Chr.) gemeldet.\u2026","rel":"","context":"\u00c4hnlicher Beitrag","block_context":{"text":"\u00c4hnlicher Beitrag","link":""},"img":{"alt_text":"","src":"","width":0,"height":0},"classes":[]},{"id":1252,"url":"http:\/\/www.av-rheinland.de\/index.php\/2025\/02\/26\/vortrag-13-03-2025-1815-uhr-klaus-frank-das-bergische-land-im-ersten-vorchristlichen-jahrhundert\/","url_meta":{"origin":1020,"position":4},"title":"Vortrag 13.03.2025, 18:15 Uhr, Klaus Frank &#8211; Das Bergische Land im ersten vorchristlichen Jahrhundert","author":"altertumsverein","date":"Februar 26, 2025","format":false,"excerpt":"Bitte beachten Sie den Veranstaltungsort. Donnerstag, den 13. M\u00e4rz 2025, 18:15 Uhr LVR-Landesmuseum Bonn, Colmantstra\u00dfe 14\u201316 Klaus Frank (ehem. Amt f\u00fcr Bodendenkmalpflege im Rheinland) Das Bergische Land im ersten vorchristlichen Jahrhundert Kelten und Germanen in Koexistenz und Konkurrenz? Aktuelle Untersuchungen an Befestigungsanlagen im Bergischen Land zeigen \u00fcberraschende Ergebnisse zur Besiedlungsgeschichte:\u2026","rel":"","context":"In &quot;Vortr\u00e4ge&quot;","block_context":{"text":"Vortr\u00e4ge","link":"http:\/\/www.av-rheinland.de\/index.php\/category\/vortrage\/"},"img":{"alt_text":"","src":"https:\/\/i0.wp.com\/www.av-rheinland.de\/wp-content\/uploads\/2025\/02\/E_2017_148_96-14-287x300.jpg?resize=350%2C200","width":350,"height":200},"classes":[]},{"id":519,"url":"http:\/\/www.av-rheinland.de\/index.php\/2019\/10\/18\/vortrag-14-11-2019-1815-uhr-erich-classen-archaeologie-und-bodendenkmalpflege-im-rheinland-anhand-aktueller-beispiele\/","url_meta":{"origin":1020,"position":5},"title":"Vortrag 14.11.2019, 18:15 Uhr: Dr. Jens Berthold &#8211; M\u00fchlenarch\u00e4ologie","author":"altertumsverein","date":"Oktober 18, 2019","format":false,"excerpt":"Donnerstag 14. November 2019, 18:15 Uhr Dr. Jens Berthold (Au\u00dfenstelle Overath des LVR-Amtes f\u00fcr Bodendenkmalpflege im Rheinland) M\u00fchlenarch\u00e4ologie.\u00a0Was bleibt nach dem letzten Klappern? H\u00f6rsaal des Akademischen Kunstmuseums Bonn, Am Hofgarten 21, 53113 Bonn M\u00fchlen waren in der Arch\u00e4ologie Deutschlands lange ein vernachl\u00e4ssigtes Thema. Insbesondere die von Wasser und Wind betriebenen\u2026","rel":"","context":"In &quot;Vortr\u00e4ge&quot;","block_context":{"text":"Vortr\u00e4ge","link":"http:\/\/www.av-rheinland.de\/index.php\/category\/vortrage\/"},"img":{"alt_text":"","src":"","width":0,"height":0},"classes":[]}],"_links":{"self":[{"href":"http:\/\/www.av-rheinland.de\/index.php\/wp-json\/wp\/v2\/posts\/1020"}],"collection":[{"href":"http:\/\/www.av-rheinland.de\/index.php\/wp-json\/wp\/v2\/posts"}],"about":[{"href":"http:\/\/www.av-rheinland.de\/index.php\/wp-json\/wp\/v2\/types\/post"}],"author":[{"embeddable":true,"href":"http:\/\/www.av-rheinland.de\/index.php\/wp-json\/wp\/v2\/users\/1"}],"replies":[{"embeddable":true,"href":"http:\/\/www.av-rheinland.de\/index.php\/wp-json\/wp\/v2\/comments?post=1020"}],"version-history":[{"count":5,"href":"http:\/\/www.av-rheinland.de\/index.php\/wp-json\/wp\/v2\/posts\/1020\/revisions"}],"predecessor-version":[{"id":1030,"href":"http:\/\/www.av-rheinland.de\/index.php\/wp-json\/wp\/v2\/posts\/1020\/revisions\/1030"}],"wp:attachment":[{"href":"http:\/\/www.av-rheinland.de\/index.php\/wp-json\/wp\/v2\/media?parent=1020"}],"wp:term":[{"taxonomy":"category","embeddable":true,"href":"http:\/\/www.av-rheinland.de\/index.php\/wp-json\/wp\/v2\/categories?post=1020"},{"taxonomy":"post_tag","embeddable":true,"href":"http:\/\/www.av-rheinland.de\/index.php\/wp-json\/wp\/v2\/tags?post=1020"}],"curies":[{"name":"wp","href":"https:\/\/api.w.org\/{rel}","templated":true}]}}